{"id":566965,"date":"2022-11-24T00:08:21","date_gmt":"2022-11-24T06:08:21","guid":{"rendered":"https:\/\/www.diarioimagen.net\/?p=566965"},"modified":"2022-11-23T23:43:19","modified_gmt":"2022-11-24T05:43:19","slug":"otro-periodista-asesinado-12","status":"publish","type":"post","link":"https:\/\/www.diarioimagen.net\/?p=566965","title":{"rendered":"Otro periodista asesinado"},"content":{"rendered":"<h2>Punto por punto<\/h2>\n<h5>Augusto Corro<\/h5>\n<p>&nbsp;<\/p>\n<p>M\u00e9xico reafirma su condici\u00f3n de ser uno de los pa\u00edses m\u00e1s peligrosos para ejercer el periodismo.<\/p>\n<p>El lunes en la tarde fue asesinado a balazos el reportero y locutor Pedro Pablo Kumul en Xalapa, Veracruz.<\/p>\n<p>Tambi\u00e9n en la citada entidad se inform\u00f3 de la desaparici\u00f3n del comunicador, Francisco Hern\u00e1ndez Elvira. En el presente a\u00f1o van 17 periodistas asesinados.<\/p>\n<p>Kumul se desempe\u00f1aba como reportero y locutor de AX Noticias y de Es Amor 104.5 HD, cuando conduc\u00eda un taxi.<\/p>\n<p>Los presuntos homicidas lograron escapar.<\/p>\n<p>Seg\u00fan la organizaci\u00f3n Art\u00edculo 19, desde el 2000 van 155 comunicadores asesinados.<\/p>\n<p>En el caso de Hern\u00e1ndez Elvira se perdi\u00f3 contacto con el periodista desde el 20 de noviembre.<\/p>\n<p>De acuerdo con la informaci\u00f3n de Radio Az\u00facar, del municipio de Isla, Veracruz, los familiares del comunicador encontraron derribada la puerta de su departamento y su mascota muerta.<\/p>\n<p>Las cifras de cr\u00edmenes contra periodistas llevaron a calificar a M\u00e9xico como el pa\u00eds \u201cm\u00e1s mort\u00edfero para la prensa en el mundo\u2019\u2019.<\/p>\n<p>Cabe se\u00f1alar que los asesinos de periodistas gozan de impunidad.<\/p>\n<p style=\"text-align: center;\"><strong>Monreal, contra viento y marea<\/strong><\/p>\n<p>El l\u00edder del Senado, Ricardo Monreal \u00c1vila, declar\u00f3 que no ser\u00e1 instrumento para la simulaci\u00f3n en las elecciones presidenciales de 2024.<\/p>\n<p>El legislador morenista defendi\u00f3 su situaci\u00f3n pol\u00edtica ante una ola de rumores en el sentido de que ser\u00eda un \u201cCaballo de Troya\u201d para dividir a la oposici\u00f3n.<\/p>\n<p>En Twitter record\u00f3 su trayectoria pol\u00edtica:<\/p>\n<p>\u201cEn 1998 renunci\u00e9 al PRI. Con el PRD y gracias a la gente ganamos. Los despistados afirmaron, sin raz\u00f3n, que era comparsa. Particip\u00e9 en PT, MC y fund\u00e9 Morena. Tengo buena relaci\u00f3n con todos y honrar\u00e9 mi palabra, no ser\u00e9 instrumento de simulaci\u00f3n. Creo en la democracia y dignidad\u201d.<\/p>\n<p>El senador zacatecano es uno de los aspirantes presidenciales de Morena destapados por el propio presidente L\u00f3pez Obrador.<\/p>\n<p>Monreal \u00c1vila tendr\u00e1 que intensificar su lucha por la candidatura presidencial, pues, seg\u00fan los analistas, es la doctora Claudia Sheinbaum, es la corcholata preferida del mandatario tabasque\u00f1o.<\/p>\n<p>Quiz\u00e1s molesto por lo que ocurre en su partido, el l\u00edder del Senado declar\u00f3 que en diciembre decidir\u00e1 si contin\u00faa o no en Morena.<\/p>\n<p style=\"text-align: center;\"><strong>Sheinbaum, muy activa<\/strong><\/p>\n<p>Es la jefa de Gobierno de la Ciudad de M\u00e9xico (CDMX), Claudia Sheinbaum, la que realiza una intensa actividad los fines de semana, pues se va a recorrer el pa\u00eds.<\/p>\n<p>El pretexto de sus giras es lo de menos. Todo el mundo interpreta lo que hace como una precampa\u00f1a que busca la candidatura presidencial.\u00a0 Como si no fueran suficientes los problemas que se viven en la capital mexicana y que se necesita solucionarlos, la mandataria capitalina dijo que su presencia en los municipios es \u201capoyarlos\u201d con los avances que se tienen en la Ciudad de M\u00e9xico.<\/p>\n<p>\u00bfUsted qu\u00e9 opina amable lector?<\/p>\n<p style=\"text-align: center;\"><strong>La violencia no cede<\/strong><\/p>\n<p>Con 2 mil 481 homicidios dolosos, 80 casos al d\u00eda en promedio, octubre fue el mes m\u00e1s violento en 2022. Son varios estados los que se disputan el primer lugar en cr\u00edmenes.<\/p>\n<p>Referirse a la espiral de violencia que sacude a M\u00e9xico se convierte en algo cotidiano.<\/p>\n<p>Cada d\u00eda aumenta el n\u00famero de estados con elevados \u00edndices de asesinatos.<\/p>\n<p>Tal es el caso de Morelos, en donde no s\u00f3lo creci\u00f3 el n\u00famero de feminicidios, sino que tambi\u00e9n se increment\u00f3 la violencia.<\/p>\n<p>Antier fueron asesinadas en la entidad: cuatro de ellas en Cuernavaca.\u00a0 En la Ciudad de la Eterna Balacera (antes Ciudad de la Eterna Primavera) son continuos los asaltos a comercios o a comensales de restaurantes, bares, etc.<\/p>\n<p>Lo mismo ocurre en otros estados, principalmente en Guanajuato, en donde se intensific\u00f3 la guerra por la plaza entre los c\u00e1rteles de la droga.<\/p>\n<p>En los casos mencionados se ve la incapacidad de las autoridades para enfrentar el grave problema de la violencia.<\/p>\n<p><em><a href=\"mailto:aco2742@hotmail.com\" target=\"_blank\" rel=\"noopener noreferrer\">aco2742@hotmail.com<\/a><\/em><\/p>\n","protected":false},"excerpt":{"rendered":"<p><span style=\"color: #005497;\"><strong>Augusto Corro<\/strong><\/span><\/p>\n","protected":false},"author":3,"featured_media":0,"comment_status":"open","ping_status":"open","sticky":false,"template":"","format":"standard","meta":{"_monsterinsights_skip_tracking":false,"_monsterinsights_sitenote_active":false,"_monsterinsights_sitenote_note":"","_monsterinsights_sitenote_category":0,"footnotes":""},"categories":[157],"tags":[43686,43674,11515],"class_list":["post-566965","post","type-post","status-publish","format-standard","hentry","category-augusto-corro","tag-augusto-corro","tag-opinion","tag-punto-por-punto"],"_links":{"self":[{"href":"https:\/\/www.diarioimagen.net\/index.php?rest_route=\/wp\/v2\/posts\/566965","targetHints":{"allow":["GET"]}}],"collection":[{"href":"https:\/\/www.diarioimagen.net\/index.php?rest_route=\/wp\/v2\/posts"}],"about":[{"href":"https:\/\/www.diarioimagen.net\/index.php?rest_route=\/wp\/v2\/types\/post"}],"author":[{"embeddable":true,"href":"https:\/\/www.diarioimagen.net\/index.php?rest_route=\/wp\/v2\/users\/3"}],"replies":[{"embeddable":true,"href":"https:\/\/www.diarioimagen.net\/index.php?rest_route=%2Fwp%2Fv2%2Fcomments&post=566965"}],"version-history":[{"count":0,"href":"https:\/\/www.diarioimagen.net\/index.php?rest_route=\/wp\/v2\/posts\/566965\/revisions"}],"wp:attachment":[{"href":"https:\/\/www.diarioimagen.net\/index.php?rest_route=%2Fwp%2Fv2%2Fmedia&parent=566965"}],"wp:term":[{"taxonomy":"category","embeddable":true,"href":"https:\/\/www.diarioimagen.net\/index.php?rest_route=%2Fwp%2Fv2%2Fcategories&post=566965"},{"taxonomy":"post_tag","embeddable":true,"href":"https:\/\/www.diarioimagen.net\/index.php?rest_route=%2Fwp%2Fv2%2Ftags&post=566965"}],"curies":[{"name":"wp","href":"https:\/\/api.w.org\/{rel}","templated":true}]}}