{"id":566999,"date":"2022-11-24T00:01:09","date_gmt":"2022-11-24T06:01:09","guid":{"rendered":"https:\/\/www.diarioimagen.net\/?p=566999"},"modified":"2022-11-25T01:58:29","modified_gmt":"2022-11-25T07:58:29","slug":"no-se-detendra-pjcdmx-hasta-lograr-que-toda-mujer-victima-de-violencia-acceda-a-la-justicia","status":"publish","type":"post","link":"https:\/\/www.diarioimagen.net\/?p=566999","title":{"rendered":"No se detendr\u00e1 PJCDMX hasta lograr que toda mujer v\u00edctima de violencia acceda a la justicia"},"content":{"rendered":"<p>&nbsp;<\/p>\n<ul>\n<li><strong><em>As\u00ed lo subray\u00f3, a nombre del presidente del \u00f3rgano judicial, magistrado Rafael Guerra \u00c1lvarez, la directora ejecutiva de Orientaci\u00f3n Ciudadana y Derechos Humanos, Yolanda Rangel Balmaceda<\/em><\/strong><\/li>\n<li><strong><em>Al iniciar una jornada de 16 d\u00edas de activismo en contra de la violencia de g\u00e9nero, inform\u00f3 que entre el pasado 1 de enero y ayer, jueces concedieron 10 mil 142 medidas de protecci\u00f3n a mujeres v\u00edctimas de violencia<\/em><\/strong><\/li>\n<\/ul>\n<p>&nbsp;<\/p>\n<div id=\"attachment_567045\" style=\"width: 470px\" class=\"wp-caption aligncenter\"><img loading=\"lazy\" decoding=\"async\" aria-describedby=\"caption-attachment-567045\" class=\"size-full wp-image-567045\" src=\"https:\/\/www.diarioimagen.net\/wp-content\/uploads\/2022\/11\/tribunal-7.jpg\" alt=\"\" width=\"460\" height=\"270\" \/><p id=\"caption-attachment-567045\" class=\"wp-caption-text\">Magistrada M\u00f3nica G\u00fcicho Gonz\u00e1lez, de la Sexta Sala del Tribunal Federal de Conciliaci\u00f3n y Arbitraje, y la directora de Orientaci\u00f3n Ciudadana y Derechos Humanos del PJCDMX, Yolanda Rangel Balmaceda.<\/p><\/div>\n<p>&nbsp;<\/p>\n<p>A nombre del presidente del Poder Judicial de la Ciudad de M\u00e9xico (PJCDMX), magistrado Rafael Guerra \u00c1lvarez, y al iniciar una jornada de 16 d\u00edas de activismo en contra de la violencia de g\u00e9nero, la directora ejecutiva de Orientaci\u00f3n Ciudadana y Derechos Humanos, Yolanda Rangel Balmaceda, subray\u00f3 que \u201cno nos detendremos hasta lograr que toda ni\u00f1a, adolescente o mujer que sea v\u00edctima de cualquier tipo de violencia pueda acceder a la justicia y a la reparaci\u00f3n\u201d.<\/p>\n<p>En el auditorio Benito Ju\u00e1rez, inform\u00f3 que, entre el pasado 1 de enero y ayer, impartidores de justicia de la instituci\u00f3n concedieron 10 mil 142 medidas de protecci\u00f3n a aquellas v\u00edctimas que as\u00ed lo solicitaron, y convoc\u00f3 a los servidores p\u00fablicos del \u00f3rgano judicial a colocar en el centro de las labores que desarrollen las prerrogativas de las mujeres.<\/p>\n<p>Reconoci\u00f3 que para avanzar en la materia se requiere de cambios que no son sencillos, pero enfatiz\u00f3 que en el PJCDMX se tiene el compromiso social y la obligaci\u00f3n constitucional de promover, respetar, proteger y garantizar los derechos humanos de las mujeres.<\/p>\n<p>Como parte del programa de derecho humanos y de g\u00e9nero del \u00f3rgano judicial capitalino, advirti\u00f3 que con las medidas de protecci\u00f3n otorgadas por jueces a mujeres v\u00edctimas de violencia, se pretende poner un alto a las agresiones que sufren, pero adem\u00e1s prevenir las que pudiesen presentarse en un futuro.<\/p>\n<p>Se tiene claro, abund\u00f3, que la violencia es c\u00edclica y progresiva, de ah\u00ed que es prioritario detectar y frenar todas las violencias, primordialmente la feminicida.<\/p>\n<p>Rangel Balmaceda insisti\u00f3 en que en el PJCDMX hay la obligaci\u00f3n para todos de respetar los derechos humanos de las mujeres, con independencia de la labor que desarrolle cada uno, y record\u00f3 que este a\u00f1o se ha trabajado en la difusi\u00f3n del Protocolo anal\u00edtico para juzgar con enfoque de g\u00e9nero: de la teor\u00eda a la pr\u00e1ctica.<\/p>\n<p>Durante 16 d\u00edas, dijo Rangel Balmaceda, el \u00f3rgano judicial capitalino emprender\u00e1 una agenda de activismo en contra de la violencia de g\u00e9nero, y sumarse as\u00ed a la campa\u00f1a global impulsada por ONU-Mujeres.<\/p>\n<p>Como primera actividad, la magistrada de la Sexta Sala del Tribunal Federal de Conciliaci\u00f3n y Arbitraje, M\u00f3nica G\u00fcicho, Gonz\u00e1lez, dict\u00f3 la conferencia Violencia y desigualdad laboral en M\u00e9xico, durante la que destac\u00f3 que, seg\u00fan cifras de la organizaci\u00f3n OCC-Mundial, en los \u00faltimos cinco a\u00f1os 100 mil personas alrededor del mundo han abandonado su empleo por razones de acoso y discriminaci\u00f3n, y que, de esa cifra, seis de cada 10 son mujeres.<\/p>\n<p>En su disertaci\u00f3n, subray\u00f3 los avances registrados recientemente en la defensa global de la violencia contra las mujeres, con la incorporaci\u00f3n a \u00e9sta de la que se ejerce desde el \u00e1mbito del trabajo.<\/p>\n<p>Afirm\u00f3 que la celebraci\u00f3n del centenario de la Organizaci\u00f3n Mundial del Trabajo se da en el contexto del reclamo de las mujeres sindicalistas del mundo, que advierten de la carencia de una norma clara y estandarizada capaz de resolver las dificultades t\u00e9cnicas de las presuntas v\u00edctimas para activar los mecanismos de defensa a su favor.<\/p>\n<p>Desde ayer y hasta el pr\u00f3ximo 10 de diciembre, el PJCDMX desplegar\u00e1 una serie actividades tendentes a poner de relieve el enfoque de g\u00e9nero, tales como campa\u00f1as a trav\u00e9s de redes sociales, la difusi\u00f3n de cortometrajes, exposiciones fotogr\u00e1ficas, conversatorios, conferencias, y como parte de la conmemoraci\u00f3n del D\u00eda de los Derechos Humanos, se contar\u00e1 con un mensaje del presidente del \u00f3rgano judicial, magistrado Rafael Guerra \u00c1lvarez.<\/p>\n","protected":false},"excerpt":{"rendered":"<p>A nombre del presidente del Poder Judicial de la Ciudad de M\u00e9xico (PJCDMX), magistrado Rafael Guerra \u00c1lvarez, y al iniciar una jornada de 16 d\u00edas de activismo en contra de la violencia de g\u00e9nero, la directora ejecutiva de Orientaci\u00f3n Ciudadana y Derechos Humanos, Yolanda Rangel Balmaceda, subray\u00f3 que \u201cno nos detendremos hasta lograr que toda ni\u00f1a, adolescente o mujer que sea v\u00edctima de cualquier tipo de violencia pueda acceder a la justicia y a la reparaci\u00f3n\u201d.<\/p>\n","protected":false},"author":3,"featured_media":567045,"comment_status":"open","ping_status":"open","sticky":false,"template":"","format":"standard","meta":{"_monsterinsights_skip_tracking":false,"_monsterinsights_sitenote_active":false,"_monsterinsights_sitenote_note":"","_monsterinsights_sitenote_category":0,"footnotes":""},"categories":[6],"tags":[87379,79994],"class_list":["post-566999","post","type-post","status-publish","format-standard","has-post-thumbnail","hentry","category-cd-de-mexico","tag-pjcdmx","tag-rafael-guerra-alvarez"],"_links":{"self":[{"href":"https:\/\/www.diarioimagen.net\/index.php?rest_route=\/wp\/v2\/posts\/566999","targetHints":{"allow":["GET"]}}],"collection":[{"href":"https:\/\/www.diarioimagen.net\/index.php?rest_route=\/wp\/v2\/posts"}],"about":[{"href":"https:\/\/www.diarioimagen.net\/index.php?rest_route=\/wp\/v2\/types\/post"}],"author":[{"embeddable":true,"href":"https:\/\/www.diarioimagen.net\/index.php?rest_route=\/wp\/v2\/users\/3"}],"replies":[{"embeddable":true,"href":"https:\/\/www.diarioimagen.net\/index.php?rest_route=%2Fwp%2Fv2%2Fcomments&post=566999"}],"version-history":[{"count":0,"href":"https:\/\/www.diarioimagen.net\/index.php?rest_route=\/wp\/v2\/posts\/566999\/revisions"}],"wp:featuredmedia":[{"embeddable":true,"href":"https:\/\/www.diarioimagen.net\/index.php?rest_route=\/wp\/v2\/media\/567045"}],"wp:attachment":[{"href":"https:\/\/www.diarioimagen.net\/index.php?rest_route=%2Fwp%2Fv2%2Fmedia&parent=566999"}],"wp:term":[{"taxonomy":"category","embeddable":true,"href":"https:\/\/www.diarioimagen.net\/index.php?rest_route=%2Fwp%2Fv2%2Fcategories&post=566999"},{"taxonomy":"post_tag","embeddable":true,"href":"https:\/\/www.diarioimagen.net\/index.php?rest_route=%2Fwp%2Fv2%2Ftags&post=566999"}],"curies":[{"name":"wp","href":"https:\/\/api.w.org\/{rel}","templated":true}]}}