{"id":567001,"date":"2022-11-24T00:01:39","date_gmt":"2022-11-24T06:01:39","guid":{"rendered":"https:\/\/www.diarioimagen.net\/?p=567001"},"modified":"2022-11-25T01:58:02","modified_gmt":"2022-11-25T07:58:02","slug":"lopez-obrador-convoca-a-funcionarios-a-su-marcha-de-este-domingo-27","status":"publish","type":"post","link":"https:\/\/www.diarioimagen.net\/?p=567001","title":{"rendered":"L\u00f3pez Obrador convoca a funcionarios a su marcha de este domingo 27"},"content":{"rendered":"<p>&nbsp;<\/p>\n<h3 style=\"text-align: center;\">Tambi\u00e9n son ciudadanos, argumenta<\/h3>\n<p>&nbsp;<\/p>\n<ul>\n<li><strong><em>El primer mandatario dijo que \u00e9sta podr\u00eda ser su \u00faltima mega movilizaci\u00f3n<\/em><\/strong><\/li>\n<\/ul>\n<p>&nbsp;<\/p>\n<div id=\"attachment_567043\" style=\"width: 470px\" class=\"wp-caption aligncenter\"><img loading=\"lazy\" decoding=\"async\" aria-describedby=\"caption-attachment-567043\" class=\"size-full wp-image-567043\" src=\"https:\/\/www.diarioimagen.net\/wp-content\/uploads\/2022\/11\/amlo-10.jpg\" alt=\"\" width=\"460\" height=\"270\" \/><p id=\"caption-attachment-567043\" class=\"wp-caption-text\">El presidente Andr\u00e9s Manuel L\u00f3pez Obrador reiter\u00f3 que no quiere que nadie vaya a la fuerza a su marcha.<\/p><\/div>\n<p>&nbsp;<\/p>\n<p>Los funcionarios p\u00fablicos podr\u00e1n asistir a la marcha que encabezar\u00e1 el 27 de noviembre porque tambi\u00e9n son ciudadanos, se\u00f1al\u00f3 el presidente Andr\u00e9s Manuel L\u00f3pez Obrador en su conferencia ma\u00f1anera.<\/p>\n<p>Dijo que no quiere que nadie vaya a la fuerza, sino por su propia voluntad y reiter\u00f3 que tiene el respaldo de 70% de la poblaci\u00f3n, tanto que \u201cno habr\u00eda camiones para tanta gente que quiere ir\u201d a la marcha.<\/p>\n<p>\u201cEs una invitaci\u00f3n abierta a todos los ciudadanos, en el caso de los servidores p\u00fablicos, si no tienen una actividad y es domingo pueden asistir porque son ciudadanos, es un acto para celebrar el que, a pesar de los pesares, se ha ido avanzando\u201d, afirm\u00f3. Asimismo, L\u00f3pez Obrador dijo que ser\u00e1 muy importante la movilizaci\u00f3n, donde la gente participar\u00e1 con mucha alegr\u00eda, por lo que reiter\u00f3 que no habr\u00e1 acarreados en la marcha del 27 de noviembre que partir\u00e1 desde El \u00c1ngel de la Independencia al Z\u00f3calo.<\/p>\n<p>\u201cDicen no va a ser marcha, va a ser desfile, ll\u00e1menle como le llamen, el caso es que vamos a estar todos, \u2018ah es que va a ver acarreados\u2019, no queremos que nadie vaya a la fuerza, todos por su propio pie, por su voluntad\u201d, agreg\u00f3.<\/p>\n<p>Asimismo, se\u00f1al\u00f3 que va a ir mucha gente del pueblo y de todas las clases sociales est\u00e1n invitados, pero ironiz\u00f3 \u201cva a ser marcha, desfile. Van a haber acarreados, pura gente que no va a saber a qu\u00e9 va. \u00bfUstedes creen que no va a saber la gente a qu\u00e9 va? Va a defender sus derechos, va a defender a la cuarta transformaci\u00f3n\u201d.<\/p>\n<p>Al ser cuestionado en su conferencia, en Colima, acerca de que, si la movilizaci\u00f3n del domingo podr\u00eda ser su \u00faltima participaci\u00f3n pol\u00edtica, debido a que ha afirmado que tras el 2024 se jubilar\u00e1, el mandatario dijo que s\u00ed podr\u00eda ser la \u00faltima manifestaci\u00f3n.<\/p>\n<p style=\"text-align: center;\"><strong>Hacer cumbre del Pac\u00edfico habr\u00eda sido avalar intolerancia a Castillo<\/strong><\/p>\n<p>En otro tema, el presidente L\u00f3pez Obrador afirm\u00f3 que realizar la cumbre de la Alianza del Pac\u00edfico habr\u00eda sido \u201cavalar la intolerancia\u201d del Congreso de Per\u00fa contra el mandatario de esa naci\u00f3n, Pedro Castillo.<\/p>\n<p>Desde Colima, el Ejecutivo federal critic\u00f3 c\u00f3mo la oposici\u00f3n en Per\u00fa ha puesto trabas a Castillo para gobernar, lo cual afecta a ese pa\u00eds.<\/p>\n<p>Por lo anterior, reiter\u00f3 que se analiza la opci\u00f3n de hacer dicho encuentro en Lima, Per\u00fa, con el objetivo de que entregue la presidencia de la Alianza del Pac\u00edfico a Pedro Castillo.<\/p>\n<p>\u201cSi nosotros hubi\u00e9semos llevado a cabo la reuni\u00f3n como si nada, estar\u00edamos avalando esas actitudes de intolerancia, que adem\u00e1s son acuerdos internacionales y \u00e9l es el presidente del Per\u00fa.<\/p>\n<p>\u201cPor eso decidimos suspenderlo y se est\u00e1 explorando que se haga en Lima para entregarle all\u00ed la presidencia (a Castillo)\u201d, mencion\u00f3.<\/p>\n<p>L\u00f3pez Obrador adelant\u00f3 que ya habl\u00f3 con su hom\u00f3logo peruano a quien le explic\u00f3 la decisi\u00f3n de la suspensi\u00f3n de la cumbre del Pac\u00edfico.<\/p>\n<p>Habl\u00e9 por para expresarle nuestro apoyo y solidaridad y le expres\u00e9 que decidimos suspender la reuni\u00f3n de la Alianza del Pac\u00edfico, porque era muy grosero, anti-diplom\u00e1tico, sin ning\u00fan cuidado de las formas el que no le hayan dado autorizaci\u00f3n para asistir a una reuni\u00f3n donde Per\u00fa va a recibir la presidencia que ahora tiene M\u00e9xico\u201d, agreg\u00f3.<\/p>\n","protected":false},"excerpt":{"rendered":"<p>Los funcionarios p\u00fablicos podr\u00e1n asistir a la marcha que encabezar\u00e1 el 27 de noviembre porque tambi\u00e9n son ciudadanos, se\u00f1al\u00f3 el presidente Andr\u00e9s Manuel L\u00f3pez Obrador en su conferencia ma\u00f1anera.<\/p>\n","protected":false},"author":3,"featured_media":567043,"comment_status":"open","ping_status":"open","sticky":false,"template":"","format":"standard","meta":{"_monsterinsights_skip_tracking":false,"_monsterinsights_sitenote_active":false,"_monsterinsights_sitenote_note":"","_monsterinsights_sitenote_category":0,"footnotes":""},"categories":[3],"tags":[2545,10491,15152,43673],"class_list":["post-567001","post","type-post","status-publish","format-standard","has-post-thumbnail","hentry","category-nacional","tag-amlo","tag-funcionarios","tag-marcha","tag-nacional"],"_links":{"self":[{"href":"https:\/\/www.diarioimagen.net\/index.php?rest_route=\/wp\/v2\/posts\/567001","targetHints":{"allow":["GET"]}}],"collection":[{"href":"https:\/\/www.diarioimagen.net\/index.php?rest_route=\/wp\/v2\/posts"}],"about":[{"href":"https:\/\/www.diarioimagen.net\/index.php?rest_route=\/wp\/v2\/types\/post"}],"author":[{"embeddable":true,"href":"https:\/\/www.diarioimagen.net\/index.php?rest_route=\/wp\/v2\/users\/3"}],"replies":[{"embeddable":true,"href":"https:\/\/www.diarioimagen.net\/index.php?rest_route=%2Fwp%2Fv2%2Fcomments&post=567001"}],"version-history":[{"count":0,"href":"https:\/\/www.diarioimagen.net\/index.php?rest_route=\/wp\/v2\/posts\/567001\/revisions"}],"wp:featuredmedia":[{"embeddable":true,"href":"https:\/\/www.diarioimagen.net\/index.php?rest_route=\/wp\/v2\/media\/567043"}],"wp:attachment":[{"href":"https:\/\/www.diarioimagen.net\/index.php?rest_route=%2Fwp%2Fv2%2Fmedia&parent=567001"}],"wp:term":[{"taxonomy":"category","embeddable":true,"href":"https:\/\/www.diarioimagen.net\/index.php?rest_route=%2Fwp%2Fv2%2Fcategories&post=567001"},{"taxonomy":"post_tag","embeddable":true,"href":"https:\/\/www.diarioimagen.net\/index.php?rest_route=%2Fwp%2Fv2%2Ftags&post=567001"}],"curies":[{"name":"wp","href":"https:\/\/api.w.org\/{rel}","templated":true}]}}