{"id":567004,"date":"2022-11-24T00:01:47","date_gmt":"2022-11-24T06:01:47","guid":{"rendered":"https:\/\/www.diarioimagen.net\/?p=567004"},"modified":"2022-11-25T01:59:40","modified_gmt":"2022-11-25T07:59:40","slug":"laboran-en-la-informalidad-31-9-millones-de-personas-inegi","status":"publish","type":"post","link":"https:\/\/www.diarioimagen.net\/?p=567004","title":{"rendered":"Laboran en la informalidad, 31.9 millones de personas: Inegi"},"content":{"rendered":"<p>&nbsp;<\/p>\n<ul>\n<li><em><strong>Baja tasa de desempleo en M\u00e9xico en el tercer trimestre<\/strong><\/em><\/li>\n<\/ul>\n<p>&nbsp;<\/p>\n<div id=\"attachment_567047\" style=\"width: 470px\" class=\"wp-caption aligncenter\"><img loading=\"lazy\" decoding=\"async\" aria-describedby=\"caption-attachment-567047\" class=\"size-full wp-image-567047\" src=\"https:\/\/www.diarioimagen.net\/wp-content\/uploads\/2022\/11\/EMPLEO-INFORMAL-EN-MEXICo.jpg\" alt=\"\" width=\"460\" height=\"270\" \/><p id=\"caption-attachment-567047\" class=\"wp-caption-text\">Al tercer trimestre de este a\u00f1o, hay 31.9 millones de personas con un empleo informal, lo que represent\u00f3 55.6 por ciento de la poblaci\u00f3n ocupada en M\u00e9xico.<\/p><\/div>\n<p>&nbsp;<\/p>\n<p>La econom\u00eda informal incorpor\u00f3 a 500 mil personas con respecto al mismo periodo de 2021, para contabilizar a 31.9 millones de personas con un empleo informal, lo que represent\u00f3 55.6 por ciento de la poblaci\u00f3n ocupada en M\u00e9xico, seg\u00fan datos del Inegi.<\/p>\n<p>La Encuesta Nacional de Ocupaci\u00f3n y Empleo (Enoe), en su edici\u00f3n al tercer trimestre, detall\u00f3 que 16.2 millones conformaron espec\u00edficamente la ocupaci\u00f3n en el sector informal, un crecimiento de 180 mil personas que constituyeron 28.2 por ciento de la poblaci\u00f3n ocupada (tasa de ocupaci\u00f3n en el sector informal). Adem\u00e1s, 7.5 millones correspondieron al \u00e1mbito de las empresas, gobierno e instituciones; 6.1 millones al agropecuario y 2.2 millones al servicio dom\u00e9stico remunerado.<\/p>\n<p>La ocupaci\u00f3n informal seg\u00fan sexo muestra que, en los hombres, se present\u00f3 un alza de 69 mil personas, dato similar entre el tercer trimestre de 2021 y el mismo periodo de 2022 (19.2 millones). Por su parte, las mujeres pasaron de 12.3 millones a 12.7 millones en el mismo periodo. Las tasas m\u00e1s altas de informalidad laboral por entidad federativa se reportaron en Oaxaca (81.7 por ciento); Guerrero (79.3 por ciento) y Chiapas (77.7 por ciento). Las tasas m\u00e1s bajas, durante el tercer trimestre de 2022, se registraron en Coahuila (34.7 por ciento); Nuevo Le\u00f3n (36.4 por ciento); Baja California Sur (36.7 por ciento); Chihuahua (36.8 por ciento) y Baja California (37 por ciento).<\/p>\n<p>Un total de 57.4 millones de personas se encontraban ocupadas al cierre del tercer trimestre del a\u00f1o, 1.6 millones de personas m\u00e1s con relaci\u00f3n al mismo trimestre de 2021. Este cambio se concentr\u00f3 en el comercio, con un aumento de 414 mil personas; en la industria manufacturera, 350 mil y en servicios diversos, 293 mil.<\/p>\n<p>La poblaci\u00f3n ocupada en los grandes establecimientos creci\u00f3 en 524 mil personas; en micronegocios, 488 mil y en los medianos establecimientos, 290 mil.<\/p>\n<p>En el tercer trimestre de 2022, la poblaci\u00f3n subocupada fue de 4.6 millones de personas y represent\u00f3 una tasa de 8.1 por ciento de la poblaci\u00f3n ocupada, porcentaje inferior al del tercer trimestre de 2021 (12.9 por ciento).<\/p>\n<p>Las ciudades con la mayor tasa de subocupaci\u00f3n fueron Ciudad del Carmen, con 25.9 por ciento; Coatzacoalcos, 21.1 por ciento; Tapachula, 15.4 por ciento; Tlaxcala, 15.3 por ciento; Oaxaca, 13.9 por ciento; y Ciudad de M\u00e9xico, 11.8 por ciento. Las tasas m\u00e1s bajas se presentaron en Quer\u00e9taro (1.0 por ciento); Tijuana (1.5 por ciento); Cuernavaca (2.2 por ciento) y Durango (2.3 por ciento).<\/p>\n<p>En el tercer trimestre de 2022, la poblaci\u00f3n desocupada fue de dos millones de personas. La tasa de desocupaci\u00f3n correspondiente fue de 3.4 por ciento de la poblaci\u00f3n econ\u00f3micamente activa (PEA), cifra menor a la del mismo periodo de un a\u00f1o antes (4.2 por ciento).<\/p>\n","protected":false},"excerpt":{"rendered":"<p>La econom\u00eda informal incorpor\u00f3 a 500 mil personas con respecto al mismo periodo de 2021, para contabilizar a 31.9 millones de personas con un empleo informal, lo que represent\u00f3 55.6 por ciento de la poblaci\u00f3n ocupada en M\u00e9xico, seg\u00fan datos del Inegi.<\/p>\n","protected":false},"author":3,"featured_media":567047,"comment_status":"open","ping_status":"open","sticky":false,"template":"","format":"standard","meta":{"_monsterinsights_skip_tracking":false,"_monsterinsights_sitenote_active":false,"_monsterinsights_sitenote_note":"","_monsterinsights_sitenote_category":0,"footnotes":""},"categories":[8],"tags":[43678,193,27303],"class_list":["post-567004","post","type-post","status-publish","format-standard","has-post-thumbnail","hentry","category-finanzas","tag-finanzas","tag-inegi","tag-informalidad"],"_links":{"self":[{"href":"https:\/\/www.diarioimagen.net\/index.php?rest_route=\/wp\/v2\/posts\/567004","targetHints":{"allow":["GET"]}}],"collection":[{"href":"https:\/\/www.diarioimagen.net\/index.php?rest_route=\/wp\/v2\/posts"}],"about":[{"href":"https:\/\/www.diarioimagen.net\/index.php?rest_route=\/wp\/v2\/types\/post"}],"author":[{"embeddable":true,"href":"https:\/\/www.diarioimagen.net\/index.php?rest_route=\/wp\/v2\/users\/3"}],"replies":[{"embeddable":true,"href":"https:\/\/www.diarioimagen.net\/index.php?rest_route=%2Fwp%2Fv2%2Fcomments&post=567004"}],"version-history":[{"count":0,"href":"https:\/\/www.diarioimagen.net\/index.php?rest_route=\/wp\/v2\/posts\/567004\/revisions"}],"wp:featuredmedia":[{"embeddable":true,"href":"https:\/\/www.diarioimagen.net\/index.php?rest_route=\/wp\/v2\/media\/567047"}],"wp:attachment":[{"href":"https:\/\/www.diarioimagen.net\/index.php?rest_route=%2Fwp%2Fv2%2Fmedia&parent=567004"}],"wp:term":[{"taxonomy":"category","embeddable":true,"href":"https:\/\/www.diarioimagen.net\/index.php?rest_route=%2Fwp%2Fv2%2Fcategories&post=567004"},{"taxonomy":"post_tag","embeddable":true,"href":"https:\/\/www.diarioimagen.net\/index.php?rest_route=%2Fwp%2Fv2%2Ftags&post=567004"}],"curies":[{"name":"wp","href":"https:\/\/api.w.org\/{rel}","templated":true}]}}