{"id":567024,"date":"2022-11-24T00:01:21","date_gmt":"2022-11-24T06:01:21","guid":{"rendered":"https:\/\/www.diarioimagen.net\/?p=567024"},"modified":"2022-11-25T01:36:38","modified_gmt":"2022-11-25T07:36:38","slug":"mara-lezama-y-armada-de-mexico-cierran-filas-a-favor-de-la-seguridad","status":"publish","type":"post","link":"https:\/\/www.diarioimagen.net\/?p=567024","title":{"rendered":"Mara Lezama y Armada de M\u00e9xico cierran filas a favor de la seguridad"},"content":{"rendered":"<h2>Derecho de r\u00e9plica<\/h2>\n<h5>Jos\u00e9 Luis Monta\u00f1ez<\/h5>\n<p>&nbsp;<\/p>\n<ul>\n<li><strong><em>Se busca construir un entorno de paz, se\u00f1ala la gobernadora<\/em><\/strong><\/li>\n<\/ul>\n<p>&nbsp;<\/p>\n<div id=\"attachment_567049\" style=\"width: 470px\" class=\"wp-caption aligncenter\"><img loading=\"lazy\" decoding=\"async\" aria-describedby=\"caption-attachment-567049\" class=\"size-full wp-image-567049\" src=\"https:\/\/www.diarioimagen.net\/wp-content\/uploads\/2022\/11\/derecho-5.jpg\" alt=\"\" width=\"460\" height=\"270\" \/><p id=\"caption-attachment-567049\" class=\"wp-caption-text\">La gobernadora Mara Lezama asisti\u00f3 a la celebraci\u00f3n del D\u00eda de Armada de M\u00e9xico en la 9\u00aa Regi\u00f3n Naval, con sede en Isla Mujeres, donde entreg\u00f3 condecoraciones a elementos de la Marina.<\/p><\/div>\n<p>&nbsp;<\/p>\n<p>La gobernadora Mara Lezama Espinosa se congratul\u00f3 por la lealtad de la Marina a los prop\u00f3sitos de la naci\u00f3n y su aporte por la construcci\u00f3n de la paz, en el marco de la celebraci\u00f3n del D\u00eda de la Armada de M\u00e9xico y de la entrega de condecoraciones a personal por 10,15, 20, 30 y 35 a\u00f1os de servicio.<\/p>\n<p>La mandataria estatal, que asisti\u00f3 en dicha celebraci\u00f3n en la 9\u00aa Regi\u00f3n Naval, con sede en Isla Mujeres, asegur\u00f3 que en el pa\u00eds, se viven tiempos en donde la construcci\u00f3n de la paz es una prioridad y la Marina siempre est\u00e1 preparada para responder de manera inmediata.<\/p>\n<p>La lealtad y trabajo del personal por 10,15, 20, 30 y 35 a\u00f1os de servicio activo en la Instituci\u00f3n de manera ininterrumpida precis\u00f3 es un ejemplo del compromiso que tienen con el pa\u00eds para crear un entorno seguro.<\/p>\n<p>El trabajo en conjunto de todas las instituciones del gobierno de M\u00e9xico encaminados a fortalecer el Estado de Derecho en beneficio de las y los ciudadanos para la gobernadora es una realidad, y en Quintana Roo ese esfuerzo se consolida con la construcci\u00f3n de un Nuevo Acuerdo por el Bienestar y el Desarrollo para generar prosperidad compartida y paz social.<\/p>\n<p style=\"text-align: center;\"><strong>Apoyo invaluable de la Marina<\/strong><\/p>\n<p>Para la gobernadora, el apoyo de la Marina es invaluable, al enviar a 200 infantes que se han sumado a las tareas y acciones de protecci\u00f3n y seguridad de las familias quintanarroenses, as\u00ed como de visitantes.<\/p>\n<p>A\u00f1adi\u00f3 \u201cLa armada est\u00e1 aqu\u00ed, con compromiso y responsabilidad, brindando apoyo a las autoridades federales, estatales y municipales. Por ello, m\u00e1s que nunca cerramos filas para construir d\u00eda con d\u00eda la paz en M\u00e9xico\u201d.<\/p>\n<p>En el sector naval, la ceremonia fue presidida por el vicealmirante Gilberto Carballo \u00c1vila, comandante de la Novena Regi\u00f3n Naval, con la presencia de la presidenta municipal de Isla Mujeres, Atenea G\u00f3mez Ricalde; de Benito Ju\u00e1rez, Ana Paty Peralta de la Pe\u00f1a.<\/p>\n<p>De Puerto Morelos, Blanca Merari Tziu Mu\u00f1oz; vicealmirante Armando P\u00e9rez P\u00e9rez, jefe de Estado Mayor de la Novena Regi\u00f3n Naval; contralmirante Rub\u00e9n Oyarvide Pedrero, secretario de Seguridad P\u00fablica; y coronel de caballer\u00eda DEM Juan Ricardo Mart\u00ednez Ledezma, en representaci\u00f3n de la Guardia Nacional.<\/p>\n<p style=\"text-align: center;\"><strong>Piden hoteleros que el aumento al impuesto a turistas sea gradual<\/strong><\/p>\n<p>Luego de que fue aprobado el aumento al impuesto por saneamiento ambiental a los turistas que lleguen a Canc\u00fan a partir del pr\u00f3ximo a\u00f1o, la Asociaci\u00f3n de Hoteles de Canc\u00fan, Puerto Morelos e Isla Mujeres sali\u00f3 para manifestar su inconformidad, pues dicen que no es una medida que vaya a agradar a los paseantes.<\/p>\n<p>No obstante, al ser una decisi\u00f3n definitiva, piden que por lo menos este aumento en el cobro sea aplicado de manera gradual, pues de lo contrario, los viajeros comenzar\u00edan a optar por otros destinos que no tengan este tipo de impuestos.<\/p>\n<p>Jes\u00fas Almaguer, presidente de dicha organizaci\u00f3n, declar\u00f3 que la petici\u00f3n es para evitar da\u00f1os a los bolsillos de los turistas, pero m\u00e1s que nada, para no ahuyentarlos, pues otros destinos competidores, los atraen bajo el argumento de que, precisamente, no tienen que pagar este tipo de derecho.<\/p>\n<p>\u201cNosotros pedimos que se hiciera de manera gradual, por tramos, ya que en estos momentos la competencia, es muy fuerte y colgarle cualquier cargo o impuesto, derecho, etc\u00e9tera, al turista que quiere venir a Canc\u00fan o al Caribe mexicano, es b\u00e1sicamente ahuyentarlo\u201d.<\/p>\n<p>Argument\u00f3 que el aumento del 70% de la UMA a los turistas por el cobro de saneamiento ambiental, podr\u00eda hacer que los turistas vean como una mejor opci\u00f3n otros competidores como Rep\u00fablica Dominicana, Cuba, Jamaica, entre otros. \u201cPor eso nosotros seguimos insistiendo en que seamos que sea gradual, para que no repercuta tan fuerte en los precios, en los costos de los turistas que vienen a Canc\u00fan\u201d.<\/p>\n<p>Almaguer Salazar es muy insistente en remarcar que este tema puede ser utilizado por la competencia. \u201cOtros destinos aprovechan a sacar promociones m\u00e1s atractivas para los turistas\u201d, dijo y hay que tomar en cuenta que actualmente cada visitante que se hospeda en alg\u00fan hotel de Canc\u00fan actualmente paga 24.8 d\u00f3lares por cuarto\/noche ocupada durante toda su estancia en el destino, pero a partir del 2023 tendr\u00e1n que pagar el 40 por ciento m\u00e1s de este monto.<\/p>\n<p>Actualmente se recauda el 30 de la UMA y en 2023 se recaudar\u00e1 el 70% de la UMA, mientras que en 2022, dicho cobro se increment\u00f3 en solo un 7%, es decir, en la misma proporci\u00f3n en que se increment\u00f3 la Unidad de Medida y Medici\u00f3n.<\/p>\n<p style=\"text-align: center;\"><strong>Transparencia en aplicaci\u00f3n de recursos<\/strong><\/p>\n<p>Sobre la recaudaci\u00f3n de este impuesto, Almaguer fue muy enf\u00e1tico en manifestar que se necesita transparencia en la aplicaci\u00f3n de este recurso, pues asegura, que no s\u00f3lo se trata de cobrar, sino de que ese dinero se ve a reflejado en mejoras de las que los mismos turistas puedan beneficiarse.<\/p>\n<p>No obstante, dice que conf\u00eda en que el gobierno municipal realice los mecanismos para asegurar esta petici\u00f3n. \u201cLa presidenta municipal nos asegur\u00f3 que se aplicar\u00e1 la transparencia y nosotros confiamos en que as\u00ed va a ser y vamos a estar pendientes de que as\u00ed sea para tranquilidad de todos\u201d, dijo.<\/p>\n<p>Y asegur\u00f3 que buscar\u00e1 formar parte del comit\u00e9 t\u00e9cnico que se instalar\u00e1 para la utilizaci\u00f3n de los recursos que se generen a trav\u00e9s de este cobro, para garantizar que sean aplicados en necesidades de este sector, que b\u00e1sicamente es la columna vertebral de la econom\u00eda estatal, por lo que piden que se les d\u00e9 un trato justo.<\/p>\n<p style=\"text-align: center;\"><strong>Autoridades se dicen \u201cdecepcionadas\u201d<\/strong><\/p>\n<p>En respuesta, Ana Patricia Peralta, presidenta municipal de Benito Ju\u00e1rez, declar\u00f3 que precisamente ese era un acuerdo que se hab\u00eda logrado con la Asociaci\u00f3n de Hoteles de Canc\u00fan, Puerto Morelos e Isla Mujeres, que el aumento sea gradual, inicialmente del 70 por ciento de la UMA y luego del 100 por ciento.<\/p>\n<p><em>Escr\u00edbame a mi mail: <a href=\"mailto:montanezaguilar@gmail.com\" target=\"_blank\" rel=\"noopener noreferrer\">montanezaguilar@gmail.com<\/a><\/em><\/p>\n","protected":false},"excerpt":{"rendered":"<p><span style=\"color: #005497;\"><strong>Jos\u00e9 Luis Monta\u00f1ez<\/strong><\/span><br \/>\n<br \/>\nLa gobernadora Mara Lezama Espinosa se congratul\u00f3 por la lealtad de la Marina a los prop\u00f3sitos de la naci\u00f3n y su aporte por la construcci\u00f3n de la paz, en el marco de la celebraci\u00f3n del D\u00eda de la Armada de M\u00e9xico y de la entrega de condecoraciones a personal por 10,15, 20, 30 y 35 a\u00f1os de servicio.<\/p>\n","protected":false},"author":3,"featured_media":567049,"comment_status":"open","ping_status":"open","sticky":false,"template":"","format":"standard","meta":{"_monsterinsights_skip_tracking":false,"_monsterinsights_sitenote_active":false,"_monsterinsights_sitenote_note":"","_monsterinsights_sitenote_category":0,"footnotes":""},"categories":[11622,25512],"tags":[47840,54579,43674],"class_list":["post-567024","post","type-post","status-publish","format-standard","has-post-thumbnail","hentry","category-jose-luis-montanez-aguilar","category-nacional-nacional","tag-derecho-de-replica","tag-jose-luis-montanez","tag-opinion"],"_links":{"self":[{"href":"https:\/\/www.diarioimagen.net\/index.php?rest_route=\/wp\/v2\/posts\/567024","targetHints":{"allow":["GET"]}}],"collection":[{"href":"https:\/\/www.diarioimagen.net\/index.php?rest_route=\/wp\/v2\/posts"}],"about":[{"href":"https:\/\/www.diarioimagen.net\/index.php?rest_route=\/wp\/v2\/types\/post"}],"author":[{"embeddable":true,"href":"https:\/\/www.diarioimagen.net\/index.php?rest_route=\/wp\/v2\/users\/3"}],"replies":[{"embeddable":true,"href":"https:\/\/www.diarioimagen.net\/index.php?rest_route=%2Fwp%2Fv2%2Fcomments&post=567024"}],"version-history":[{"count":0,"href":"https:\/\/www.diarioimagen.net\/index.php?rest_route=\/wp\/v2\/posts\/567024\/revisions"}],"wp:featuredmedia":[{"embeddable":true,"href":"https:\/\/www.diarioimagen.net\/index.php?rest_route=\/wp\/v2\/media\/567049"}],"wp:attachment":[{"href":"https:\/\/www.diarioimagen.net\/index.php?rest_route=%2Fwp%2Fv2%2Fmedia&parent=567024"}],"wp:term":[{"taxonomy":"category","embeddable":true,"href":"https:\/\/www.diarioimagen.net\/index.php?rest_route=%2Fwp%2Fv2%2Fcategories&post=567024"},{"taxonomy":"post_tag","embeddable":true,"href":"https:\/\/www.diarioimagen.net\/index.php?rest_route=%2Fwp%2Fv2%2Ftags&post=567024"}],"curies":[{"name":"wp","href":"https:\/\/api.w.org\/{rel}","templated":true}]}}