{"id":567090,"date":"2022-11-25T00:01:41","date_gmt":"2022-11-25T06:01:41","guid":{"rendered":"https:\/\/www.diarioimagen.net\/?p=567090"},"modified":"2022-11-27T23:57:09","modified_gmt":"2022-11-28T05:57:09","slug":"amlo-da-por-perdida-su-reforma-constitucional-en-materia-electoral","status":"publish","type":"post","link":"https:\/\/www.diarioimagen.net\/?p=567090","title":{"rendered":"AMLO da por perdida su reforma constitucional en materia electoral"},"content":{"rendered":"<p>&nbsp;<\/p>\n<h3 style=\"text-align: center;\">Impulsar\u00e1 su \u201cplan B\u201d para hacer recortes al INE<\/h3>\n<p>&nbsp;<\/p>\n<ul>\n<li><strong><em>Presentar\u00e1 ley que, sin infringir la Constituci\u00f3n, permita generar ahorros en organizaci\u00f3n de elecciones<\/em><\/strong><\/li>\n<\/ul>\n<p>&nbsp;<\/p>\n<div id=\"attachment_567178\" style=\"width: 470px\" class=\"wp-caption aligncenter\"><a href=\"https:\/\/www.diarioimagen.net\/?attachment_id=567178\" rel=\"attachment wp-att-567178\"><img loading=\"lazy\" decoding=\"async\" aria-describedby=\"caption-attachment-567178\" class=\"size-full wp-image-567178\" src=\"https:\/\/www.diarioimagen.net\/wp-content\/uploads\/2022\/11\/amlo-11.jpg\" alt=\"\" width=\"460\" height=\"270\" \/><\/a><p id=\"caption-attachment-567178\" class=\"wp-caption-text\">El presidente Andr\u00e9s Manuel L\u00f3pez Obrador reconoci\u00f3 que, \u201cpor ahora\u201d, no se podr\u00e1 llevar a cabo una reforma constitucional en materia electoral.<\/p><\/div>\n<p>&nbsp;<\/p>\n<p>Tras el rechazo de la oposici\u00f3n, incluido el PRI, el presidente Andr\u00e9s Manuel L\u00f3pez Obrador reconoci\u00f3 que, \u201cpor ahora\u201d, no se podr\u00e1 llevar a cabo una reforma constitucional en materia electoral, ya que su propuesta no podr\u00e1 obtener la mayor\u00eda necesaria en el Congreso de la Uni\u00f3n.<\/p>\n<p>Ante este panorama, L\u00f3pez Obrador insisti\u00f3 en que el \u201cplan B\u201d sigue en pie y consistir\u00e1 en un recorte al Instituto Nacional Electoral (INE) y prohibir la compra de voto.<\/p>\n<p>\u201cPues ya no se va a poder, por ahora, llevar a cabo la reforma constitucional, pero s\u00ed se va a presentar una reforma legal\u201d, asegur\u00f3 el mandatario en conferencia de prensa.<\/p>\n<p>\u201cVamos a presentar una ley que sin infringir la Constituci\u00f3n nos permita de todas maneras generar ahorros para que no sea tan costoso organizar las elecciones y que en esa ley se proh\u00edba, pero de manera terminante, la compra del voto; esas son las dos cosas que van a hacer en la ley\u201d, asegur\u00f3 L\u00f3pez Obrador.<\/p>\n<p>El Presidente asegur\u00f3 en su ma\u00f1anera que la oposici\u00f3n rechaza su reforma para asegurar un fraude electoral en las pr\u00f3ximas elecciones.<\/p>\n<p>\u201cEllos tienen muchos intereses y piensan que si se queda el INE como est\u00e1 van a poder contar con un instrumento para el fraude. Est\u00e1n completamente equivocados, la gente ya no acepta el fraude y el dinero, porque la reforma a la Constituci\u00f3n que nosotros propusimos es disminuir el dinero que se entrega a los partidos, todo eso lo cuidaron, y es comprensible que esta \u00e9lite corrupta defienda el fraude electoral, porque han hecho uno, dos, tres, 10, 20 fraudes\u201d, lament\u00f3.<\/p>\n<p style=\"text-align: center;\"><strong>\u201cEra necesario el cambio en Senasica\u201d<\/strong><\/p>\n<p>Por otro lado, el\u00a0 presidente L\u00f3pez Obrador sostuvo ayer que la renuncia del titular del Servicio Nacional de Sanidad, Inocuidad y Calidad Agroalimentaria (Senasica), Francisco Trujillo, era necesaria pues ya llevaba m\u00e1s de 20 a\u00f1os en el cargo.<\/p>\n<p>El mandatario federal reconoci\u00f3 que a\u00fan no se ha decidido qui\u00e9n sustituir\u00e1 al funcionario, pero no respondi\u00f3 acerca de si fue \u00e9l quien le pidi\u00f3 dimitir al cargo. No obstante, en semanas pasadas, el tabasque\u00f1o hab\u00eda lanzado fuertes cr\u00edticas contra el organismo ante la licencia para la libre importaci\u00f3n de alimentos. \u201cRenunci\u00f3 ayer o antier al cargo de Senasica, ya llevaba muchos a\u00f1os ah\u00ed, 20 o 30 a\u00f1os ah\u00ed y ya era necesario un relevo. Todav\u00eda no se decide qui\u00e9n lo va a sustituir. Tiene que ser gente con experiencia en la materia respecto a sanidad animal, vegetal, todo el cuidado de los sanitario\u201d, concedi\u00f3.<\/p>\n<p>Trujillo fue designado en ese cargo en diciembre de 2018 por el titular de la Secretar\u00eda de Agricultura y Desarrollo Rural (Sader), V\u00edctor Villalobos. Senasica se encarga de la vigilancia epidemiol\u00f3gica fitozoosanitaria, la inspecci\u00f3n en la movilizaci\u00f3n de mercanc\u00edas reguladas, campa\u00f1as fitozoosanitarias, acu\u00edcolas y pesqueras.<\/p>\n<p>La carrera de Trujillo en este organismo comenz\u00f3 hacia 1995 donde particip\u00f3 en la elaboraci\u00f3n de la Ley de Desarrollo Rural Sustentable y que dio origen a la Senasica.<\/p>\n<p>En un comunicado, la Sader reconoci\u00f3 la labor del exdirector de Senasica y pidi\u00f3 al equipo de trabajo fortalecer la coordinaci\u00f3n con las distintas dependencias relacionadas con el cuidado del patrimonio agroalimentario del pa\u00eds y el sector productivo.<\/p>\n<p style=\"text-align: center;\"><strong>Felicita a Sheinbaum por su pr\u00f3xima boda<\/strong><\/p>\n<p>L\u00f3pez Obrador tambi\u00e9n felicit\u00f3 a la jefa de Gobierno, Claudia Sheinbaum, quien ayer dio a conocer que se casar\u00e1 con quien fuera su novio en la universidad y actual pareja, adem\u00e1s de anunciar p\u00fablicamente su \u2018destape\u2019 para 2024.<\/p>\n<p>\u00a1Felicidades, muchas felicidades! Todo lo que sea estar contentos, alegres, felices, pues debe celebrarse. No hay que enojarse, andar con cara dura frustrados, no hay que frustrarse, hay que decir gracias a la vida que nos ha dado tanto\u201d, dijo.<\/p>\n<p>El mandatario descart\u00f3 asistir si es invitado, ya que no suele acudir a este tipo de reuniones desde hace tiempo debido a que, dijo, lo invitan mucho. \u201cTendr\u00eda yo que dedicar bastante tiempo\u201d.<\/p>\n","protected":false},"excerpt":{"rendered":"<p>Tras el rechazo de la oposici\u00f3n, incluido el PRI, el presidente Andr\u00e9s Manuel L\u00f3pez Obrador reconoci\u00f3 que, \u201cpor ahora\u201d, no se podr\u00e1 llevar a cabo una reforma constitucional en materia electoral, ya que su propuesta no podr\u00e1 obtener la mayor\u00eda necesaria en el Congreso de la Uni\u00f3n.<\/p>\n","protected":false},"author":3,"featured_media":567178,"comment_status":"open","ping_status":"open","sticky":false,"template":"","format":"standard","meta":{"_monsterinsights_skip_tracking":false,"_monsterinsights_sitenote_active":false,"_monsterinsights_sitenote_note":"","_monsterinsights_sitenote_category":0,"footnotes":""},"categories":[3],"tags":[2545,12361,17916],"class_list":["post-567090","post","type-post","status-publish","format-standard","has-post-thumbnail","hentry","category-nacional","tag-amlo","tag-perdida","tag-reforma-constitucional"],"_links":{"self":[{"href":"https:\/\/www.diarioimagen.net\/index.php?rest_route=\/wp\/v2\/posts\/567090","targetHints":{"allow":["GET"]}}],"collection":[{"href":"https:\/\/www.diarioimagen.net\/index.php?rest_route=\/wp\/v2\/posts"}],"about":[{"href":"https:\/\/www.diarioimagen.net\/index.php?rest_route=\/wp\/v2\/types\/post"}],"author":[{"embeddable":true,"href":"https:\/\/www.diarioimagen.net\/index.php?rest_route=\/wp\/v2\/users\/3"}],"replies":[{"embeddable":true,"href":"https:\/\/www.diarioimagen.net\/index.php?rest_route=%2Fwp%2Fv2%2Fcomments&post=567090"}],"version-history":[{"count":0,"href":"https:\/\/www.diarioimagen.net\/index.php?rest_route=\/wp\/v2\/posts\/567090\/revisions"}],"wp:featuredmedia":[{"embeddable":true,"href":"https:\/\/www.diarioimagen.net\/index.php?rest_route=\/wp\/v2\/media\/567178"}],"wp:attachment":[{"href":"https:\/\/www.diarioimagen.net\/index.php?rest_route=%2Fwp%2Fv2%2Fmedia&parent=567090"}],"wp:term":[{"taxonomy":"category","embeddable":true,"href":"https:\/\/www.diarioimagen.net\/index.php?rest_route=%2Fwp%2Fv2%2Fcategories&post=567090"},{"taxonomy":"post_tag","embeddable":true,"href":"https:\/\/www.diarioimagen.net\/index.php?rest_route=%2Fwp%2Fv2%2Ftags&post=567090"}],"curies":[{"name":"wp","href":"https:\/\/api.w.org\/{rel}","templated":true}]}}