{"id":567101,"date":"2022-11-25T00:01:20","date_gmt":"2022-11-25T06:01:20","guid":{"rendered":"https:\/\/www.diarioimagen.net\/?p=567101"},"modified":"2022-11-25T03:49:42","modified_gmt":"2022-11-25T09:49:42","slug":"entregan-premio-municipal-de-la-juventud-por-su-contribucion-a-una-mejor-sociedad","status":"publish","type":"post","link":"https:\/\/www.diarioimagen.net\/?p=567101","title":{"rendered":"Entregan Premio Municipal de la Juventud\u00a0por su contribuci\u00f3n a una mejor sociedad"},"content":{"rendered":"<p>&nbsp;<\/p>\n<ul>\n<li><em><strong>Desarrollo integral de este sector en Naucalpan<\/strong><\/em><\/li>\n<\/ul>\n<p>&nbsp;<\/p>\n<div id=\"attachment_567219\" style=\"width: 470px\" class=\"wp-caption aligncenter\"><a href=\"https:\/\/www.diarioimagen.net\/?attachment_id=567219\" rel=\"attachment wp-att-567219\"><img loading=\"lazy\" decoding=\"async\" aria-describedby=\"caption-attachment-567219\" class=\"size-full wp-image-567219\" src=\"https:\/\/www.diarioimagen.net\/wp-content\/uploads\/2022\/11\/entregan-premio.jpg\" alt=\"\" width=\"460\" height=\"270\" \/><\/a><p id=\"caption-attachment-567219\" class=\"wp-caption-text\">J\u00f3venes naucalpenses, de entre 18 y 24 a\u00f1os, fueron reconocidos con el Premio Municipal de la Juventud por el gobierno de Naucalpan.<\/p><\/div>\n<p>&nbsp;<\/p>\n<p><strong>Naucalpan, Estado de M\u00e9xico.\u2014<\/strong>\u00a0 Por su compromiso y destacada contribuci\u00f3n en la construcci\u00f3n de una mejor sociedad, 18 j\u00f3venes naucalpenses de entre 18 y 24 a\u00f1os de edad fueron reconocidos con el Premio Municipal de la Juventud por el gobierno de Naucalpan, adem\u00e1s se entregaron 2 mil 400 becas para realizar curso preparatorio de examen de ingreso al bachillerato 2023.<\/p>\n<p>El subdirector de la Juventud Naucalpense, C\u00e9sar Jim\u00e9nez Castellanos, indic\u00f3 que por instrucciones de la alcaldesa Ang\u00e9lica Moya Mar\u00edn, la administraci\u00f3n municipal implementa pol\u00edticas p\u00fablicas para impulsar el desarrollo integral de este sector de la poblaci\u00f3n.<\/p>\n<p>Destac\u00f3 que entre los galardonados sobresale Joanna Nava S\u00e1nchez en la categor\u00eda J\u00f3venes del Campo hacia el Futuro que contribuir\u00e1 con una importante organizaci\u00f3n dedicada a la crianza de conejos ubicada en San Mateo Nopala, adem\u00e1s de Wendy Sarai Ambrosio Peralta por su desempe\u00f1o acad\u00e9mico post-covid. Resalt\u00f3 a la universitaria de la Facultad de Estudios Superiores Acatl\u00e1n, Ana Garc\u00e9s Godoy, por su alto promedio acad\u00e9mico, que la hace candidata a la medalla \u201cGabino Barreda\u201d de la UNAM 2022.<\/p>\n","protected":false},"excerpt":{"rendered":"<p>Por su compromiso y destacada contribuci\u00f3n en la construcci\u00f3n de una mejor sociedad, 18 j\u00f3venes naucalpenses de entre 18 y 24 a\u00f1os de edad fueron reconocidos con el Premio Municipal de la Juventud por el gobierno de Naucalpan, adem\u00e1s se entregaron 2 mil 400 becas para realizar curso preparatorio de examen de ingreso al bachillerato 2023.<\/p>\n","protected":false},"author":3,"featured_media":567219,"comment_status":"open","ping_status":"open","sticky":false,"template":"","format":"standard","meta":{"_monsterinsights_skip_tracking":false,"_monsterinsights_sitenote_active":false,"_monsterinsights_sitenote_note":"","_monsterinsights_sitenote_category":0,"footnotes":""},"categories":[5],"tags":[96883,43675,970,68120],"class_list":["post-567101","post","type-post","status-publish","format-standard","has-post-thumbnail","hentry","category-estado-de-mexico","tag-contribucion","tag-estado-de-mexico","tag-naucalpan","tag-premio-municipal-de-la-juventud"],"_links":{"self":[{"href":"https:\/\/www.diarioimagen.net\/index.php?rest_route=\/wp\/v2\/posts\/567101","targetHints":{"allow":["GET"]}}],"collection":[{"href":"https:\/\/www.diarioimagen.net\/index.php?rest_route=\/wp\/v2\/posts"}],"about":[{"href":"https:\/\/www.diarioimagen.net\/index.php?rest_route=\/wp\/v2\/types\/post"}],"author":[{"embeddable":true,"href":"https:\/\/www.diarioimagen.net\/index.php?rest_route=\/wp\/v2\/users\/3"}],"replies":[{"embeddable":true,"href":"https:\/\/www.diarioimagen.net\/index.php?rest_route=%2Fwp%2Fv2%2Fcomments&post=567101"}],"version-history":[{"count":0,"href":"https:\/\/www.diarioimagen.net\/index.php?rest_route=\/wp\/v2\/posts\/567101\/revisions"}],"wp:featuredmedia":[{"embeddable":true,"href":"https:\/\/www.diarioimagen.net\/index.php?rest_route=\/wp\/v2\/media\/567219"}],"wp:attachment":[{"href":"https:\/\/www.diarioimagen.net\/index.php?rest_route=%2Fwp%2Fv2%2Fmedia&parent=567101"}],"wp:term":[{"taxonomy":"category","embeddable":true,"href":"https:\/\/www.diarioimagen.net\/index.php?rest_route=%2Fwp%2Fv2%2Fcategories&post=567101"},{"taxonomy":"post_tag","embeddable":true,"href":"https:\/\/www.diarioimagen.net\/index.php?rest_route=%2Fwp%2Fv2%2Ftags&post=567101"}],"curies":[{"name":"wp","href":"https:\/\/api.w.org\/{rel}","templated":true}]}}