{"id":567102,"date":"2022-11-25T00:03:22","date_gmt":"2022-11-25T06:03:22","guid":{"rendered":"https:\/\/www.diarioimagen.net\/?p=567102"},"modified":"2022-11-25T03:49:06","modified_gmt":"2022-11-25T09:49:06","slug":"nuestro-compromiso-es-y-sera-con-la-sociedad-diputado-paco-rojas","status":"publish","type":"post","link":"https:\/\/www.diarioimagen.net\/?p=567102","title":{"rendered":"Nuestro compromiso es y ser\u00e1 con la sociedad: diputado Paco Rojas"},"content":{"rendered":"<p>&nbsp;<\/p>\n<ul>\n<li><em><strong>Primer informe legislativo<\/strong><\/em><\/li>\n<\/ul>\n<p><strong>\u00a0<\/strong><\/p>\n<h6>Arturo Baena<\/h6>\n<p>&nbsp;<\/p>\n<div id=\"attachment_567217\" style=\"width: 470px\" class=\"wp-caption aligncenter\"><a href=\"https:\/\/www.diarioimagen.net\/?attachment_id=567217\" rel=\"attachment wp-att-567217\"><img loading=\"lazy\" decoding=\"async\" aria-describedby=\"caption-attachment-567217\" class=\"size-full wp-image-567217\" src=\"https:\/\/www.diarioimagen.net\/wp-content\/uploads\/2022\/11\/nuestro-compromiso.jpg\" alt=\"\" width=\"460\" height=\"270\" \/><\/a><p id=\"caption-attachment-567217\" class=\"wp-caption-text\">El diputado panista Francisco Rojas rindi\u00f3, en Cuautitl\u00e1n Izcalli, su primer Informe Legislativo.<\/p><\/div>\n<p>&nbsp;<\/p>\n<p><strong>Cuautitl\u00e1n Izcalli, Estado de M\u00e9xico.\u2014<\/strong> Desde el Congreso, hemos trabajado en unidad y equipo para lograr que la voz de los ciudadanos sea escuchada, nuestro compromiso es con la gente.<\/p>\n<p>Afirm\u00f3 lo anterior el diputado Francisco Rojas, durante su primer Informe Legislativo.<\/p>\n<p>\u201cHoy, con gusto presentamos los avances de los primeros doce meses de trabajo como diputado local en donde logramos apoyar a diversos sectores de la sociedad alcanzando grandes resultados.\u00a0Entre ellos, la juventud, el deporte, fortalecimiento del desarrollo social,, entre otros\u201d, dijo.<\/p>\n<p>Reunidos en el municipio de Cuautitl\u00e1n Izcalli y ante m\u00e1s de 9 mil personas, el legislador panista asegur\u00f3 que la experiencia de ser legislador, ha sido una etapa maravillosa, ser su diputado es un gran honor, pero a la vez una gran responsabilidad para no bajar la guardia, asegur\u00f3.<\/p>\n<p>El legislador izcallense detall\u00f3 que durante este primer a\u00f1o, se trabaj\u00f3 intensamente en comunidades, atendiendo las peticiones ciudadanas de manera cercana con las familias izcallenses, beneficiando a m\u00e1s de 23 mil personas con el programa de \u201capoyo a la econom\u00eda familiar\u201d.<\/p>\n<p>Acompa\u00f1ado por karla Fiesco, presidenta municipal de esa localidad, Alejandra del Moral, Coordinadora de la Defensa del Estado de Mexico, Anuar Azar, presidente del PAN en el Edom\u00e9x, Elias Rescala Coordinador de los diputados priistas en la C\u00e1mara Local, as\u00ed como por alcaldes, empresarios, l\u00edderes vecinales y miles de izcallenses, Paco Rojas, agradeci\u00f3 el apoyo y respaldo que ha recibido durante este primer a\u00f1o de trabajo.<\/p>\n<p>Los mexiquenses merecen representantes y gobiernos que beneficien y trabajen para todos, que no dividan, que miren siempre al futuro y no hacia al pasado, insisti\u00f3.<\/p>\n<p>Paco Rojas abund\u00f3 que la unidad es fuerza, cuando \u00e9sta se construye con claridad y rumbo, con imaginaci\u00f3n, humildad y visi\u00f3n, se consolida un mismo proyecto, subray\u00f3.<\/p>\n","protected":false},"excerpt":{"rendered":"<p>Desde el Congreso, hemos trabajado en unidad y equipo para lograr que la voz de los ciudadanos sea escuchada, nuestro compromiso es con la gente.<\/p>\n","protected":false},"author":3,"featured_media":567217,"comment_status":"open","ping_status":"open","sticky":false,"template":"","format":"standard","meta":{"_monsterinsights_skip_tracking":false,"_monsterinsights_sitenote_active":false,"_monsterinsights_sitenote_note":"","_monsterinsights_sitenote_category":0,"footnotes":""},"categories":[5],"tags":[15135,971,43675,15637],"class_list":["post-567102","post","type-post","status-publish","format-standard","has-post-thumbnail","hentry","category-estado-de-mexico","tag-compromiso","tag-cuautitlan-izcalli","tag-estado-de-mexico","tag-informe"],"_links":{"self":[{"href":"https:\/\/www.diarioimagen.net\/index.php?rest_route=\/wp\/v2\/posts\/567102","targetHints":{"allow":["GET"]}}],"collection":[{"href":"https:\/\/www.diarioimagen.net\/index.php?rest_route=\/wp\/v2\/posts"}],"about":[{"href":"https:\/\/www.diarioimagen.net\/index.php?rest_route=\/wp\/v2\/types\/post"}],"author":[{"embeddable":true,"href":"https:\/\/www.diarioimagen.net\/index.php?rest_route=\/wp\/v2\/users\/3"}],"replies":[{"embeddable":true,"href":"https:\/\/www.diarioimagen.net\/index.php?rest_route=%2Fwp%2Fv2%2Fcomments&post=567102"}],"version-history":[{"count":0,"href":"https:\/\/www.diarioimagen.net\/index.php?rest_route=\/wp\/v2\/posts\/567102\/revisions"}],"wp:featuredmedia":[{"embeddable":true,"href":"https:\/\/www.diarioimagen.net\/index.php?rest_route=\/wp\/v2\/media\/567217"}],"wp:attachment":[{"href":"https:\/\/www.diarioimagen.net\/index.php?rest_route=%2Fwp%2Fv2%2Fmedia&parent=567102"}],"wp:term":[{"taxonomy":"category","embeddable":true,"href":"https:\/\/www.diarioimagen.net\/index.php?rest_route=%2Fwp%2Fv2%2Fcategories&post=567102"},{"taxonomy":"post_tag","embeddable":true,"href":"https:\/\/www.diarioimagen.net\/index.php?rest_route=%2Fwp%2Fv2%2Ftags&post=567102"}],"curies":[{"name":"wp","href":"https:\/\/api.w.org\/{rel}","templated":true}]}}