{"id":567142,"date":"2022-11-25T00:04:24","date_gmt":"2022-11-25T06:04:24","guid":{"rendered":"https:\/\/www.diarioimagen.net\/?p=567142"},"modified":"2022-11-25T02:29:00","modified_gmt":"2022-11-25T08:29:00","slug":"polarizacion-en-el-senado","status":"publish","type":"post","link":"https:\/\/www.diarioimagen.net\/?p=567142","title":{"rendered":"Polarizaci\u00f3n en el Senado"},"content":{"rendered":"<h2>Desde el portal<\/h2>\n<h5>\u00c1ngel Soriano<\/h5>\n<p>&nbsp;<\/p>\n<p>A 72 horas del inicio de la marcha conmemorativa del IV a\u00f1o de gobierno del presidente Andr\u00e9s Manuel L\u00f3pez Obrador, y de la Interparlamentaria M\u00e9xico-Espa\u00f1a, todo parece indicar que se polarizan las fuerzas pol\u00edticas m\u00e1s importantes del pa\u00eds en d\u00f3nde habr\u00e1 qu\u00e9 definirse y aceptar el dicho del senador H\u00e9ctor Vasconcelos: Estamos o no estamos.<\/p>\n<p>Y prioridades son prioridades, subraya Ignacio Mier, al declinar su viaje a Madrid para marchar al lado de AMLO de El \u00c1ngel de la Independencia al Z\u00f3calo en lo que es la celebraci\u00f3n de los avances del gobierno de la IV Transformaci\u00f3n y el apoyo del pueblo de M\u00e9xico a su Presidente y a las reformas que ha emprendido, ahora en discusi\u00f3n, la reforma electoral.<\/p>\n<p>Esto contrasta con los \u00faltimos dichos del presidente de la Jucopo del Senado, Ricardo Monreal \u00c1vila, -que han sido ya rechazados por el Presidente-, en el sentido de que en nuestro pa\u00eds se vive una polarizaci\u00f3n y que la divisi\u00f3n que se fomenta es veneno para M\u00e9xico, por lo cual se presenta como una propuesta de unidad y conciliadora.<\/p>\n<p>Los senadores, ha trascendido, han cuestionado al zacatecano porque en su intenci\u00f3n de ser considerado como candidato presidencial de Morena, se ha alejado m\u00e1s del Presidente y se ha entregado a los adversarios, al grado que el mismo l\u00edder panista Santiago Creel celebra que en Madrid Monreal presidir\u00e1 una mesa de trabajo. \u00bfPolarizaci\u00f3n en el Senado?<\/p>\n<p style=\"text-align: center;\"><strong>TURBULENCIAS<br \/>\nSheinbaum, puesta para la candidatura<\/strong><\/p>\n<p>La jefa de Gobierno de la CDMX, Claudia Sheinbaum Pardo, en Santa Cruz Acalpixco, Xochimilco, ratific\u00f3 su aspiraci\u00f3n de ser la primera presidenta de M\u00e9xico y no s\u00f3lo se prepara para su boda con el qu\u00edmico y experto financiero Jes\u00fas Mar\u00eda Tarriba Unger, sino para la lucha al interior de Morena para ganar la candidatura presidencial y, contrario al zacatecano, la cient\u00edfica cada vez est\u00e1 m\u00e1s cerca del que decide en el pa\u00eds\u2026 Lamentable que tr\u00e1ileres cargados con aguacates de exportaci\u00f3n sean incendiados en los caminos de Michoac\u00e1n rumbo a los Estados Unidos lo cual da idea de c\u00f3mo se encuentra el pa\u00eds en materia de seguridad. Es imposible que ninguna autoridad no est\u00e9 pendiente de lo que ocurre en cada rinc\u00f3n de la Rep\u00fablica y s\u00f3lo se entere de lo que pasa por las redes sociales\u2026 La reforma electoral no es juego de vencidas ni de fuerza, es de argumentos y de discusi\u00f3n pol\u00edtica, se\u00f1ala el presidente de la Mesa Directiva de la C\u00e1mara de Diputados, Santiago Creel que adelanta que la coalici\u00f3n Va por M\u00e9xico votar\u00e1 en contra y ver\u00e1n de que se trata el plan B, en tanto que el presidente de la Jucopo, Ignacio Mier, afirma que las modificaciones hechas a la propuesta presidencial beneficia a las minor\u00edas, pero no la han estudiado. \u201cSe est\u00e1n dando un balazo en el pie\u201d, dice el legislador poblano\u2026 El presidente Andr\u00e9s Manuel L\u00f3pez Obrador es anfitri\u00f3n de presidentes latinoamericanos con motivo de la reuni\u00f3n de la Alianza del Pac\u00edfico que, aunque se debilit\u00f3 por la ausencia del presidente Pedro Castillo, podr\u00eda realizarse formalmente en el mes de diciembre\u2026 Ante las denuncias de tr\u00e1fico de ni\u00f1os en Nuevo Le\u00f3n, el l\u00edder del Congreso Local, Ricardo Canavati, pidi\u00f3 que se aporten las pruebas necesarias para que las autoridades act\u00faan en consecuencia y tales afirmaciones no s\u00f3lo se hagan a trav\u00e9s de los medios de comunicaci\u00f3n sin aportar ning\u00fan sustento, sobre todo cuando los se\u00f1alamientos provienen de las mismas autoridades que deben dar el ejemplo de cumplimiento de la Ley y m\u00e1s en el caso de menores de edad indefensos\u2026 Gobernadores y alcaldes del pa\u00eds compiten por llevar el mayor n\u00famero de partidarios de la IV-T a la marcha de este domingo.<\/p>\n<p><u><a href=\"mailto:asorianocarrasco@yahoo.com\" target=\"_blank\" rel=\"noopener noreferrer\"><em>asorianocarrasco@yahoo.com<\/em><\/a><br \/>\n<em><a href=\"https:\/\/revistabrecha.com\" target=\"_blank\" rel=\"noopener noreferrer\">www.revistabrecha.com<\/a><br \/>\n<\/em><\/u><em>facebook oficial <a href=\"https:\/\/es-la.facebook.com\/RevistaBrecha.Oficial\" target=\"_blank\" rel=\"noopener\">@BrechaRevista<\/a><\/em><\/p>\n","protected":false},"excerpt":{"rendered":"<p><span style=\"color: #005497;\"><strong>\u00c1ngel Soriano<\/strong><\/span><\/p>\n","protected":false},"author":3,"featured_media":0,"comment_status":"open","ping_status":"open","sticky":false,"template":"","format":"standard","meta":{"_monsterinsights_skip_tracking":false,"_monsterinsights_sitenote_active":false,"_monsterinsights_sitenote_note":"","_monsterinsights_sitenote_category":0,"footnotes":""},"categories":[135],"tags":[85,86,43674],"class_list":["post-567142","post","type-post","status-publish","format-standard","hentry","category-angel-soriano-opinion","tag-angel-soriano","tag-desde-el-portal","tag-opinion"],"_links":{"self":[{"href":"https:\/\/www.diarioimagen.net\/index.php?rest_route=\/wp\/v2\/posts\/567142","targetHints":{"allow":["GET"]}}],"collection":[{"href":"https:\/\/www.diarioimagen.net\/index.php?rest_route=\/wp\/v2\/posts"}],"about":[{"href":"https:\/\/www.diarioimagen.net\/index.php?rest_route=\/wp\/v2\/types\/post"}],"author":[{"embeddable":true,"href":"https:\/\/www.diarioimagen.net\/index.php?rest_route=\/wp\/v2\/users\/3"}],"replies":[{"embeddable":true,"href":"https:\/\/www.diarioimagen.net\/index.php?rest_route=%2Fwp%2Fv2%2Fcomments&post=567142"}],"version-history":[{"count":0,"href":"https:\/\/www.diarioimagen.net\/index.php?rest_route=\/wp\/v2\/posts\/567142\/revisions"}],"wp:attachment":[{"href":"https:\/\/www.diarioimagen.net\/index.php?rest_route=%2Fwp%2Fv2%2Fmedia&parent=567142"}],"wp:term":[{"taxonomy":"category","embeddable":true,"href":"https:\/\/www.diarioimagen.net\/index.php?rest_route=%2Fwp%2Fv2%2Fcategories&post=567142"},{"taxonomy":"post_tag","embeddable":true,"href":"https:\/\/www.diarioimagen.net\/index.php?rest_route=%2Fwp%2Fv2%2Ftags&post=567142"}],"curies":[{"name":"wp","href":"https:\/\/api.w.org\/{rel}","templated":true}]}}