{"id":567171,"date":"2022-11-25T00:02:54","date_gmt":"2022-11-25T06:02:54","guid":{"rendered":"https:\/\/www.diarioimagen.net\/?p=567171"},"modified":"2022-11-25T02:50:20","modified_gmt":"2022-11-25T08:50:20","slug":"la-marcha-de-este-domingo-un-consuelo-para-lopez-obrador","status":"publish","type":"post","link":"https:\/\/www.diarioimagen.net\/?p=567171","title":{"rendered":"La marcha de este domingo, un consuelo para L\u00f3pez Obrador"},"content":{"rendered":"<h2>La Retaguardia<\/h2>\n<h5>Adriana Moreno Cordero<\/h5>\n<p>&nbsp;<\/p>\n<ul>\n<li><strong><em>El Presidente tiene que dar marcha atr\u00e1s a su reforma electoral<\/em><\/strong><\/li>\n<\/ul>\n<p>&nbsp;<\/p>\n<p>Ahora como consuelo le viene al presidente <strong>Andr\u00e9s Manuel L\u00f3pez Obrador<\/strong>, la marcha que encabezar\u00e1 el pr\u00f3ximo domingo. Y \u00bfpor qu\u00e9?, pues porque ayer dio a conocer que esta errada y llamada Cuarta Transformaci\u00f3n ya no insistir\u00e1 m\u00e1s en la negociaci\u00f3n para aprobar su iniciativa\u00a0 de reforma electoral con la que pretend\u00eda meter mano a la Constituci\u00f3n. S\u00ed, esa con la que el de Tepetit\u00e1n quer\u00eda, m\u00e1s bien le urg\u00eda, que entrara en operaci\u00f3n precisamente, en las elecciones de 2024, as\u00ed que se tuvo que conformar con una reforma legal, pero nadie le ha informado al Presidente que en eso, tambi\u00e9n est\u00e1 muy mal asesorado y podr\u00eda violar la Constituci\u00f3n.<\/p>\n<p>L\u00f3pez Obrador, visiblemente molesto, culp\u00f3, como siempre, a sus adversarios, en este caso a la oposici\u00f3n de la que dijo, se quiere quedar con el INE como est\u00e1 para hacer fraude. O sea, podr\u00eda decirse que desde ahorita est\u00e1 anticipando que si no gana su partido, entonces no hay democracia. Y es m\u00e1s, ve con preocupaci\u00f3n que Morena, pueda perder importantes posiciones electoralmente hablando, adem\u00e1s de que no tiene otra forma el inquilino de Palacio Nacional de responder porque siempre le gana el que estuvo 18 a\u00f1os como candidato.<\/p>\n<p>En esto \u00faltimo, bastar\u00eda con reparar en que el inquilino de Palacio Nacional ha perdido en el terreno internacional, el que tambi\u00e9n quiso manipular, pero como se anot\u00f3 en este espacio en anterior entrega, \u201cAmlolandia\u201d no puede llegar m\u00e1s all\u00e1 de nuestras fronteras, ya que el tabasque\u00f1o solo medio gobierna y bastante mal, por cierto.<\/p>\n<p>En este orden de ideas, primero est\u00e1 la mala jugada que le hicieron los presidentes de Argentina, <strong>Alberto Fern\u00e1ndez<\/strong>, y el electo de Brasil,<strong> Luiz In\u00e1cio Lula da Silva<\/strong>, al no apoyar al mexicano <strong>Gerardo Esquivel<\/strong> para llegar a la titularidad del Banco Interamericano de Desarrollo (BID). Muy amigos, muy hermanos todos, pero a la hora de la verdad, dejaron al tabasque\u00f1o \u201ccolgado de la brocha\u201d y \u00e9ste, lo consider\u00f3 una traici\u00f3n, aunque no lo hizo p\u00fablico.<\/p>\n<p>Luego, en la visita del presidente de Chile, Gabriel Boric, a Palacio Nacional, maestros de la Coordinadora de Guerrero le gritaron a L\u00f3pez Obrador. \u201cDijiste que todo cambiaria y sigue siendo la misma porquer\u00eda\u201d. De manera muy forzada, el Presidente de M\u00e9xico intent\u00f3 sonreir y salud\u00f3 extendiendo la mano al percatarse que hab\u00eda perdido a uno de sus principales aliados a los que tan mal les ha pagado, s\u00f3lo con promesas huecas.<\/p>\n<p>Luego, ya en conferencia de prensa, el presidente Boric dijo ante las prolongadas pausas del tabasque\u00f1o, que ya se explicaba por qu\u00e9 las conferencias ma\u00f1aneras duraban tanto tiempo. Y finalmente, el rev\u00e9s -que puede tener graves consecuencias-, que le plant\u00f3 ni m\u00e1s ni menos que el gobernador de Texas, <strong>Greg Abbott<\/strong>, al informar hace unos d\u00edas que tiene planeado enviar a la frontera con M\u00e9xico, tanques de guerra M113, para frenar la cada vez mayor ola de migrantes que buscan llegar como sea a los Estados Unidos.<\/p>\n<p>Y ante las protestas, el gobernador texano reaccion\u00f3 bajo el argumento de que si aqu\u00ed en M\u00e9xico, L\u00f3pez Obrador le ha dado todo al Ej\u00e9rcito, por qu\u00e9 \u00e9l no iba a echar mano de ese mismo recurso.<\/p>\n<p>Ante todo este abigarrado panorama, L\u00f3pez Obrador no tiene de otra m\u00e1s que autovictimizarse; de ah\u00ed que recientemente declarara a voz en cuello que esta podr\u00eda ser la \u00faltima marcha en la que participar\u00e1 y de inmediato se soltaron cualquier cantidad de especulaciones sobre su estado de salud.<\/p>\n<p>Hay que recordar que desde inicios de su gesti\u00f3n, hizo el compromiso de entregar un reporte m\u00e9dico y a la fecha ha hecho caso omiso. Adem\u00e1s de que se reforz\u00f3 la versi\u00f3n de que debido a su menguado estado de salud, el tabasque\u00f1o tiene por \u00fanica actividad encabezar el gustad\u00edsimo \u201cstand-up\u201d ma\u00f1anero.<\/p>\n<p>Ahora, esta errada y llamada Cuarta Transformaci\u00f3n, est\u00e1 emocionad\u00edsima con la organizaci\u00f3n de la marcha. Aunque empezando por el Presidente, todos niegan que vaya a haber acarreados, lo cierto es que ya se empezaron a cobrar las cuotas de poder y los llamados Servidores de la Naci\u00f3n, amenazan con retirar los apoyos del bienestar si no se acude a la concentraci\u00f3n.<\/p>\n<p>Gobernadores y legisladores de Morena tambi\u00e9n alistan a sus huestes para transportarlas debidamente al punto de partida y tambi\u00e9n habr\u00e1 castigo para quien no cumpla, aunque en acarrear gente se gasten toda su dieta, como les reclam\u00f3 el diputado de Movimiento Ciudadano,<strong> Jorge Alvarez Maynez. <\/strong><\/p>\n<p style=\"text-align: center;\"><strong>Municiones<\/strong><\/p>\n<p>*** A fin de prevenir o atender los fen\u00f3menos de car\u00e1cter humano, econ\u00f3mico, natural o biol\u00f3gico, que impidan a los sectores sociales m\u00e1s vulnerables de la ciudad acceder a los alimentos de la canasta b\u00e1sica, es necesario crear el Fondo para la Prevenci\u00f3n y Atenci\u00f3n de Riesgos a la Seguridad Alimentaria y Nutricional de las y los Habitantes de la Ciudad de M\u00e9xico. Para ello, los diputados locales del PRD: <strong>V\u00edctor Hugo Lobo Rom\u00e1n<\/strong>, <strong>Polimnia Romana Sierra B\u00e1rcena<\/strong>, <strong>Jorge Gavi\u00f1o Ambriz<\/strong> y <strong>Gabriela Quiroga Anguiano<\/strong>, junto con el diputado Carlos Fern\u00e1ndez Tinoco, presentaron una iniciativa para hacer adiciones a la Ley de Seguridad Alimentaria y Nutricional capitalina. En el documento, presentado ayer ante el pleno del Congreso capitalino por la diputada Sierra B\u00e1rcena, precis\u00f3 que la propuesta propone adicionar la fracci\u00f3n XII Bis, al art\u00edculo 6; la fracci\u00f3n III Bis, al art\u00edculo 7; y el Cap\u00edtulo V, al T\u00edtulo Segundo de la citada Ley, para crear dicho fondo. Prev\u00e9n que el fondo est\u00e9 a cargo del titular de la Jefatura de Gobierno, pues en las disposiciones derivadas de la Ley en la materia, es el encargado de la promoci\u00f3n y planeaci\u00f3n para la seguridad alimentaria y nutricional, mediante el establecimiento de acciones, en coordinaci\u00f3n con las organizaciones civiles y sociales, instituciones acad\u00e9micas, grupos empresariales y los habitantes de la Ciudad de M\u00e9xico. En este sentido, tambi\u00e9n otorgan al titular del Ejecutivo local la expedici\u00f3n de las reglas de operaci\u00f3n de dicho Fondo, para el que en t\u00e9rminos de la citada Ley establezca los mecanismos financieros m\u00e1s \u00f3ptimos para su funcionamiento.<\/p>\n<p>*** El secretario de Relaciones Exteriores, <strong>Marcelo Ebrard<\/strong>, inform\u00f3 que la reuni\u00f3n de la Alianza del Pac\u00edfico, esa que se supone que ser\u00e1 en M\u00e9xico y en donde se supone tambi\u00e9n que L\u00f3pez Obrador le entregar\u00eda la estafeta de la presidencia pro tempore al presidente de Per\u00fa, <strong>Pedro Castillo<\/strong>, pero el Congreso peruano no aprob\u00f3 que viajara a nuestro pa\u00eds, se va a llevar a cabo en Lima, pero todav\u00eda no hay una fecha definida. Por cierto, ah\u00ed tambi\u00e9n quiso meter su \u201ccuchara\u201d L\u00f3pez Obrador, pero le sali\u00f3 \u201cel chirri\u00f3n por el palito\u201d.<\/p>\n<p><u><a href=\"mailto:morcora@gmail.com\" target=\"_blank\" rel=\"noopener noreferrer\"><em>morcora@gmail.com<\/em><\/a><\/u><\/p>\n","protected":false},"excerpt":{"rendered":"<p><span style=\"color: #005497;\"><strong>Adriana Moreno Cordero<\/strong><\/span><\/p>\n","protected":false},"author":3,"featured_media":0,"comment_status":"open","ping_status":"open","sticky":false,"template":"","format":"standard","meta":{"_monsterinsights_skip_tracking":false,"_monsterinsights_sitenote_active":false,"_monsterinsights_sitenote_note":"","_monsterinsights_sitenote_category":0,"footnotes":""},"categories":[69370],"tags":[69369,69368,43674],"class_list":["post-567171","post","type-post","status-publish","format-standard","hentry","category-adriana-moreno-cordero","tag-adriana-moreno-cordero","tag-la-retaguardia","tag-opinion"],"_links":{"self":[{"href":"https:\/\/www.diarioimagen.net\/index.php?rest_route=\/wp\/v2\/posts\/567171","targetHints":{"allow":["GET"]}}],"collection":[{"href":"https:\/\/www.diarioimagen.net\/index.php?rest_route=\/wp\/v2\/posts"}],"about":[{"href":"https:\/\/www.diarioimagen.net\/index.php?rest_route=\/wp\/v2\/types\/post"}],"author":[{"embeddable":true,"href":"https:\/\/www.diarioimagen.net\/index.php?rest_route=\/wp\/v2\/users\/3"}],"replies":[{"embeddable":true,"href":"https:\/\/www.diarioimagen.net\/index.php?rest_route=%2Fwp%2Fv2%2Fcomments&post=567171"}],"version-history":[{"count":0,"href":"https:\/\/www.diarioimagen.net\/index.php?rest_route=\/wp\/v2\/posts\/567171\/revisions"}],"wp:attachment":[{"href":"https:\/\/www.diarioimagen.net\/index.php?rest_route=%2Fwp%2Fv2%2Fmedia&parent=567171"}],"wp:term":[{"taxonomy":"category","embeddable":true,"href":"https:\/\/www.diarioimagen.net\/index.php?rest_route=%2Fwp%2Fv2%2Fcategories&post=567171"},{"taxonomy":"post_tag","embeddable":true,"href":"https:\/\/www.diarioimagen.net\/index.php?rest_route=%2Fwp%2Fv2%2Ftags&post=567171"}],"curies":[{"name":"wp","href":"https:\/\/api.w.org\/{rel}","templated":true}]}}