{"id":567243,"date":"2022-11-28T00:04:43","date_gmt":"2022-11-28T06:04:43","guid":{"rendered":"https:\/\/www.diarioimagen.net\/?p=567243"},"modified":"2022-11-29T03:11:20","modified_gmt":"2022-11-29T09:11:20","slug":"agora-de-cenide-espacio-de-aprendizaje-y-recreacion-para-la-comunidad-uaemex","status":"publish","type":"post","link":"https:\/\/www.diarioimagen.net\/?p=567243","title":{"rendered":"\u00c1gora de C\u00e9nide, espacio de aprendizaje y recreaci\u00f3n para la comunidad UAEM\u00e9x"},"content":{"rendered":"<p>&nbsp;<\/p>\n<div id=\"attachment_567376\" style=\"width: 470px\" class=\"wp-caption aligncenter\"><a href=\"https:\/\/www.diarioimagen.net\/?attachment_id=567376\" rel=\"attachment wp-att-567376\"><img loading=\"lazy\" decoding=\"async\" aria-describedby=\"caption-attachment-567376\" class=\"size-full wp-image-567376\" src=\"https:\/\/www.diarioimagen.net\/wp-content\/uploads\/2022\/11\/uaem-agora.jpg\" alt=\"\" width=\"460\" height=\"270\" \/><\/a><p id=\"caption-attachment-567376\" class=\"wp-caption-text\">El \u00c1gora de C\u00e9nide se ha convertido en un punto de aprendizaje, reuni\u00f3n y recreaci\u00f3n para la comunidad de la Universidad Aut\u00f3noma del Estado de M\u00e9xico.<\/p><\/div>\n<p>&nbsp;<\/p>\n<p><strong>Toluca, Estado de M\u00e9xico.\u2014 <\/strong>El \u00c1gora de C\u00e9nide en Ciudad Universitaria es un punto de aprendizaje, reuni\u00f3n y recreaci\u00f3n en la Universidad Aut\u00f3noma del Estado de M\u00e9xico (UAEM\u00e9x), a trav\u00e9s del cual la comunidad auriverde se apropia de esta zona mediante diversas actividades musicales, fotogr\u00e1ficas y talleres organizados por la Administraci\u00f3n 2021-2025.<\/p>\n<p>En este lugar se han presentado conciertos de talentos musicales como el grupo \u201cCafe\u00edna Rock\u201d; la exhibici\u00f3n de exposiciones fotogr\u00e1ficas, por ejemplo, \u201cDesde aqu\u00ed se ve Toluca\u201d, del universitario Jos\u00e9 Carlos Sanabria Escutia, as\u00ed como talleres para la reparaci\u00f3n de bicicletas y la preparaci\u00f3n de composta.<\/p>\n<p>La construcci\u00f3n del \u00c1gora de C\u00e9nide surgi\u00f3 como parte del Programa \u201cVivas, defensoras universitarias\u201d, entre cuyos objetivos destaca la rehabilitaci\u00f3n de espacios universitarios y se ha fortalecido en la administraci\u00f3n que encabeza el rector de la UAEM\u00e9x, Carlos Eduardo Barrera D\u00edaz.<\/p>\n<p>El \u00e1gora est\u00e1 inspirada en una plaza p\u00fablica de la antigua Grecia y se ubica en una ruta en la que transitan diariamente los integrantes de Ciudad Universitaria. Se ha consolidado como un espacio que permite funciones acad\u00e9micas extramuros, como ensayos de los estudiantes de la Licenciatura en Artes Teatrales; adem\u00e1s, es un lugar para las actividades recreativas y de convivencia escolar. Cabe hacer menci\u00f3n que en su construcci\u00f3n, una de las premisas que se plantearon para la adaptaci\u00f3n de este espacio fue conformar un proyecto comunitario, colaborativo y de integraci\u00f3n; por lo cual se public\u00f3 una convocatoria para presentar dise\u00f1os que evocaran la historia de C\u00e9nide y se recibieron 30 propuestas, resultando ganadora la obra de Martha Eugenia D\u00edaz, quien cre\u00f3 el mural mosaico que hoy es un memorial universitario.<\/p>\n<p>Se eligi\u00f3 el mito de C\u00e9nide por su vigencia en el contexto actual y por su simbolismo, ya que C\u00e9nide representa a una mujer violentada sexualmente que resiste y decide que la tragedia no la marcar\u00e1 negativamente. Esto implica una transformaci\u00f3n de la postura femenina para pasar de v\u00edctima a una posici\u00f3n m\u00e1s vital o existencial que refleja la resistencia.<\/p>\n<p>El arquitecto que dise\u00f1\u00f3 la obra, Joaqu\u00edn Campos, se esmer\u00f3 en establecer un espacio abierto que no fuera exclusivo de alguna facultad, un lugar que convoca e integra a la comunidad universitaria y que se ha convertido en un s\u00edmbolo de la identidad universitaria en la UAEM\u00e9x.<\/p>\n","protected":false},"excerpt":{"rendered":"<p>El \u00c1gora de C\u00e9nide en Ciudad Universitaria es un punto de aprendizaje, reuni\u00f3n y recreaci\u00f3n en la Universidad Aut\u00f3noma del Estado de M\u00e9xico (UAEM\u00e9x), a trav\u00e9s del cual la comunidad auriverde se apropia de esta zona mediante diversas actividades musicales, fotogr\u00e1ficas y talleres organizados por la Administraci\u00f3n 2021-2025.<\/p>\n","protected":false},"author":3,"featured_media":567376,"comment_status":"open","ping_status":"open","sticky":false,"template":"","format":"standard","meta":{"_monsterinsights_skip_tracking":false,"_monsterinsights_sitenote_active":false,"_monsterinsights_sitenote_note":"","_monsterinsights_sitenote_category":0,"footnotes":""},"categories":[5],"tags":[96889,67878],"class_list":["post-567243","post","type-post","status-publish","format-standard","has-post-thumbnail","hentry","category-estado-de-mexico","tag-agora-de-cenide","tag-uaemex"],"_links":{"self":[{"href":"https:\/\/www.diarioimagen.net\/index.php?rest_route=\/wp\/v2\/posts\/567243","targetHints":{"allow":["GET"]}}],"collection":[{"href":"https:\/\/www.diarioimagen.net\/index.php?rest_route=\/wp\/v2\/posts"}],"about":[{"href":"https:\/\/www.diarioimagen.net\/index.php?rest_route=\/wp\/v2\/types\/post"}],"author":[{"embeddable":true,"href":"https:\/\/www.diarioimagen.net\/index.php?rest_route=\/wp\/v2\/users\/3"}],"replies":[{"embeddable":true,"href":"https:\/\/www.diarioimagen.net\/index.php?rest_route=%2Fwp%2Fv2%2Fcomments&post=567243"}],"version-history":[{"count":0,"href":"https:\/\/www.diarioimagen.net\/index.php?rest_route=\/wp\/v2\/posts\/567243\/revisions"}],"wp:featuredmedia":[{"embeddable":true,"href":"https:\/\/www.diarioimagen.net\/index.php?rest_route=\/wp\/v2\/media\/567376"}],"wp:attachment":[{"href":"https:\/\/www.diarioimagen.net\/index.php?rest_route=%2Fwp%2Fv2%2Fmedia&parent=567243"}],"wp:term":[{"taxonomy":"category","embeddable":true,"href":"https:\/\/www.diarioimagen.net\/index.php?rest_route=%2Fwp%2Fv2%2Fcategories&post=567243"},{"taxonomy":"post_tag","embeddable":true,"href":"https:\/\/www.diarioimagen.net\/index.php?rest_route=%2Fwp%2Fv2%2Ftags&post=567243"}],"curies":[{"name":"wp","href":"https:\/\/api.w.org\/{rel}","templated":true}]}}