{"id":567245,"date":"2022-11-28T00:01:49","date_gmt":"2022-11-28T06:01:49","guid":{"rendered":"https:\/\/www.diarioimagen.net\/?p=567245"},"modified":"2022-11-29T01:35:32","modified_gmt":"2022-11-29T07:35:32","slug":"elimina-suprema-corte-de-justicia-prision-forzosa-para-delitos-fiscales","status":"publish","type":"post","link":"https:\/\/www.diarioimagen.net\/?p=567245","title":{"rendered":"Elimina Suprema Corte de Justicia prisi\u00f3n forzosa para delitos fiscales"},"content":{"rendered":"<p>&nbsp;<\/p>\n<h3 style=\"text-align: center;\">Ministros invalidan la reforma de 2019<\/h3>\n<p>&nbsp;<\/p>\n<ul>\n<li><strong><em>Ahora ser\u00e1 el MP quien tenga que solicitar la medida en cada caso particular, sin importar montos<\/em><\/strong><\/li>\n<\/ul>\n<p>&nbsp;<\/p>\n<div id=\"attachment_567302\" style=\"width: 470px\" class=\"wp-caption aligncenter\"><a href=\"https:\/\/www.diarioimagen.net\/?attachment_id=567302\" rel=\"attachment wp-att-567302\"><img loading=\"lazy\" decoding=\"async\" aria-describedby=\"caption-attachment-567302\" class=\"size-full wp-image-567302\" src=\"https:\/\/www.diarioimagen.net\/wp-content\/uploads\/2022\/11\/SUPREMA-CORTE.jpg\" alt=\"\" width=\"460\" height=\"270\" \/><\/a><p id=\"caption-attachment-567302\" class=\"wp-caption-text\">La mayor\u00eda de ministros de la SCJN resolvi\u00f3 que el contrabando, la defraudaci\u00f3n fiscal y la simulaci\u00f3n de facturaci\u00f3n ya no clasifican como delincuencia organizada.<\/p><\/div>\n<p>&nbsp;<\/p>\n<p>Los delitos de contrabando, defraudaci\u00f3n fiscal y simulaci\u00f3n en la facturaci\u00f3n no se pueden clasificar como delincuencia organizada, pues no atentan contra la seguridad nacional, resolvi\u00f3 el pleno de la Suprema Corte de Justicia de la Naci\u00f3n (SCJN).<\/p>\n<p>Por mayor\u00eda de nueve votos contra dos, los ministros resolvieron que, por tanto, estas conductas no ameritan la aplicaci\u00f3n de la medida cautelar de prisi\u00f3n preventiva oficiosa.<\/p>\n<p>La SCJN invalid\u00f3 la reforma de 2019, promovida por la Presidencia, para imponer c\u00e1rcel forzosa a los presuntos responsables de estos delitos cuando superen 8.7 millones de pesos. Ante esto, ser\u00e1 el Ministerio P\u00fablico quien tenga que solicitar la medida en cada caso particular, sin importar los montos.<\/p>\n<p>En su resoluci\u00f3n, el ministro Luis Mar\u00eda Aguilar estableci\u00f3 que el Congreso de la Uni\u00f3n, \u201cde manera artificiosa, calific\u00f3 que ciertos delitos fiscales constituyen afectaciones a la seguridad de la Naci\u00f3n, para que, de este modo, fuera posible establecer oficiosamente la medida cautelar privativa de la libertad, cuando en realidad no existe una amenaza en esa materia\u201d.<\/p>\n<p>Por mayor\u00eda calificada de nueve votos contra dos, el M\u00e1ximo Tribunal resolvi\u00f3 que estas conductas no ameritan, por lo tanto, la aplicaci\u00f3n de la medida cautelar de la prisi\u00f3n preventiva oficiosa (PPO) para los indiciados.<\/p>\n<p>La Corte invalid\u00f3 la reforma de 2019, promovida por la Presidencia de la Rep\u00fablica y legisladores de Morena, para imponer la medida cautelar de prisi\u00f3n preventiva oficiosa a los presuntos responsables de estos delitos fiscales.<\/p>\n<p>Se trata de las conductas de factureo, definida como la simulaci\u00f3n en la emisi\u00f3n de comprobantes fiscales en actividades inexistentes, el contrabando y el fraude fiscal por montos superiores a los 8.7 millones de pesos.<\/p>\n<p>Se establece que ser\u00e1 la Fiscal\u00eda General de la Rep\u00fablica, a trav\u00e9s del Ministerio P\u00fablico Federal, quien tenga que solicitar la prisi\u00f3n preventiva, en cada caso en particular, sin importar los montos.<\/p>\n<p>Durante el debate, el ministro Alfredo Guti\u00e9rrez Ortiz Mena explic\u00f3 que los delitos fiscales no pueden entrar en la tipificaci\u00f3n de delincuencia organizada, debido a que \u00e9sta es una conducta delictiva que tiene el objetivo de desestabilizar al Estado de Derecho, por lo que la SCJN debe ce\u00f1irse a la definici\u00f3n constitucional.<\/p>\n<p>El pleno de la Corte resolvi\u00f3 la acci\u00f3n de inconstitucionalidad 130\/2019, y su acumulada 136\/2019, promovidas por la Comisi\u00f3n Nacional de los Derechos Humanos (CNDH) y senadores de oposici\u00f3n, en contra de la medida de aplicar la prisi\u00f3n preventiva oficiosa a estos delitos fiscales.<\/p>\n<p>Los votos en contra fueron de las ministras Yasm\u00edn Esquivel Mossa y Loretta Ortiz Ahlf, quien indic\u00f3 que las organizaciones criminales aprovechan las estructuras financieras que se construyen a partir de esos delitos fiscales.<\/p>\n<p style=\"text-align: center;\"><strong>Permanece la prisi\u00f3n preventiva oficiosa <\/strong><\/p>\n<p>Es la segunda ocasi\u00f3n, en tres meses, la primera fue en septiembre, se revisa y no prospera un proyecto para impedir la aplicaci\u00f3n en autom\u00e1tico de la medida cautelar de la prisi\u00f3n preventiva oficiosa.<\/p>\n<p>En este caso, cinco ministros votaron a favor del proyecto del ministro Aguilar Morales, para la inaplicaci\u00f3n del art\u00edculo 19 de la Constituci\u00f3n, que autoriza la prisi\u00f3n preventiva de oficio para una lista de 16 delitos, entre ellos homicidio doloso, genocidio, violaci\u00f3n, traici\u00f3n a la patria., espionaje, corrupci\u00f3n de menores e incapaces, terrorismo y contra la salud.<\/p>\n<p>El presidente de la Suprema Corte de Justicia, ministro Arturo Zald\u00edvar calific\u00f3 la resoluci\u00f3n de este asunto como un hecho hist\u00f3rico, en el que el M\u00e1ximo Tribunal nuevamente demostr\u00f3 su autonom\u00eda.<\/p>\n","protected":false},"excerpt":{"rendered":"<p>Los delitos de contrabando, defraudaci\u00f3n fiscal y simulaci\u00f3n en la facturaci\u00f3n no se pueden clasificar como delincuencia organizada, pues no atentan contra la seguridad nacional, resolvi\u00f3 el pleno de la Suprema Corte de Justicia de la Naci\u00f3n (SCJN).<\/p>\n","protected":false},"author":3,"featured_media":567302,"comment_status":"open","ping_status":"open","sticky":false,"template":"","format":"standard","meta":{"_monsterinsights_skip_tracking":false,"_monsterinsights_sitenote_active":false,"_monsterinsights_sitenote_note":"","_monsterinsights_sitenote_category":0,"footnotes":""},"categories":[3],"tags":[96890,96891,12814],"class_list":["post-567245","post","type-post","status-publish","format-standard","has-post-thumbnail","hentry","category-nacional","tag-delitos-fisclales","tag-prision-forzosa","tag-suprema-corte-de-justicia"],"_links":{"self":[{"href":"https:\/\/www.diarioimagen.net\/index.php?rest_route=\/wp\/v2\/posts\/567245","targetHints":{"allow":["GET"]}}],"collection":[{"href":"https:\/\/www.diarioimagen.net\/index.php?rest_route=\/wp\/v2\/posts"}],"about":[{"href":"https:\/\/www.diarioimagen.net\/index.php?rest_route=\/wp\/v2\/types\/post"}],"author":[{"embeddable":true,"href":"https:\/\/www.diarioimagen.net\/index.php?rest_route=\/wp\/v2\/users\/3"}],"replies":[{"embeddable":true,"href":"https:\/\/www.diarioimagen.net\/index.php?rest_route=%2Fwp%2Fv2%2Fcomments&post=567245"}],"version-history":[{"count":0,"href":"https:\/\/www.diarioimagen.net\/index.php?rest_route=\/wp\/v2\/posts\/567245\/revisions"}],"wp:featuredmedia":[{"embeddable":true,"href":"https:\/\/www.diarioimagen.net\/index.php?rest_route=\/wp\/v2\/media\/567302"}],"wp:attachment":[{"href":"https:\/\/www.diarioimagen.net\/index.php?rest_route=%2Fwp%2Fv2%2Fmedia&parent=567245"}],"wp:term":[{"taxonomy":"category","embeddable":true,"href":"https:\/\/www.diarioimagen.net\/index.php?rest_route=%2Fwp%2Fv2%2Fcategories&post=567245"},{"taxonomy":"post_tag","embeddable":true,"href":"https:\/\/www.diarioimagen.net\/index.php?rest_route=%2Fwp%2Fv2%2Ftags&post=567245"}],"curies":[{"name":"wp","href":"https:\/\/api.w.org\/{rel}","templated":true}]}}