{"id":567284,"date":"2022-11-28T00:01:01","date_gmt":"2022-11-28T06:01:01","guid":{"rendered":"https:\/\/www.diarioimagen.net\/?p=567284"},"modified":"2022-11-28T05:38:48","modified_gmt":"2022-11-28T11:38:48","slug":"inauguran-hyatt-place-hyatt-house-monterrey-valle-san-pedro-primer-hotel-de-doble-marca-en-america-latina","status":"publish","type":"post","link":"https:\/\/www.diarioimagen.net\/?p=567284","title":{"rendered":"Inauguran <em>Hyatt Place &#038; Hyatt House Monterrey Valle, San Pedro, <\/em>primer hotel de doble marca en Am\u00e9rica Latina"},"content":{"rendered":"<h2>De cinco estrellas<\/h2>\n<h5>Victoria Gonz\u00e1lez Prado<\/h5>\n<p>&nbsp;<\/p>\n<ul>\n<li><strong><em>Reanuda Volaris la ruta M\u00e9rida-Baj\u00edo dos veces por semana<\/em><\/strong><\/li>\n<\/ul>\n<p>&nbsp;<\/p>\n<div id=\"attachment_567364\" style=\"width: 470px\" class=\"wp-caption aligncenter\"><a href=\"https:\/\/www.diarioimagen.net\/?attachment_id=567364\" rel=\"attachment wp-att-567364\"><img loading=\"lazy\" decoding=\"async\" aria-describedby=\"caption-attachment-567364\" class=\"size-full wp-image-567364\" src=\"https:\/\/www.diarioimagen.net\/wp-content\/uploads\/2022\/11\/turismo-10.jpg\" alt=\"\" width=\"460\" height=\"504\" \/><\/a><p id=\"caption-attachment-567364\" class=\"wp-caption-text\">Durante el corte de list\u00f3n y el brindis por la apertura del inmueble.<\/p><\/div>\n<p>&nbsp;<\/p>\n<p><strong>San Pedro Garza Garc\u00eda, Nuevo Le\u00f3n.\u2014<\/strong> Aseguran que tiene una de las mejores vistas de la ciudad. Se trata del nuevo hotel <em>Hyatt Place &amp; Hyatt House Monterrey Valle, San Pedro, <\/em>que abri\u00f3 sus puertas hace unos d\u00edas.<\/p>\n<p>Durante la inauguraci\u00f3n, <strong>\u00c1lvaro de la Garza Montemayor<\/strong>, director general de grupo Cuadro asegur\u00f3: \u201cel d\u00eda de hoy celebramos con gran orgullo la inauguraci\u00f3n de nuestro hotel. En Cuadro cada uno de nuestros proyectos se distingue por la originalidad y la belleza de su dise\u00f1o, as\u00ed como la funcionalidad y la calidad de cada detalle. Estamos seguros que este hotel representa fielmente los valores de nuestra empresa\u201d.<\/p>\n<p>Por su parte, <strong>Braulio Arsuaga<\/strong>, director general de Grupo Presidente, destac\u00f3 lo importante que es Nuevo Le\u00f3n como atractivo tur\u00edstico. \u201cMe siento muy honrado de dar las buenas noticias que tienen que ver con la generaci\u00f3n de empleo, con beneficio a las familias, con crecimiento econ\u00f3mico y por supuesto por brindar m\u00e1s atractivos tur\u00edsticos para los visitantes de este gran estado que es un ejemplo de desarrollo\u201d.<\/p>\n<p>Tambi\u00e9n, <strong>Sergio Puga<\/strong>, gerente general para <em>Hyatt Place &amp; Hyatt House San Pedro,<\/em> dijo: \u201cestamos muy emocionados, como saben este hotel es uno de los primeros o el primero que tiene dos marcas. Ha sido un gran reto este proyecto, pero estamos felices de recibirlos y tener las puertas abiertas para todos\u201d.<\/p>\n<p>El hotel est\u00e1 ubicado en San Pedro Garza Garc\u00eda<strong>,<\/strong> cuenta con amplia variedad de tiendas y ofertas gastron\u00f3micas, adem\u00e1s de estar cerca de los hospitales m\u00e1s importantes de M\u00e9xico en el estado.<\/p>\n<p>Cuenta con 224 habitaciones y suites, 173 sencillas y 51 dobles, todas dise\u00f1adas y acondicionadas para brindar experiencia \u00fanica a sus hu\u00e9spedes. Hay 77 suites completamente equipadas, 56 habitaciones comunicadas y cuatro habitaciones habilitadas para hu\u00e9spedes con movilidad reducida. El inmueble conjuga las bondades de ambas marcas y permite cubrir las necesidades de los hu\u00e9spedes que viajan por negocios o por placer y por diferentes periodos de tiempo.<\/p>\n<p>Cabe destacar que la marca <em>Hyatt Place <\/em>es ideal para los hu\u00e9spedes que buscan estancias cortas pues pone a su disposici\u00f3n todas las amenidades que necesitan para estad\u00eda placentera. Asimismo, <em>Hyatt House<\/em>, es ideal para hu\u00e9spedes interesados en estad\u00edas largas que no interrumpan su rutina cotidiana durante sus viajes laborales, educativos, de ocio, o incluso con fines m\u00e9dicos. Sus habitaciones de estilo residencial, tipo estudio cuentan con todo lo que necesitan para sentirse como en casa.<\/p>\n<p><em>Hyatt Place &amp; Hyatt House Monterrey Valle \/ San Pedro<\/em> pone a disposici\u00f3n de sus hu\u00e9spedes gimnasio completamente equipado, lavander\u00eda disponible las 24 horas, consolas de videojuegos, alberca climatizada al aire libre, tintorer\u00eda, terraza con asadores, minimercado y el conocido HBAR con productos exclusivos de <em>Starbucks,<\/em> adem\u00e1s de <em>shuttle<\/em> disponible para distancias de 3 km a la redonda. Tambi\u00e9n muy importante destacar que las\u00a0 mascotas son bienvenidas. Cada hu\u00e9sped puede ingresar hasta dos acompa\u00f1antes peludos de m\u00e1ximo 22 kg cada uno.<\/p>\n<p>Ofrece cuatro salones de diferentes capacidades para eventos y reuniones. Todos los espacios son flexibles y se pueden adaptar a las necesidades de cada cliente.<\/p>\n<p>Conscientes de la importancia del cuidado del medio ambiente y las pr\u00e1cticas sustentables, <em>Hyatt Place &amp; Hyatt House Monterrey Valle \/ San Pedro<\/em> utiliza la aplicaci\u00f3n global <em>Hyatt EcoTrack<\/em>, herramienta electr\u00f3nica de gesti\u00f3n ambiental, que recopila y analiza datos para dar seguimiento al consumo de agua, energ\u00eda, emisiones de carbonos, desperdicios, actividades de reciclaje y otras m\u00e9tricas para evaluar y mejorar los procesos de sustentabilidad.<\/p>\n<p>La operaci\u00f3n y administraci\u00f3n del nuevo hotel est\u00e1 a cargo de Grupo Presidente, empresa mexicana operadora de hoteles y restaurantes propios y de terceros, y es la segunda marca del portafolio de <em>Hyatt Hotels<\/em> que opera en M\u00e9xico, adem\u00e1s de <em>Hyatt House Mexico City \/ Santa Fe. <\/em><\/p>\n<p>Otras de las autoridades presentes fueron <strong>Rub\u00e9n Carrillo<\/strong>, vicepresidente regional de Operaciones de Hyatt para Las Am\u00e9ricas; <strong>Maricarmen Mart\u00ednez<\/strong>, secretaria de Turismo de la entidad; <strong>Jos\u00e9 Luis Garza<\/strong>, subsecretario de fomento econ\u00f3mico, de la secretaria de administraci\u00f3n de la alcald\u00eda; <strong>Laura Lozano<\/strong>, en representaci\u00f3n del alcalde <strong>Miguel Bernardo Trevi\u00f1o de Hoyos<\/strong>; el subsecretario de medio ambiente, <strong>Javier P\u00e9rez Saga\u00f3n<\/strong>; <strong>Guillaume Pierre<\/strong>, C\u00f3nsul general de Francia en Nuevo Le\u00f3n; <strong>Jes\u00fas Nader<\/strong>, presidente de la Asociaci\u00f3n Mexicana de Hoteles de Nuevo Le\u00f3n y <strong>Daniel Garc\u00eda Rosales<\/strong>, presidente de Canirac Nuevo Le\u00f3n.<\/p>\n<p>\u2730\u2730\u2730\u2730\u2730 En representaci\u00f3n del gobernador de Yucat\u00e1n, <strong>Mauricio Vila Dosal<\/strong>, <strong>Michelle Fridman Hirsch<\/strong>, titular de la Secretar\u00eda de Fomento Tur\u00edstico (Sefotur), junto con representantes de Volaris, inauguraron el vuelo M\u00e9rida-Baj\u00edo; ruta con la que fortalecen la conectividad entre estos importantes destinos para el comercio y turismo a nivel nacional.<\/p>\n<p>De acuerdo con <strong>Fridman Hirsch<\/strong>, la\u00a0 entidad ha mantenido tendencia al alza\u00a0 con relaci\u00f3n al n\u00famero de turistas que han arribado al destino por v\u00eda a\u00e9rea, esto con relaci\u00f3n a informaci\u00f3n obtenida en los indicadores de los primeros meses de 2022, superando en casi 9 por ciento las cifras previas a la pandemia.<\/p>\n<p>La titular de la Sefotur, al hacer uso de la palabra asegur\u00f3: \u201cestamos muy contentos por reanudar la ruta con el Baj\u00edo, ya que este era un vuelo en el que insistimos por su importancia pues significa una enorme oportunidad de atracci\u00f3n de varios mercados, no s\u00f3lo el guanajuatense, sino de todo el Baj\u00edo, as\u00ed nos acerca a un importante mercado pues los turistas de ambos destinos van a poder disfrutar los fines de semana\u201d.<\/p>\n<p>Con esta reapertura, Volaris se consolida como la aerol\u00ednea m\u00e1s grande del Aeropuerto Internacional de Guanajuato gracias a sus 13 rutas. Reafirma su compromiso con el crecimiento del turismo en Guanajuato y M\u00e9rida, donde aterriz\u00f3 por primera vez durante 2006 y 2007, respectivamente.<\/p>\n<p>Por \u00faltimo<em>, <\/em><strong>Omar Carrera<\/strong>, director Sr. Comercial de Volaris, indic\u00f3, \u201cesta reapertura es un reflejo del objetivo con el que Volaris naci\u00f3 hace 16 a\u00f1os: el de ofrecer al mayor n\u00famero de personas, la posibilidad de conectar directamente con diversos destinos dentro y fuera de nuestro pa\u00eds\u201d. <em>\u00a0<\/em><\/p>\n<p>Quienes deseen viajar podr\u00e1n hacerlo desde 699 pesos vuelo sencillo e impuestos incluidos. Consulta el itinerario en la p\u00e1gina <em>web<\/em> de la aerol\u00ednea.<\/p>\n<p>&nbsp;<\/p>\n<blockquote>\n<p style=\"text-align: right;\">\u201c<strong>El<\/strong> <strong>\u00e1ngel de la fama tiene sus alas hechas de papel&#8230; peri\u00f3dico\u201d.<br \/>\n<\/strong><\/p>\n<\/blockquote>\n<p>&nbsp;<\/p>\n<p><em><span class=\"Apple-converted-space\"><a href=\"mailto:victoriagprado@gmail.com\" target=\"_blank\" rel=\"noopener noreferrer\">victoriagprado@gmail.com<\/a><br \/>\nTwitter: <a href=\"https:\/\/twitter.com\/victoriagprado\" target=\"_blank\" rel=\"noopener noreferrer\">@victoriagprado<\/a><\/span><\/em><\/p>\n","protected":false},"excerpt":{"rendered":"<p>Aseguran que tiene una de las mejores vistas de la ciudad. Se trata del nuevo hotel Hyatt Place &#038; Hyatt House Monterrey Valle, San Pedro, que abri\u00f3 sus puertas hace unos d\u00edas.<\/p>\n","protected":false},"author":3,"featured_media":567365,"comment_status":"open","ping_status":"open","sticky":false,"template":"","format":"standard","meta":{"_monsterinsights_skip_tracking":false,"_monsterinsights_sitenote_active":false,"_monsterinsights_sitenote_note":"","_monsterinsights_sitenote_category":0,"footnotes":""},"categories":[11],"tags":[107,43674,43681,106],"class_list":["post-567284","post","type-post","status-publish","format-standard","has-post-thumbnail","hentry","category-turismo","tag-de-cinco-estrellas","tag-opinion","tag-turismo","tag-victoria-gonzalez-prado"],"_links":{"self":[{"href":"https:\/\/www.diarioimagen.net\/index.php?rest_route=\/wp\/v2\/posts\/567284","targetHints":{"allow":["GET"]}}],"collection":[{"href":"https:\/\/www.diarioimagen.net\/index.php?rest_route=\/wp\/v2\/posts"}],"about":[{"href":"https:\/\/www.diarioimagen.net\/index.php?rest_route=\/wp\/v2\/types\/post"}],"author":[{"embeddable":true,"href":"https:\/\/www.diarioimagen.net\/index.php?rest_route=\/wp\/v2\/users\/3"}],"replies":[{"embeddable":true,"href":"https:\/\/www.diarioimagen.net\/index.php?rest_route=%2Fwp%2Fv2%2Fcomments&post=567284"}],"version-history":[{"count":0,"href":"https:\/\/www.diarioimagen.net\/index.php?rest_route=\/wp\/v2\/posts\/567284\/revisions"}],"wp:featuredmedia":[{"embeddable":true,"href":"https:\/\/www.diarioimagen.net\/index.php?rest_route=\/wp\/v2\/media\/567365"}],"wp:attachment":[{"href":"https:\/\/www.diarioimagen.net\/index.php?rest_route=%2Fwp%2Fv2%2Fmedia&parent=567284"}],"wp:term":[{"taxonomy":"category","embeddable":true,"href":"https:\/\/www.diarioimagen.net\/index.php?rest_route=%2Fwp%2Fv2%2Fcategories&post=567284"},{"taxonomy":"post_tag","embeddable":true,"href":"https:\/\/www.diarioimagen.net\/index.php?rest_route=%2Fwp%2Fv2%2Ftags&post=567284"}],"curies":[{"name":"wp","href":"https:\/\/api.w.org\/{rel}","templated":true}]}}