{"id":567316,"date":"2022-11-28T00:01:36","date_gmt":"2022-11-28T06:01:36","guid":{"rendered":"https:\/\/www.diarioimagen.net\/?p=567316"},"modified":"2022-11-28T05:06:46","modified_gmt":"2022-11-28T11:06:46","slug":"pudor-y-decencia","status":"publish","type":"post","link":"https:\/\/www.diarioimagen.net\/?p=567316","title":{"rendered":"Pudor y decencia"},"content":{"rendered":"<h2>De pe a pa<\/h2>\n<h5>Alberto Vieyra G.<\/h5>\n<p>&nbsp;<\/p>\n<p>\u00bfNo que en M\u00e9xico existe la divisi\u00f3n de poderes? Pues f\u00edjese usted que no. Y este mi\u00e9rcoles lo confirm\u00f3 descaradamente Ad\u00e1n Augusto L\u00f3pez, el rijoso y chindinguas secretario <em>lopezobradorista<\/em> de Gobernaci\u00f3n, cuando sin ning\u00fan rubor revel\u00f3 en la C\u00e1mara de Diputados que el dictamen de ley sobre la iniciativa de la reforma constitucional en materia electoral que propone AMLO se realiz\u00f3 en la Secretar\u00eda de Gobernaci\u00f3n a su cargo y no en la C\u00e1mara de Diputados. \u00a1Ufff\u2026 \u00bfCu\u00e1l pudor y decencia en el quehacer pol\u00edtico de la dizque Cuarta Transformaci\u00f3n?! Hab\u00eda m\u00e1s dignidad y decoro en la era rupestre.<\/p>\n<p>\u00bfQu\u00e9 nos dice semejante idiotez?<\/p>\n<p>Bueno, pues que en el actual gobierno no hay \u00e9tica, tampoco ciencia pol\u00edtica y, menos, respeto a la divisi\u00f3n de poderes que debe imperar en M\u00e9xico, pues los diputados y senadores recibieron con esa revelaci\u00f3n del chindinguas secretario de Gobernaci\u00f3n una bofetada que los exhibe como viles lacayos del Presidente de la Rep\u00fablica y ahora se entiende porque no deben cambiar ni un punto, ni una coma a las iniciativas de ley promovidas por el primer mandatario, como es el caso de la reforma electoral que busca a toda costa la desaparici\u00f3n del INE para que AMLO se apodere del \u00e1rbitro electoral de M\u00e9xico para perpetuarse en el poder. Tambi\u00e9n el chindinguas secretario de Gobernaci\u00f3n empin\u00f3 a su jefe haci\u00e9ndolo ver como un dictadorzuelo que no sabe de leyes y que solamente ordena al titular de la Segob lo que debe hacerse en materia legislativa. S\u00ed, que el gran legislador se llama Andr\u00e9s Manuel L\u00f3pez Obrador y no los diputados y senadores, a los cuales les pagamos para que le <em>cranien<\/em> y hagan leyes que no crucifiquen a los mexicanos.<\/p>\n<p>Qu\u00e9 desafortunado resbal\u00f3n pol\u00edtico el que dio Ad\u00e1n Augusto L\u00f3pez, el mism\u00edsimo que siendo gobernador de Tabasco propuso la <em>ley garrote<\/em> para darles hasta por debajo de la lengua a los periodistas deslenguados y todo porque \u00e9l tiene una piel que es muy susceptible al ardor y al escozor, igualito que su jefe de Palacio, son de mecha corta\u2026 Y quiere ser Presidente de M\u00e9xico. Ni Dios lo quiera, me exiliar\u00eda en la hermana rep\u00fablica de Yucat\u00e1n.<\/p>\n<p>Pero vi\u00e9ndolo bien, la \u201ccorcholata\u201d de Gobernaci\u00f3n tiene raz\u00f3n. En mis 3 d\u00e9cadas que dur\u00e9 como cronista parlamentario, aprend\u00ed que el 99% de las iniciativas de ley promovidas por el gobierno se elaboran en la Secretar\u00eda de Gobernaci\u00f3n y que en la mayor\u00eda de los casos llevan la orden de ser aprobadas por la v\u00eda del \u201cfast track\u201d, es decir que sobre las rodillas los diputados y senadores aprueban reformas a la Constituci\u00f3n y a las leyes secundarias a lo g\u00fcey, sin saber lo que est\u00e1n aprobando. S\u00f3lo unos cuantos legisladores mueve-atoles son los que reciben la orden de Gobernaci\u00f3n para que hagan alarde de sus tacos de lengua sobre tal o cual iniciativa de ley que ser\u00e1 aprobada.<\/p>\n<p>Muy pocas iniciativas de ley son empujadas por legisladores de <em>motu propio<\/em> o por \u00f3rdenes de sus partidos pol\u00edticos. Como no hay pudor ni decencia en el quehacer pol\u00edtico de esta dizque cuarta transformaci\u00f3n que se convirti\u00f3 en vil desilusi\u00f3n.<\/p>\n<p>Y como no hay decencia, dignidad ni decoro en el quehacer pol\u00edtico de este gobierno, pues insiste en mandar a la hoguera la reforma electoral amlista, a sabiendas de que recibir\u00e1 un estrepitoso rev\u00e9s pol\u00edtico porque jam\u00e1s lograr\u00e1 las dos terceras partes en las C\u00e1maras y exhibir\u00e1 a AMLO como un gobernante terco al m\u00e1s puro estilo de los dictadores. Y para que no duela tanto el rev\u00e9s pol\u00edtico, AMLO realiz\u00f3 este domingo su marcha de revanchismo de Estado con miles de acarreados pagados por nosotros.<\/p>\n<p><em><a href=\"mailto:info@agenciamn.com\" target=\"_blank\" rel=\"noopener noreferrer\">info@agenciamn.com<\/a><\/em><\/p>\n","protected":false},"excerpt":{"rendered":"<p><span style=\"color: #005497;\"><strong>Alberto Vieyra G.<\/strong><\/span><\/p>\n","protected":false},"author":3,"featured_media":0,"comment_status":"open","ping_status":"open","sticky":false,"template":"","format":"standard","meta":{"_monsterinsights_skip_tracking":false,"_monsterinsights_sitenote_active":false,"_monsterinsights_sitenote_note":"","_monsterinsights_sitenote_category":0,"footnotes":""},"categories":[4596],"tags":[43697,4597,43674],"class_list":["post-567316","post","type-post","status-publish","format-standard","hentry","category-alberto-vieyra-g","tag-alberto-vieyra-g","tag-de-pe-a-pa","tag-opinion"],"_links":{"self":[{"href":"https:\/\/www.diarioimagen.net\/index.php?rest_route=\/wp\/v2\/posts\/567316","targetHints":{"allow":["GET"]}}],"collection":[{"href":"https:\/\/www.diarioimagen.net\/index.php?rest_route=\/wp\/v2\/posts"}],"about":[{"href":"https:\/\/www.diarioimagen.net\/index.php?rest_route=\/wp\/v2\/types\/post"}],"author":[{"embeddable":true,"href":"https:\/\/www.diarioimagen.net\/index.php?rest_route=\/wp\/v2\/users\/3"}],"replies":[{"embeddable":true,"href":"https:\/\/www.diarioimagen.net\/index.php?rest_route=%2Fwp%2Fv2%2Fcomments&post=567316"}],"version-history":[{"count":0,"href":"https:\/\/www.diarioimagen.net\/index.php?rest_route=\/wp\/v2\/posts\/567316\/revisions"}],"wp:attachment":[{"href":"https:\/\/www.diarioimagen.net\/index.php?rest_route=%2Fwp%2Fv2%2Fmedia&parent=567316"}],"wp:term":[{"taxonomy":"category","embeddable":true,"href":"https:\/\/www.diarioimagen.net\/index.php?rest_route=%2Fwp%2Fv2%2Fcategories&post=567316"},{"taxonomy":"post_tag","embeddable":true,"href":"https:\/\/www.diarioimagen.net\/index.php?rest_route=%2Fwp%2Fv2%2Ftags&post=567316"}],"curies":[{"name":"wp","href":"https:\/\/api.w.org\/{rel}","templated":true}]}}