{"id":567321,"date":"2022-11-28T00:05:54","date_gmt":"2022-11-28T06:05:54","guid":{"rendered":"https:\/\/www.diarioimagen.net\/?p=567321"},"modified":"2022-11-28T05:09:37","modified_gmt":"2022-11-28T11:09:37","slug":"la-marcha-del-maiz","status":"publish","type":"post","link":"https:\/\/www.diarioimagen.net\/?p=567321","title":{"rendered":"\u201cLa marcha del ma\u00edz\u201d"},"content":{"rendered":"<h2>Perfil de M\u00e9xico<\/h2>\n<h5>Armando R\u00edos Ruiz<\/h5>\n<p>&nbsp;<\/p>\n<p>El t\u00edtulo resulta extra\u00f1o para bautizar el movimiento del Presidente, que bien pudo llamarse la marcha de la venganza, la marcha del complejo, la marcha del dios de M\u00e9xico,\u00a0 la marcha del rey de la calle y m\u00e1s que cualquiera podr\u00eda imaginar. Se llama \u201cLa marcha del ma\u00edz\u201d, para aludir la leyenda sobre el invento del ajedrez, en la que se cuenta que para pagar al inventor por tan ingenioso entretenimiento, fue necesario reunir una cantidad inimaginable de grano.<\/p>\n<p>La misma dice que su creador, Sissa, pidi\u00f3 al rey, pago de un grano de trigo por la primera casilla. Dos por la segunda. Cuatro por la tercera y el doble cada vez que se avanzara. El rey pens\u00f3 que era muy poco y hasta se ofendi\u00f3. Pero al sumar, los silos del reino fueron insuficientes para pagar.<\/p>\n<p>El Presidente debi\u00f3 hacer acopio de ma\u00edz en todos los rincones de M\u00e9xico, precisamente para \u201cmaicear\u201d a los acarreados que llegaron a la capital provenientes de todos los estados de la Rep\u00fablica, a vitorearlo. A expresar su lopezobradorismo A exhibir su devoci\u00f3n al personaje y a la 4T y en suma, a llenar las calles, lo mismo que el inmenso ego del convocante.<\/p>\n<p>Tuve la idea de preguntar a un joven de aspecto humilde, proveniente de Guerrero, qu\u00e9 quiere decir 4T y me contest\u00f3 que \u201calgo as\u00ed como cuatro veces trinch\u00f3n\u201d. Pregunt\u00e9 nuevamente qu\u00e9 quiere decir \u201ctrinch\u00f3n\u201d y me contest\u00f3: \u201cQuiere decir cuatro veces cabr\u00f3n\u201d. Esto motiv\u00f3 las carcajadas de otros acompa\u00f1antes, sin saber que re\u00edan ante una respuesta llena de ignorancia. O que los asistentes acuden al llamado de su dios y no conocen siquiera la verdadera raz\u00f3n por la que obedecen.<\/p>\n<p>Las decenas y decenas de camiones que igual que siempre, se ve\u00edan por todas partes, contrastaron con la marcha del 13 pasado, emplazada por agrupaciones civiles, porque evidenciaron el acarreo desmesurado, que debe haber costado demasiados millones a todos los que en este pa\u00eds pagan impuestos para botarlo en una marcha dedicada al ego presidencial.<\/p>\n<p>El costo del acarreo, seg\u00fan el columnista Dar\u00edo Celis, ser\u00eda de aproximadamente mil 500 millones de pesos (habla de unos 700 mil acarreados). Desmenuza: \u201cCon una media de 10 mil a 20 mil personas, para lo que se necesitar\u00e1n entre 250 y 500 camiones por entidad. Adem\u00e1s la paga por concepto de hotel, alimentos y vi\u00e1ticos en general, as\u00ed como herramientas de apoyo como camisetas, gorras, banderines y pancartas, ronda<strong>\u00a0<\/strong>los 20 millones por cada 10 mil personas.<\/p>\n<p>Luego agrega que los marchistas de la zona metropolitana o de los municipios colindantes, del Estado de M\u00e9xico, principalmente, demandar\u00edan un costo que se ubica entre dos y tres millones de pesos por cada 10 mil manifestantes.<\/p>\n<p>\u00bfTodo esto para qu\u00e9? Para demostrar a quienes fueron por su propia voluntad, sin necesidad de acarreos en un n\u00famero superior a los 700 mil, de acuerdo con expertos, que es mejor en eso de realizar marchas. Para demostrar que el pueblo lo adora, por m\u00e1s que algunas encuestas ya comienzan a desdibujarlo ante la opini\u00f3n p\u00fablica. Sin embargo, cualquier mexicano con disponibilidad de los recursos p\u00fablicos que pertenecen a los mexicanos podr\u00eda lograrlo. No se necesita ser genio. Lo \u00fanico que se requiere es dinero y todo el aparato gubernamental.<\/p>\n<p>Su marcha no representa absolutamente ning\u00fan triunfo. Por m\u00e1s que el lunes, desde el mismo gobierno surgir\u00e1n voces en el sentido de que acudieron m\u00e1s a la marcha del Presidente que a la del 13 de noviembre, que fue puramente de los ciudadanos. Y este triunfo de a de veras, no podr\u00e1 borrarlo nadie, por m\u00e1s que se ufanen, desde el Presidente hasta el \u00faltimo de sus esbirros, como reci\u00e9n ocurri\u00f3 con sus aduladores. Ejemplo: Ad\u00e1n Augusto.<\/p>\n<p>\u00bfEs realmente bueno demostrar ese m\u00fasculo fl\u00e1cido, pero lleno de recursos? Los mexicanos que s\u00ed piensan tienen la palabra.<\/p>\n<p><a href=\"mailto:ariosruiz@gmail.com\" target=\"_blank\" rel=\"noopener noreferrer\"><em>ariosruiz@gmail.com<\/em><\/a><\/p>\n","protected":false},"excerpt":{"rendered":"<p><span style=\"color: #005497;\"><strong>Armando R\u00edos Ruiz<\/strong><\/span><\/p>\n","protected":false},"author":3,"featured_media":0,"comment_status":"open","ping_status":"open","sticky":false,"template":"","format":"standard","meta":{"_monsterinsights_skip_tracking":false,"_monsterinsights_sitenote_active":false,"_monsterinsights_sitenote_note":"","_monsterinsights_sitenote_category":0,"footnotes":""},"categories":[88405],"tags":[88407,43674,91193],"class_list":["post-567321","post","type-post","status-publish","format-standard","hentry","category-armando-rios-ruiz","tag-armando-rios-ruiz","tag-opinion","tag-perfil-de-mexico"],"_links":{"self":[{"href":"https:\/\/www.diarioimagen.net\/index.php?rest_route=\/wp\/v2\/posts\/567321","targetHints":{"allow":["GET"]}}],"collection":[{"href":"https:\/\/www.diarioimagen.net\/index.php?rest_route=\/wp\/v2\/posts"}],"about":[{"href":"https:\/\/www.diarioimagen.net\/index.php?rest_route=\/wp\/v2\/types\/post"}],"author":[{"embeddable":true,"href":"https:\/\/www.diarioimagen.net\/index.php?rest_route=\/wp\/v2\/users\/3"}],"replies":[{"embeddable":true,"href":"https:\/\/www.diarioimagen.net\/index.php?rest_route=%2Fwp%2Fv2%2Fcomments&post=567321"}],"version-history":[{"count":0,"href":"https:\/\/www.diarioimagen.net\/index.php?rest_route=\/wp\/v2\/posts\/567321\/revisions"}],"wp:attachment":[{"href":"https:\/\/www.diarioimagen.net\/index.php?rest_route=%2Fwp%2Fv2%2Fmedia&parent=567321"}],"wp:term":[{"taxonomy":"category","embeddable":true,"href":"https:\/\/www.diarioimagen.net\/index.php?rest_route=%2Fwp%2Fv2%2Fcategories&post=567321"},{"taxonomy":"post_tag","embeddable":true,"href":"https:\/\/www.diarioimagen.net\/index.php?rest_route=%2Fwp%2Fv2%2Ftags&post=567321"}],"curies":[{"name":"wp","href":"https:\/\/api.w.org\/{rel}","templated":true}]}}