{"id":567328,"date":"2022-11-28T00:03:50","date_gmt":"2022-11-28T06:03:50","guid":{"rendered":"https:\/\/www.diarioimagen.net\/?p=567328"},"modified":"2022-11-28T05:15:42","modified_gmt":"2022-11-28T11:15:42","slug":"ausentes-de-la-marcha","status":"publish","type":"post","link":"https:\/\/www.diarioimagen.net\/?p=567328","title":{"rendered":"Ausentes de la marcha"},"content":{"rendered":"<h2>Espacio Electoral<\/h2>\n<h5>Eleazar Flores<\/h5>\n<p>&nbsp;<\/p>\n<p><strong>\u00bfCU\u00c1NTO COST\u00d3?-.<\/strong> De entre el \u201cchingo y dos montones\u201d \u2014seg\u00fan el c\u00e1lculo exacto de Mart\u00ed Batres\u201d\u2014 de asistentes a la marcha de ayer domingo, en la capital del pa\u00eds, por ning\u00fan lado de la fila se vieron a los pap\u00e1s de ni\u00f1os con c\u00e1ncer reclamando medicamentos, a los norte\u00f1os LeBar\u00f3n\u00a0 y mucho menos a los demandantes de esclarecer\u00a0 el asesinato de los jesuitas en Sonora.<\/p>\n<p>Fue imposible contar a los asistentes a la marcha, ser\u00eda m\u00e1s efectivo pedir a los gobernadores y alcaldes capitalinos, n\u00famero y relaci\u00f3n de veh\u00edculos que enviaron para el traslado \u201cvoluntario\u201d de sus gobernados.<\/p>\n<p>En materia de marchas, m\u00edtines y acarreos, los mexicanos que piensan diferente a los gobernantes de la Cuarta Transformaci\u00f3n, \u201cse quisieron poner con sans\u00f3n a las patadas\u201d, opin\u00f3 el siempre filoso Don Teofilito.<\/p>\n<p>Seguramente se refer\u00eda a la marcha ESPONT\u00c1NEA, sin transporte ni torta de por medio,\u00a0 hicieron los mexicanos en defensa de EL INE NO SE TOCA.<\/p>\n<p>A prop\u00f3sito de lo anterior, de entre las miles de mantas que se captaron en la marcha de ayer, se ley\u00f3 un texto que dec\u00eda AMLO NO SE TOCA.<\/p>\n<p>La marcha que inici\u00f3 a las 9 horas en El \u00c1ngel de la Independencia con el Presidente\u00a0 presente, dur\u00f3 seis horas, pues en punto de las tres de la tarde, el mandatario empez\u00f3 a usar su herramienta preferida de campa\u00f1a, el micr\u00f3fono, en un Z\u00f3calo repleto de gente, vallas y desde luego, lujosos autobuses de transporte de pasajeros que tambi\u00e9n sirvieron como vallas para limitar la concentraci\u00f3n.<\/p>\n<p>Por cuestiones de tiempo fue imposible esperar complejo el mensaje del presidente Andr\u00e9s Manuel L\u00f3pez Obrador, pues mi jefe ya no me recibir\u00eda el material.<\/p>\n<p><strong>MEDIOS DE COMUNICACI\u00d3N-.<\/strong> Para tener un panorama m\u00e1s completo de todo lo ocurrido a lo largo de los casi seis kil\u00f3metros de longitud de la marcha-manifestaci\u00f3n, hubo que estar pendientes de los reporteros que con celular en mano, enviaban a sus noticieros radiof\u00f3nicos o televisivos, los datos m\u00e1s sobresalientes.<\/p>\n<p><strong>MEDIOSOFICIALES-.<\/strong> L\u00e1stima que en los medios oficiales, canales 11, 14, 22 , IMER y sistemas estatales de catorce entidades,\u00a0 s\u00f3lo hubo una voz, la de los conductores de esos medios dirigidos por Genaro Villamil, otrora agudo cr\u00edtico anti gubernamental y hoy APOLOGISTA n\u00famero uno de la Cuarta Transformaci\u00f3n.<\/p>\n<p>Sus reporteros \u2014j\u00f3venes en su mayor\u00eda, y que bueno\u2014 no se sal\u00edan del script para que los entrevistados de todo el pa\u00eds adularan a\u00fan m\u00e1s al mandatario, quien hay que reconocerle, rechaz\u00f3 la invitaci\u00f3n que le hac\u00edan sus colaboradores para subirse al Jetta.<\/p>\n<p><strong>GASTOS-.<\/strong> De todo lo anterior \u00bfel gerente de Morena, Mario Delgado, reportar\u00e1 al INE el costo, incluidas las pantallas colocadas en las calles?<\/p>\n<p><em><a href=\"mailto:elefa44@gmail.com\" target=\"_blank\" rel=\"noopener noreferrer\">elefa44@gmail.com<\/a><\/em><\/p>\n","protected":false},"excerpt":{"rendered":"<p><span style=\"color: #005497;\"><strong>Eleazar Flores<\/strong><\/span><\/p>\n","protected":false},"author":3,"featured_media":0,"comment_status":"open","ping_status":"open","sticky":false,"template":"","format":"standard","meta":{"_monsterinsights_skip_tracking":false,"_monsterinsights_sitenote_active":false,"_monsterinsights_sitenote_note":"","_monsterinsights_sitenote_category":0,"footnotes":""},"categories":[81743],"tags":[81744,81776,43674],"class_list":["post-567328","post","type-post","status-publish","format-standard","hentry","category-eleazar-flores","tag-eleazar-flores","tag-espacio-electoral","tag-opinion"],"_links":{"self":[{"href":"https:\/\/www.diarioimagen.net\/index.php?rest_route=\/wp\/v2\/posts\/567328","targetHints":{"allow":["GET"]}}],"collection":[{"href":"https:\/\/www.diarioimagen.net\/index.php?rest_route=\/wp\/v2\/posts"}],"about":[{"href":"https:\/\/www.diarioimagen.net\/index.php?rest_route=\/wp\/v2\/types\/post"}],"author":[{"embeddable":true,"href":"https:\/\/www.diarioimagen.net\/index.php?rest_route=\/wp\/v2\/users\/3"}],"replies":[{"embeddable":true,"href":"https:\/\/www.diarioimagen.net\/index.php?rest_route=%2Fwp%2Fv2%2Fcomments&post=567328"}],"version-history":[{"count":0,"href":"https:\/\/www.diarioimagen.net\/index.php?rest_route=\/wp\/v2\/posts\/567328\/revisions"}],"wp:attachment":[{"href":"https:\/\/www.diarioimagen.net\/index.php?rest_route=%2Fwp%2Fv2%2Fmedia&parent=567328"}],"wp:term":[{"taxonomy":"category","embeddable":true,"href":"https:\/\/www.diarioimagen.net\/index.php?rest_route=%2Fwp%2Fv2%2Fcategories&post=567328"},{"taxonomy":"post_tag","embeddable":true,"href":"https:\/\/www.diarioimagen.net\/index.php?rest_route=%2Fwp%2Fv2%2Ftags&post=567328"}],"curies":[{"name":"wp","href":"https:\/\/api.w.org\/{rel}","templated":true}]}}