{"id":567402,"date":"2022-11-29T00:04:32","date_gmt":"2022-11-29T06:04:32","guid":{"rendered":"https:\/\/www.diarioimagen.net\/?p=567402"},"modified":"2022-11-30T01:34:21","modified_gmt":"2022-11-30T07:34:21","slug":"maria-vicenta-esteller-alberich-investigadora-uaemex-analiza-factores-naturales-y-humanos-que-contaminan-el-agua-subterranea","status":"publish","type":"post","link":"https:\/\/www.diarioimagen.net\/?p=567402","title":{"rendered":"Mar\u00eda Vicenta Esteller Alberich, investigadora UAEM\u00e9x, analiza factores naturales y humanos que contaminan el agua subterr\u00e1nea"},"content":{"rendered":"<p>&nbsp;<\/p>\n<div id=\"attachment_567438\" style=\"width: 470px\" class=\"wp-caption aligncenter\"><a href=\"https:\/\/www.diarioimagen.net\/?attachment_id=567438\" rel=\"attachment wp-att-567438\"><img loading=\"lazy\" decoding=\"async\" aria-describedby=\"caption-attachment-567438\" class=\"size-full wp-image-567438\" src=\"https:\/\/www.diarioimagen.net\/wp-content\/uploads\/2022\/11\/uaem-agua.jpg\" alt=\"\" width=\"460\" height=\"270\" \/><\/a><p id=\"caption-attachment-567438\" class=\"wp-caption-text\">El agua subterr\u00e1nea es una de las principales fuentes de abastecimiento afectada por sustancias que pueden ser nocivas a la salud, extern\u00f3 la investigadora del IITCA, Mar\u00eda Vicenta Esteller Alberich.<\/p><\/div>\n<p>&nbsp;<\/p>\n<p><strong>Toluca, Estado de M\u00e9xico.\u2014 <\/strong>Con el objetivo de analizar los factores que afectan la calidad del agua subterr\u00e1nea en el acu\u00edfero de Texcoco, la investigadora Mar\u00eda Vicenta Esteller Alberich, miembro del Instituto Interamericano de Tecnolog\u00eda y Ciencias del Agua (IITCA) de la Universidad Aut\u00f3noma del Estado de M\u00e9xico (UAEM\u00e9x), realiza la investigaci\u00f3n \u00a0\u201cFactores geog\u00e9nicos y antropog\u00e9nicos que controlan la composici\u00f3n qu\u00edmica del agua subterr\u00e1nea, acu\u00edfero de Texcoco, Estado de M\u00e9xico\u201d.<\/p>\n<p>La investigaci\u00f3n que forma parte del est\u00edmulo Mujeres en la Ciencia otorgado por el Consejo Mexiquense de Ciencia y Tecnolog\u00eda (COMECyT) plantea analizar las sustancias qu\u00edmicas que afecta la composici\u00f3n del agua subterr\u00e1nea en esa regi\u00f3n de la entidad, ya sean provocadas por factores antropog\u00e9nicos (la humanidad) o geog\u00e9nicos (la misma naturaleza).<\/p>\n<p>\u201cEl agua es el m\u00e1ximo disolvente de sustancias, estas son provocadas de forma natural o geog\u00e9nica. Las sustancias naturales son creadas por el mismo medio ambiente, en este sentido, el agua subterr\u00e1nea se encuentra en contacto directo con rocas que desprenden ciertos qu\u00edmicos, como minerales. La segunda causa es la antropog\u00e9nica que es provocada por las actividades que realizamos como seres humanos, generando residuos contaminantes\u201d, explic\u00f3.<\/p>\n<p>Esteller Alberich explic\u00f3 que la mayor parte del agua subterr\u00e1nea que se extrae del acu\u00edfero de Texcoco se utiliza para abastecimiento humano, por lo que detectar sustancias nocivas para la salud permitir\u00e1 prevenir a la poblaci\u00f3n de enfermedades. El proceso en la investigaci\u00f3n inici\u00f3 con muestras de agua de los pozos para analizarlas en el Laboratorio de Calidad del Agua del IITCA. Se realizan an\u00e1lisis qu\u00edmicos y microbiol\u00f3gicos que determinar\u00e1n la calidad del l\u00edquido vital, as\u00ed como los factores que la est\u00e1n afectando.<\/p>\n<p>Adem\u00e1s, los resultados obtenidos en el muestreo permitir\u00e1 comparar si existen zonas con mejor o peor calidad en el acu\u00edfero de Texcoco para tomar medidas que eviten su contaminaci\u00f3n.<\/p>\n<p>Finalmente, para Mar\u00eda Vicenta Esteller su incursi\u00f3n en la ciencia es un ejemplo de que s\u00ed se puede estar en un campo del conocimiento donde predominaba el g\u00e9nero masculino.<\/p>\n","protected":false},"excerpt":{"rendered":"<p>Con el objetivo de analizar los factores que afectan la calidad del agua subterr\u00e1nea en el acu\u00edfero de Texcoco, la investigadora Mar\u00eda Vicenta Esteller Alberich, miembro del Instituto Interamericano de Tecnolog\u00eda y Ciencias del Agua (IITCA) de la Universidad Aut\u00f3noma del Estado de M\u00e9xico (UAEM\u00e9x), realiza la investigaci\u00f3n \u00a0\u201cFactores geog\u00e9nicos y antropog\u00e9nicos que controlan la composici\u00f3n qu\u00edmica del agua subterr\u00e1nea, acu\u00edfero de Texcoco, Estado de M\u00e9xico\u201d.<\/p>\n","protected":false},"author":3,"featured_media":567438,"comment_status":"open","ping_status":"open","sticky":false,"template":"","format":"standard","meta":{"_monsterinsights_skip_tracking":false,"_monsterinsights_sitenote_active":false,"_monsterinsights_sitenote_note":"","_monsterinsights_sitenote_category":0,"footnotes":""},"categories":[5],"tags":[96905,96904,67878],"class_list":["post-567402","post","type-post","status-publish","format-standard","has-post-thumbnail","hentry","category-estado-de-mexico","tag-factores-naturales","tag-maria-vicenta-esteller-alberich","tag-uaemex"],"_links":{"self":[{"href":"https:\/\/www.diarioimagen.net\/index.php?rest_route=\/wp\/v2\/posts\/567402","targetHints":{"allow":["GET"]}}],"collection":[{"href":"https:\/\/www.diarioimagen.net\/index.php?rest_route=\/wp\/v2\/posts"}],"about":[{"href":"https:\/\/www.diarioimagen.net\/index.php?rest_route=\/wp\/v2\/types\/post"}],"author":[{"embeddable":true,"href":"https:\/\/www.diarioimagen.net\/index.php?rest_route=\/wp\/v2\/users\/3"}],"replies":[{"embeddable":true,"href":"https:\/\/www.diarioimagen.net\/index.php?rest_route=%2Fwp%2Fv2%2Fcomments&post=567402"}],"version-history":[{"count":0,"href":"https:\/\/www.diarioimagen.net\/index.php?rest_route=\/wp\/v2\/posts\/567402\/revisions"}],"wp:featuredmedia":[{"embeddable":true,"href":"https:\/\/www.diarioimagen.net\/index.php?rest_route=\/wp\/v2\/media\/567438"}],"wp:attachment":[{"href":"https:\/\/www.diarioimagen.net\/index.php?rest_route=%2Fwp%2Fv2%2Fmedia&parent=567402"}],"wp:term":[{"taxonomy":"category","embeddable":true,"href":"https:\/\/www.diarioimagen.net\/index.php?rest_route=%2Fwp%2Fv2%2Fcategories&post=567402"},{"taxonomy":"post_tag","embeddable":true,"href":"https:\/\/www.diarioimagen.net\/index.php?rest_route=%2Fwp%2Fv2%2Ftags&post=567402"}],"curies":[{"name":"wp","href":"https:\/\/api.w.org\/{rel}","templated":true}]}}