{"id":567412,"date":"2022-11-29T00:04:35","date_gmt":"2022-11-29T06:04:35","guid":{"rendered":"https:\/\/www.diarioimagen.net\/?p=567412"},"modified":"2022-11-29T03:24:45","modified_gmt":"2022-11-29T09:24:45","slug":"gobernar-edomex-prioridad-para-el-pvem","status":"publish","type":"post","link":"https:\/\/www.diarioimagen.net\/?p=567412","title":{"rendered":"Gobernar Edomex, prioridad para el PVEM"},"content":{"rendered":"<p>&nbsp;<\/p>\n<p><a href=\"https:\/\/www.diarioimagen.net\/?attachment_id=567470\" rel=\"attachment wp-att-567470\"><img loading=\"lazy\" decoding=\"async\" class=\"aligncenter size-full wp-image-567470\" src=\"https:\/\/www.diarioimagen.net\/wp-content\/uploads\/2022\/11\/gobernador-edomex.jpg\" alt=\"\" width=\"460\" height=\"270\" \/><\/a><\/p>\n<p>&nbsp;<\/p>\n<p><strong>Sultepec, Estado de M\u00e9xico.\u2014 <\/strong>Gobernar el Estado de M\u00e9xico ser\u00e1 una prioridad para el Partido Verde Ecologista de M\u00e9xico (PVEM) mexiquense, afirm\u00f3 Jos\u00e9 Alberto Couttolenc Buentello en la Sexta Convenci\u00f3n de Delegados Zona, Sur Rumbo al Proceso Electoral 2023, realizada en Sultepec, regi\u00f3n importante para este instituto pol\u00edtico.<\/p>\n<p>\u201cSin duda, alguna ser\u00e1 nuestra prioridad (gobernar) en este 2023 y tambi\u00e9n en el 2024 porque sabemos que podemos transformar la manera en que se vive el sur y todo el estado, que ha estado abandonado durante muchos a\u00f1os\u201d, asegur\u00f3 \u201cPepe\u201d Couttolenc frente a m\u00e1s de cinco mil personas de la Familia Verde y medios de comunicaci\u00f3n.<\/p>\n","protected":false},"excerpt":{"rendered":"<p>Gobernar el Estado de M\u00e9xico ser\u00e1 una prioridad para el Partido Verde Ecologista de M\u00e9xico (PVEM) mexiquense, afirm\u00f3 Jos\u00e9 Alberto Couttolenc Buentello en la Sexta Convenci\u00f3n de Delegados Zona, Sur Rumbo al Proceso Electoral 2023, realizada en Sultepec, regi\u00f3n importante para este instituto pol\u00edtico.<\/p>\n","protected":false},"author":3,"featured_media":567470,"comment_status":"open","ping_status":"open","sticky":false,"template":"","format":"standard","meta":{"_monsterinsights_skip_tracking":false,"_monsterinsights_sitenote_active":false,"_monsterinsights_sitenote_note":"","_monsterinsights_sitenote_category":0,"footnotes":""},"categories":[5],"tags":[43675,95666,1416],"class_list":["post-567412","post","type-post","status-publish","format-standard","has-post-thumbnail","hentry","category-estado-de-mexico","tag-estado-de-mexico","tag-jose-alberto-couttolenc-buentello","tag-pvem"],"_links":{"self":[{"href":"https:\/\/www.diarioimagen.net\/index.php?rest_route=\/wp\/v2\/posts\/567412","targetHints":{"allow":["GET"]}}],"collection":[{"href":"https:\/\/www.diarioimagen.net\/index.php?rest_route=\/wp\/v2\/posts"}],"about":[{"href":"https:\/\/www.diarioimagen.net\/index.php?rest_route=\/wp\/v2\/types\/post"}],"author":[{"embeddable":true,"href":"https:\/\/www.diarioimagen.net\/index.php?rest_route=\/wp\/v2\/users\/3"}],"replies":[{"embeddable":true,"href":"https:\/\/www.diarioimagen.net\/index.php?rest_route=%2Fwp%2Fv2%2Fcomments&post=567412"}],"version-history":[{"count":0,"href":"https:\/\/www.diarioimagen.net\/index.php?rest_route=\/wp\/v2\/posts\/567412\/revisions"}],"wp:featuredmedia":[{"embeddable":true,"href":"https:\/\/www.diarioimagen.net\/index.php?rest_route=\/wp\/v2\/media\/567470"}],"wp:attachment":[{"href":"https:\/\/www.diarioimagen.net\/index.php?rest_route=%2Fwp%2Fv2%2Fmedia&parent=567412"}],"wp:term":[{"taxonomy":"category","embeddable":true,"href":"https:\/\/www.diarioimagen.net\/index.php?rest_route=%2Fwp%2Fv2%2Fcategories&post=567412"},{"taxonomy":"post_tag","embeddable":true,"href":"https:\/\/www.diarioimagen.net\/index.php?rest_route=%2Fwp%2Fv2%2Ftags&post=567412"}],"curies":[{"name":"wp","href":"https:\/\/api.w.org\/{rel}","templated":true}]}}