{"id":567418,"date":"2022-11-29T00:03:08","date_gmt":"2022-11-29T06:03:08","guid":{"rendered":"https:\/\/www.diarioimagen.net\/?p=567418"},"modified":"2022-11-29T03:23:46","modified_gmt":"2022-11-29T09:23:46","slug":"habra-una-gran-alianza-electoral-en-edomex-afirma-zamacona-urquiza","status":"publish","type":"post","link":"https:\/\/www.diarioimagen.net\/?p=567418","title":{"rendered":"Habr\u00e1 una gran alianza electoral en Edomex, afirma Zamacona Urquiza\u00a0"},"content":{"rendered":"<p>&nbsp;<\/p>\n<ul>\n<li><em><strong>\u201cSer\u00e1 el primer gobierno de coalici\u00f3n\u201d<\/strong><\/em><\/li>\n<\/ul>\n<p><strong>\u00a0<\/strong><\/p>\n<h6>Arturo Baena<\/h6>\n<p>&nbsp;<\/p>\n<div id=\"attachment_567466\" style=\"width: 470px\" class=\"wp-caption aligncenter\"><a href=\"https:\/\/www.diarioimagen.net\/?attachment_id=567466\" rel=\"attachment wp-att-567466\"><img loading=\"lazy\" decoding=\"async\" aria-describedby=\"caption-attachment-567466\" class=\"size-full wp-image-567466\" src=\"https:\/\/www.diarioimagen.net\/wp-content\/uploads\/2022\/11\/gran-alianza.jpg\" alt=\"\" width=\"460\" height=\"270\" \/><\/a><p id=\"caption-attachment-567466\" class=\"wp-caption-text\">El legislador panista Guillermo Zamacona Urquiza\u00a0 se\u00f1al\u00f3 que en el Estado de M\u00e9xico se construir\u00e1 una gran alianza electoral para ganar en 2023.<\/p><\/div>\n<p>&nbsp;<\/p>\n<p><strong>Huixquilucan, Estado de M\u00e9xico.\u2014<\/strong> El diputado priista Guillermo Zamacona Urquiza es directo: \u201cEn el Estado de M\u00e9xico se construir\u00e1 una gran alianza electoral para ganar en 2023 y conseguir el primer gobierno de coalici\u00f3n en la entidad\u201d.<\/p>\n<p>El joven legislador, en entrevista, destac\u00f3 que es \u201cbienvenida la pluralidad a esta gran alianza por el Estado de M\u00e9xico. La uni\u00f3n hace la fuerza, \u200b\u200bvamos por una coalici\u00f3n electoral y por el primer gobierno de coalici\u00f3n que haya tenido la entidad mexiquense. Eso tambi\u00e9n habla de cambio y es la primera alternancia pol\u00edtica que tendr\u00e1 la entidad\u201d, enfatiz\u00f3. Reiter\u00f3 que la alianza ciudadana que se construye, representa la voz de millones de mexiquenses que quieren defender los sue\u00f1os y la felicidad de sus familias.<\/p>\n<p>\u201cEs nuestro deber pol\u00edtico fortalecer la alianza y sumar a toda la sociedad, empresarios, trabajadores, productores, maestros, j\u00f3venes, mujeres, comerciantes, transportistas, de todas las latitudes del territorio estatal\u201d, expres\u00f3.<\/p>\n<p>Por otra parte, y acompa\u00f1ada por el presidente del Comit\u00e9 Directivo Estatal del PRI, Eric Sevilla, y de la Coordinadora por la Defensa del Estado de M\u00e9xico, Alejandra del Moral, inform\u00f3 que el fin de semana pasado se sinti\u00f3 la fuerza y \u200b\u200bel poder de la ciudadan\u00eda para defender a las instituciones. La sociedad civil es la voz viva del pueblo y su voz se escucha fuerte.<\/p>\n<p>Finalmente, Guillermo Zamacona, destac\u00f3 que el Coordinador de los diputados del PRI en la Legislatura local, El\u00edas Rescala, es un pol\u00edtico franco, transparente, constructor de acuerdos y que tiene un profundo amor por el Estado de M\u00e9xico, por lo que expres\u00f3 su orgullo por sus resultados legislativos.<\/p>\n","protected":false},"excerpt":{"rendered":"<p>El diputado priista Guillermo Zamacona Urquiza es directo: \u201cEn el Estado de M\u00e9xico se construir\u00e1 una gran alianza electoral para ganar en 2023 y conseguir el primer gobierno de coalici\u00f3n en la entidad\u201d.<\/p>\n","protected":false},"author":3,"featured_media":567466,"comment_status":"open","ping_status":"open","sticky":false,"template":"","format":"standard","meta":{"_monsterinsights_skip_tracking":false,"_monsterinsights_sitenote_active":false,"_monsterinsights_sitenote_note":"","_monsterinsights_sitenote_category":0,"footnotes":""},"categories":[5],"tags":[96908,43675,95030,1097],"class_list":["post-567418","post","type-post","status-publish","format-standard","has-post-thumbnail","hentry","category-estado-de-mexico","tag-alianza-electoral","tag-estado-de-mexico","tag-guillermo-zamacona-urquiza","tag-huixquilucan"],"_links":{"self":[{"href":"https:\/\/www.diarioimagen.net\/index.php?rest_route=\/wp\/v2\/posts\/567418","targetHints":{"allow":["GET"]}}],"collection":[{"href":"https:\/\/www.diarioimagen.net\/index.php?rest_route=\/wp\/v2\/posts"}],"about":[{"href":"https:\/\/www.diarioimagen.net\/index.php?rest_route=\/wp\/v2\/types\/post"}],"author":[{"embeddable":true,"href":"https:\/\/www.diarioimagen.net\/index.php?rest_route=\/wp\/v2\/users\/3"}],"replies":[{"embeddable":true,"href":"https:\/\/www.diarioimagen.net\/index.php?rest_route=%2Fwp%2Fv2%2Fcomments&post=567418"}],"version-history":[{"count":0,"href":"https:\/\/www.diarioimagen.net\/index.php?rest_route=\/wp\/v2\/posts\/567418\/revisions"}],"wp:featuredmedia":[{"embeddable":true,"href":"https:\/\/www.diarioimagen.net\/index.php?rest_route=\/wp\/v2\/media\/567466"}],"wp:attachment":[{"href":"https:\/\/www.diarioimagen.net\/index.php?rest_route=%2Fwp%2Fv2%2Fmedia&parent=567418"}],"wp:term":[{"taxonomy":"category","embeddable":true,"href":"https:\/\/www.diarioimagen.net\/index.php?rest_route=%2Fwp%2Fv2%2Fcategories&post=567418"},{"taxonomy":"post_tag","embeddable":true,"href":"https:\/\/www.diarioimagen.net\/index.php?rest_route=%2Fwp%2Fv2%2Ftags&post=567418"}],"curies":[{"name":"wp","href":"https:\/\/api.w.org\/{rel}","templated":true}]}}