{"id":567480,"date":"2022-11-29T00:02:26","date_gmt":"2022-11-29T06:02:26","guid":{"rendered":"https:\/\/www.diarioimagen.net\/?p=567480"},"modified":"2022-11-29T03:55:54","modified_gmt":"2022-11-29T09:55:54","slug":"reforma-electoral-de-amlo-no-pudo-ser-metida-con-calzador-en-san-lazaro","status":"publish","type":"post","link":"https:\/\/www.diarioimagen.net\/?p=567480","title":{"rendered":"Reforma electoral de AMLO no pudo ser metida con calzador en San L\u00e1zaro"},"content":{"rendered":"<h2>La Retaguardia<\/h2>\n<h5>Adriana Moreno Cordero<\/h5>\n<p>&nbsp;<\/p>\n<p>Hoy ser\u00e1 un d\u00eda trascendental en la C\u00e1mara de Diputados, citados todos los legisladores en punto de las once de la ma\u00f1ana y donde las ausencias, de uno y otro lado, podr\u00edan costar muy caras, pues iniciar\u00e1 la discusi\u00f3n en torno a la controvertida reforma electoral enviada desde Palacio de Palacio Nacional y que en el transcurso de los d\u00edas pasados, Morena y r\u00e9moras que las acompa\u00f1an, trataron de meter con calzador, pasando por alto la existencia de un centenar de propuestas sobre el tema.<\/p>\n<p>Por lo pronto, ayer, la propuesta de reforma electoral del presidente <strong>Andr\u00e9s Manuel L\u00f3pez Obrador<\/strong>, fue aprobada en Comisiones, donde no se requiere de mayor\u00eda calificada, sino \u00fanicamente de la mitad m\u00e1s uno, as\u00ed que los legisladores que coordina Ignacio Mier Velazco, se hicieron ilusiones moment\u00e1neamente\u00a0 y con<strong>\u00a0<\/strong>62 votos a favor y 48 en contra\u00a0se aval\u00f3 dicho dictamen pero, ojo, s\u00f3lo en Comisiones, que para este tema son la de\u00a0Reforma Pol\u00edtica Electoral, Puntos Constitucionales y Gobernaci\u00f3n y Poblaci\u00f3n.<\/p>\n<p>Desde la tarde-noche de ayer, llegaron a las afueras del Palacio Legislativo de San L\u00e1zaro personas que est\u00e1n a favor de la defensa del Instituto Nacional Electoral, para organizar la \u201cvelada rosa\u201d y permanecer\u00e1n en ese lugar hasta que la reforma, enviada por el Ejecutivo, sea desechada, como desde la v\u00edspera se ha venido anunciando.<\/p>\n<p>Es m\u00e1s, ayer mismo, el presidente del CEN del PRI, <strong>Alejandro Moreno C\u00e1rdenas<\/strong>, una vez m\u00e1s reiter\u00f3 que afirm\u00f3 que en el gobierno y en Morena tienen claro que no cuentan con los votos de la oposici\u00f3n, por lo que el dictamen sobre la reforma electoral no tendr\u00e1 las dos terceras partes, para que haya una reforma constitucional.<\/p>\n<p>Moreno C\u00e1rdenas se\u00f1al\u00f3 que desde la reuni\u00f3n pasada, donde se present\u00f3 el proyecto de dictamen, que era la iniciativa pr\u00e1cticamente del titular del Poder Ejecutivo, la posici\u00f3n del PRI fue en contra, \u201cy estoy convencido que la oposici\u00f3n votar\u00e1 en contra\u201d.<\/p>\n<p>Tambi\u00e9n hay que recordar que la posici\u00f3n del bloque opositor ha sido muy consistente y firme de tal suerte, que es de esperarse que en la sesi\u00f3n de hoy, Morena y sus r\u00e9moras\u00a0 no logren la mayor\u00eda calificada.<\/p>\n<p>Incluso el presidente L\u00f3pez Obrador, ya tuvo a bien \u201camarrarse el dedo\u201d e ir por un \u201cplan B\u201d, que se derivar\u00eda de que el Ejecutivo tome el control del Instituto Nacional Electoral, (INE), renovando a cuatro consejeros, incluido el consejero presidente.<\/p>\n<p>Y por si alguna duda quedara, el propio diputado Mier Velazco, ya anunci\u00f3 que hoy, los legisladores de Morena y sus acompa\u00f1antes presentar\u00e1n ese famoso \u201cplan B\u201d y para ello, recurri\u00f3 a frases setenteras, como las que se usaban en los tiempos del ex presidente Luis Echeverr\u00eda como por ejemplo cuando se de la votaci\u00f3n: \u201cSe someter\u00e1 a consideraci\u00f3n de las y los diputados y que cada qui\u00e9n asuma su papel frente a la historia\u201d<\/p>\n<p>Qu\u00e9, \u00bfhoy no habr\u00e1 aquello del pared\u00f3n simb\u00f3lico por donde pasar\u00edan los diputados del bloque opositor, que invent\u00f3 Ignacio Mier cuando se vot\u00f3 tambi\u00e9n en contra la reforma el\u00e9ctrica aquel famoso \u201cDomingo de Ramos\u201d?<\/p>\n<p>Y hay otra frase cuando por en\u00e9sima ocasi\u00f3n, el coordinador de Morena en la C\u00e1mara baja manifest\u00f3 su enojo porque no logr\u00f3 los consensos en torno a la reforma electoral de su jefe porque otra vez le queda mal y eso, lo m\u00e1s probable es que tambi\u00e9n tenga un costo que pasar\u00e1 de un mero \u201cjal\u00f3n de orejas\u201d por parte del inquilino de Palacio Nacional: \u201cQued\u00f3 demostrado que la oposici\u00f3n de nuestro movimiento est\u00e1 a favor de intereses extranjeros, y de hipotecar la soberan\u00eda nacional<em>\u201d<\/em>.<\/p>\n<p style=\"text-align: center;\"><strong>Municiones<\/strong><\/p>\n<p>*** El presidente de la delegaci\u00f3n mexicana en los trabajos XVI Reuni\u00f3n Interparlamentaria M\u00e9xico-Espa\u00f1a, <strong>Ricardo Monreal<\/strong>, agradeci\u00f3 la anfitrion\u00eda de que fueron objeto los legisladores mexicanos durante los trabajos de dicha reuni\u00f3n parlamentaria, pero sobre todo la voluntad y el empe\u00f1o para alcanzar acuerdos que redundar\u00e1n en beneficio de ambas naciones. Subray\u00f3 el legislador zacatecano que en lo personal le quedaron algunos temas pendientes como el fiscal para lo cual, se\u00f1al\u00f3, platicar\u00e1 en corto con sus hom\u00f3logos espa\u00f1oles. Destac\u00f3 que <strong>Thomas Picetti<\/strong>, un economista franc\u00e9s, habla sobre la progresividad fiscal, lo que le parece trascendental. Adem\u00e1s, agreg\u00f3, el sistema de pensiones, que en general genera una gran discusi\u00f3n y din\u00e1mica. En M\u00e9xico, record\u00f3, hubo una movilizaci\u00f3n sobre la materia, \u201cy ya platicaremos de estos temas en el trayecto de los pr\u00f3ximos d\u00edas\u201d, apunt\u00f3. Monreal \u00c1vila expuso que fue una reuni\u00f3n intensa, por lo que le agradeci\u00f3 a su contraparte, a los parlamentarios del Reino de Espa\u00f1a, su anfitrion\u00eda y su generosidad con la que hemos sido recibidos mis compa\u00f1eros y compa\u00f1eras, en este extraordinario pa\u00eds, como integrantes del Congreso de la Uni\u00f3n de M\u00e9xico. Agreg\u00f3 que \u201cdeseamos, y est\u00e1 en las conclusiones, que la pr\u00f3xima\u00a0 (reuni\u00f3n parlamentaria), sea en M\u00e9xico, all\u00e1 los recibiremos. Trataremos de hacerlo antes de noviembre, porque muchos salen, hay elecciones, entonces espero que podamos coincidir\u201d, finaliz\u00f3.<\/p>\n<p>*** Qu\u00e9 bueno que el senador Monreal tuvo algo mucho m\u00e1s productivo que hacer, que estar asistiendo a desorganizadas movilizaciones en la que la mayor\u00eda tuvo que ir voluntariamente a fuerzas, aunque claro, tambi\u00e9n hay que se\u00f1alar que muchos asistieron por su propio pie y pagando sus gastos pero hay que destacar, \u00bfpor qu\u00e9 ya en la explanada\u00a0 del Z\u00f3calo capitalino dejaron hablando solo a L\u00f3pez Obrador? El segu\u00eda hablando y la gente, verdaderamente exhausta, fue abandonando en una especie de \u201cefecto hormiga\u201d a quien les dirig\u00eda un encendido discurso en el que el de Tepetit\u00e1n acu\u00f1\u00f3 aquello del humanismo mexicano. Aqu\u00ed habr\u00eda que anotar: \u00bfqu\u00e9 pas\u00f3 con su tristemente famosa Cartilla Moral?, pues no sirvi\u00f3 de nada. Es m\u00e1s, ni a varios de sus seguidores les dice gran cosa o m\u00e1s bien nada, eso del humanismo mexicano. Y s la flamante jefa de Gobierno de la Ciudad de M\u00e9xico, <strong>Claudia Sheinbaum,<\/strong> estuvo el d\u00eda de la marcha todo el tiempo junto a su jefe, fue porque el hijo del tabasque\u00f1o, <strong>Andr\u00e9s L\u00f3pez Beltr\u00e1n<\/strong>, se empe\u00f1\u00f3 en tenerla ah\u00ed todo el tiempo, y ni qu\u00e9 decir del papel\u00f3n de guarura que hizo el no menos flamante secretario de Gobernaci\u00f3n, <strong>Ad\u00e1n Augusto L\u00f3pez<\/strong>, que acab\u00f3 harto. Vale la pena destacar que el secretario de Relaciones Exteriores no estuvo tan cerca de L\u00f3pez Obrador, \u00bfser\u00eda este alg\u00fan mensaje con dedicatoria especial para el canciller?<\/p>\n<p>*** En Coahuila, los dirigentes locales del PRI, <strong>Rodrigo Fuentes<\/strong>; PAN, <strong>Elisa Maldonado<\/strong> y PRD, <strong>Mary Telma Guajardo<\/strong>, discuten en mesas de an\u00e1lisis, qui\u00e9n podr\u00eda ser el candidato al gobierno del estado, en comicios que tendr\u00e1n lugar el a\u00f1o entrante. Saben los dirigentes de los institutos pol\u00edticos locales, que tienen que ir en unidad porque no hay otra forma de que pudieran obtener la victoria y coincidieron que en Morena, hay divisi\u00f3n entre los diferentes aspirantes.<\/p>\n<p><u><a href=\"mailto:morcora@gmail.com\" target=\"_blank\" rel=\"noopener noreferrer\"><em>morcora@gmail.com<\/em><\/a><\/u><\/p>\n","protected":false},"excerpt":{"rendered":"<p><span style=\"color: #005497;\"><strong>Adriana Moreno Cordero<\/strong><\/span><\/p>\n","protected":false},"author":3,"featured_media":0,"comment_status":"open","ping_status":"open","sticky":false,"template":"","format":"standard","meta":{"_monsterinsights_skip_tracking":false,"_monsterinsights_sitenote_active":false,"_monsterinsights_sitenote_note":"","_monsterinsights_sitenote_category":0,"footnotes":""},"categories":[69370],"tags":[69369,69368,43674],"class_list":["post-567480","post","type-post","status-publish","format-standard","hentry","category-adriana-moreno-cordero","tag-adriana-moreno-cordero","tag-la-retaguardia","tag-opinion"],"_links":{"self":[{"href":"https:\/\/www.diarioimagen.net\/index.php?rest_route=\/wp\/v2\/posts\/567480","targetHints":{"allow":["GET"]}}],"collection":[{"href":"https:\/\/www.diarioimagen.net\/index.php?rest_route=\/wp\/v2\/posts"}],"about":[{"href":"https:\/\/www.diarioimagen.net\/index.php?rest_route=\/wp\/v2\/types\/post"}],"author":[{"embeddable":true,"href":"https:\/\/www.diarioimagen.net\/index.php?rest_route=\/wp\/v2\/users\/3"}],"replies":[{"embeddable":true,"href":"https:\/\/www.diarioimagen.net\/index.php?rest_route=%2Fwp%2Fv2%2Fcomments&post=567480"}],"version-history":[{"count":0,"href":"https:\/\/www.diarioimagen.net\/index.php?rest_route=\/wp\/v2\/posts\/567480\/revisions"}],"wp:attachment":[{"href":"https:\/\/www.diarioimagen.net\/index.php?rest_route=%2Fwp%2Fv2%2Fmedia&parent=567480"}],"wp:term":[{"taxonomy":"category","embeddable":true,"href":"https:\/\/www.diarioimagen.net\/index.php?rest_route=%2Fwp%2Fv2%2Fcategories&post=567480"},{"taxonomy":"post_tag","embeddable":true,"href":"https:\/\/www.diarioimagen.net\/index.php?rest_route=%2Fwp%2Fv2%2Ftags&post=567480"}],"curies":[{"name":"wp","href":"https:\/\/api.w.org\/{rel}","templated":true}]}}