{"id":567487,"date":"2022-11-29T00:08:03","date_gmt":"2022-11-29T06:08:03","guid":{"rendered":"https:\/\/www.diarioimagen.net\/?p=567487"},"modified":"2022-11-29T03:36:15","modified_gmt":"2022-11-29T09:36:15","slug":"la-oposicion-en-edomex","status":"publish","type":"post","link":"https:\/\/www.diarioimagen.net\/?p=567487","title":{"rendered":"La oposici\u00f3n en Edomex"},"content":{"rendered":"<h2>Punto por punto<\/h2>\n<h5>Augusto Corro<\/h5>\n<p>&nbsp;<\/p>\n<p>Los partidos opositores en el Estado de M\u00e9xico siguen sin mostrar su esp\u00edritu de unidad.<\/p>\n<p>Los dirigentes del PAN destaparon a Enrique Vargas del Villar como aspirante a la gubernatura y se sumieron en el silencio.<\/p>\n<p>Tambi\u00e9n los l\u00edderes del PRD dijeron que su \u201cgallo\u201d para la contienda electoral mexiquense es Omar Ortega y luego callaron.<\/p>\n<p>En el PRI, la organizaci\u00f3n opositora m\u00e1s fuerte, ya se pronunci\u00f3 por Alejandra Del Moral como su representante en la lucha por el Edomex. Uno de los tres pol\u00edticos mencionados ser\u00e1 el abanderado de la contienda electoral si participan en la alianza Va por M\u00e9xico.<\/p>\n<p>A la fecha, la coalici\u00f3n mencionada no ha dicho la \u00faltima palabra, pues espera la designaci\u00f3n del aspirante que represente a todos. Claro, si se ponen de acuerdo para enfrentar unidos a Morena.<\/p>\n<p>Para las elecciones, Morena ya tiene como su candidata a Delfina G\u00f3mez, quien va por la revancha, pues ya compiti\u00f3 y perdi\u00f3 frente a Alfredo Del Mazo.<\/p>\n<p>En t\u00e9rminos generales, los partidos opositores no parecen reflejar preocupaci\u00f3n por el futuro pol\u00edtico de la entidad.<\/p>\n<p>De las tres organizaciones pol\u00edticas mencionadas, es en el PRI donde no llegan, todav\u00eda, a un acuerdo de unidad, que es importante, pues divididos no tienen la fuerza suficiente para enfrentar a la morenista Delfina G\u00f3mez.<\/p>\n<p style=\"text-align: center;\"><strong>Fayad, en problemas<\/strong><\/p>\n<p>El ex gobernador priista de Hidalgo, Omar Fayad, se encuentra en el ojo del hurac\u00e1n.<\/p>\n<p>Lo anterior obedece a que fueron detenidos cuatro alcaldes hidalguenses relacionados con un millonario desv\u00edo de recursos p\u00fablicos. Trascendi\u00f3 que, al menos, otros nueve presidentes municipales se encuentran en el ojo de los auditores. Sin embargo, es probable que las investigaciones del saqueo al erario no lleguen hasta el ex mandatario Fayad.<\/p>\n<p>El ex gobernador priista siempre apoy\u00f3 las pol\u00edticas lopezobradoristas y esa conducta podr\u00eda tener un premio.<\/p>\n<p style=\"text-align: center;\"><strong>\u201cLluvia de plomo\u201d<\/strong><\/p>\n<p>Las balaceras registradas en el amanecer, all\u00e1 en Nuevo Laredo, Tamaulipas, ocurrieron debido a que las autoridades detuvieron a un presunto jefe del narcotr\u00e1fico.<\/p>\n<p>Como consecuencia de esa captura se desat\u00f3 la violencia.\u00a0\u00a0 En redes sociales fueron difundidos videos en los que se escuchan detonaciones de armas de fuego.<\/p>\n<p>Las autoridades reportaron balaceras y bloqueos en diferentes puntos de la ciudad. Ante la situaci\u00f3n de riesgo, se oblig\u00f3 a suspender clases y cerrar el consulado de Estados Unidos. La captura de alg\u00fan l\u00edder provoca la protesta de la delincuencia organizada como sucedi\u00f3 en Nuevo Laredo.<\/p>\n<p style=\"text-align: center;\"><strong>La \u201ccaballada est\u00e1 flaca\u201d<\/strong><\/p>\n<p>El tiempo avanza y la oposici\u00f3n todav\u00eda no destapa a su candidato presidencial para el 2024. En el Partido Acci\u00f3n Nacional (PAN) algunos aspirantes a la candidatura levantan la mano para que los tomen en cuenta. As\u00ed, el gobernador de Yucat\u00e1n, el blanquiazul Mauricio Vila, organiz\u00f3 el s\u00e1bado pasado la Cabalgata Nacional Yucat\u00e1n Xmatkuil.<\/p>\n<p>En el evento estuvieron dos mil jinetes provenientes de 25 estados.<\/p>\n<p>En el PAN la competencia pol\u00edtica se encuentra dormida.<\/p>\n<p>Los aspirantes a la silla presidencial, se podr\u00eda decir que son los mismos de siempre. Ah\u00ed est\u00e1n, por ejemplo, Margarita Zavala de Calder\u00f3n, Ricardo Anaya, Santiago Creel, Lilly T\u00e9llez, etc.<\/p>\n<p style=\"text-align: center;\"><strong>El Mundial de futbol<\/strong><\/p>\n<p>Lo que no entiendo, es por qu\u00e9 apuesto a favor de la Selecci\u00f3n Mexicana de Futbol. Campeonatos van y campeonatos vienen y yo en mi necedad de apoyar a M\u00e9xico.<\/p>\n<p>En esa condici\u00f3n nos encontramos casi todos los mexicanos que somos aficionados al deporte de las patadas: M\u00e9xico no gana.<\/p>\n<p>No entendemos que el Tri no da para m\u00e1s de dos o tres triunfos y que es en vano apoyarlo. M\u00e1s tarda en llegar a la sede del evento que en regresar a casa. En Qatar nos va como en feria. As\u00ed pues, vamos a pensar ya en el pr\u00f3ximo campeonato, en el que seguramente seremos socorridos por la mala suerte.<\/p>\n<p>No dude, estimado lector, que alg\u00fan d\u00eda nos cansaremos de apostarle a la derrota y huiremos del futbol, con justa raz\u00f3n.<\/p>\n<p><em><a href=\"mailto:aco2742@hotmail.com\" target=\"_blank\" rel=\"noopener noreferrer\">aco2742@hotmail.com<\/a><\/em><\/p>\n","protected":false},"excerpt":{"rendered":"<p><span style=\"color: #005497;\"><strong>Augusto Corro<\/strong><\/span><\/p>\n","protected":false},"author":3,"featured_media":0,"comment_status":"open","ping_status":"open","sticky":false,"template":"","format":"standard","meta":{"_monsterinsights_skip_tracking":false,"_monsterinsights_sitenote_active":false,"_monsterinsights_sitenote_note":"","_monsterinsights_sitenote_category":0,"footnotes":""},"categories":[157],"tags":[43686,43674,11515],"class_list":["post-567487","post","type-post","status-publish","format-standard","hentry","category-augusto-corro","tag-augusto-corro","tag-opinion","tag-punto-por-punto"],"_links":{"self":[{"href":"https:\/\/www.diarioimagen.net\/index.php?rest_route=\/wp\/v2\/posts\/567487","targetHints":{"allow":["GET"]}}],"collection":[{"href":"https:\/\/www.diarioimagen.net\/index.php?rest_route=\/wp\/v2\/posts"}],"about":[{"href":"https:\/\/www.diarioimagen.net\/index.php?rest_route=\/wp\/v2\/types\/post"}],"author":[{"embeddable":true,"href":"https:\/\/www.diarioimagen.net\/index.php?rest_route=\/wp\/v2\/users\/3"}],"replies":[{"embeddable":true,"href":"https:\/\/www.diarioimagen.net\/index.php?rest_route=%2Fwp%2Fv2%2Fcomments&post=567487"}],"version-history":[{"count":0,"href":"https:\/\/www.diarioimagen.net\/index.php?rest_route=\/wp\/v2\/posts\/567487\/revisions"}],"wp:attachment":[{"href":"https:\/\/www.diarioimagen.net\/index.php?rest_route=%2Fwp%2Fv2%2Fmedia&parent=567487"}],"wp:term":[{"taxonomy":"category","embeddable":true,"href":"https:\/\/www.diarioimagen.net\/index.php?rest_route=%2Fwp%2Fv2%2Fcategories&post=567487"},{"taxonomy":"post_tag","embeddable":true,"href":"https:\/\/www.diarioimagen.net\/index.php?rest_route=%2Fwp%2Fv2%2Ftags&post=567487"}],"curies":[{"name":"wp","href":"https:\/\/api.w.org\/{rel}","templated":true}]}}