{"id":567489,"date":"2022-11-29T00:03:13","date_gmt":"2022-11-29T06:03:13","guid":{"rendered":"https:\/\/www.diarioimagen.net\/?p=567489"},"modified":"2022-11-29T03:37:24","modified_gmt":"2022-11-29T09:37:24","slug":"que-sigue-la-reforma-electoral","status":"publish","type":"post","link":"https:\/\/www.diarioimagen.net\/?p=567489","title":{"rendered":"\u00bfQu\u00e9 sigue?, la reforma electoral"},"content":{"rendered":"<h2>Espacio Electoral<\/h2>\n<h5>Eleazar Flores<\/h5>\n<p>&nbsp;<\/p>\n<p><strong>\u00bfY LAS DENUNCIAS?-.<\/strong> Pasado el encanto de la mega marcha de filopejistas del pa\u00eds coordinados por sus gobernadores, \u201cmorenos\u201d, que compitieron para demostrarle a su comandante guinda que tra\u00edan contingentes m\u00e1s numerosos que sus colegas, s\u00f3lo queda la rendici\u00f3n de cuentas, con la anticipada seguridad de que no sancionar\u00e1n a posibles infractores.<\/p>\n<p>No se impondr\u00e1n sanciones por una sencilla raz\u00f3n, la dirigencia de Morena dif\u00edcilmente reportar\u00e1 al INE datos exactos de sus gastos de la movilizaci\u00f3n y los gobernadores, principales acarreadores, negar\u00e1n haber sufragado un peso, por lo que el viento se llevar\u00e1 el castigo.<\/p>\n<p>En la alcald\u00eda Cuauht\u00e9moc de la capital del pa\u00eds, anta\u00f1o gobernada por el actual senador Ricardo Monreal, la alcaldesa panista Sandra Cuevas fue la \u00fanica que en rede sociales anticip\u00f3 y ratific\u00f3 que siendo \u00e9sta la concentraci\u00f3n m\u00e1s numerosa, dijo que se debi\u00f3 al hecho de obligar a los empleados de gobierno a asistir acompa\u00f1adas de cinco personas m\u00e1s, hasta ah\u00ed.<\/p>\n<p>Pero en otras denuncias de redes sociales, se ampli\u00f3 una queja m\u00e1s como el hecho de que muchos soldados fueron obligados a asistir a la marcha -sugiriendo sus superiores \u201cir de civiles\u201d para no ser detectados, denuncia reforzada por un comentario similar del ex presidente Felipe Calder\u00f3n, lo que calific\u00f3 de indigno.<\/p>\n<p>Verdad o mentira s\u00f3lo hay una certidumbre, que a diferencia de la marcha del domingo 13 en apoyo a la campa\u00f1a de EL INE NO SE TOCA, donde no hubo ni autobuses transportadores, ni tortas, refrescos ni puestos de carnitas, la de este domingo 27 tuvo todo el apoyo del gobierno federal y su partido, hasta con pantallas a lo largo del recorrido para atender el mensaje presidencial.<\/p>\n<p>\u00bfQui\u00e9n coste\u00f3 bebidas, alimentos y pantallas? Apueste y ganar\u00e1 que no habr\u00e1 ninguna persona responsable, al tiempo.<\/p>\n<p><strong>\u00bfQU\u00c9 SIGUE?-.<\/strong> De hoy en adelante, los noticieros tele radiof\u00f3nicos y de los medios impresos, se ocupar\u00e1n de cosas importantes por su trascendencia inmediata, y futura sobre todo, como lo es la pretendida REFORMA ELECTORAL, en la que la prueba de fuego correr\u00e1 a cargo de la dirigencia del anta\u00f1o partidazo o lo que de \u00e9l queda o han dejado los actuales jerarcas que muchos ya los quisieran fuera.<\/p>\n<p>Aun cuando en conferencias han pregonado que la reforma electoral no pasar\u00e1 y que el INE no se toca, lo cierto es que muchos dudan de la firme postura del presidente \u201cAlito\u201d, quien en varias ocasiones ha demostrado su aptitud veleta, la fama no es gratuita. El \u00faltimo bot\u00f3n de muestra fue el apoyo a la reforma que permite militarizar al pa\u00eds.<\/p>\n<p>Por esa \u201cfirmeza\u201d de voluntad de \u201cAlito\u201d, el PRI est\u00e1 donde est\u00e1.<\/p>\n<p><em><a href=\"mailto:elefa44@gmail.com\" target=\"_blank\" rel=\"noopener noreferrer\">elefa44@gmail.com<\/a><\/em><\/p>\n","protected":false},"excerpt":{"rendered":"<p><span style=\"color: #005497;\"><strong>Eleazar Flores<\/strong><\/span><\/p>\n","protected":false},"author":3,"featured_media":0,"comment_status":"open","ping_status":"open","sticky":false,"template":"","format":"standard","meta":{"_monsterinsights_skip_tracking":false,"_monsterinsights_sitenote_active":false,"_monsterinsights_sitenote_note":"","_monsterinsights_sitenote_category":0,"footnotes":""},"categories":[81743],"tags":[81744,81776,43674],"class_list":["post-567489","post","type-post","status-publish","format-standard","hentry","category-eleazar-flores","tag-eleazar-flores","tag-espacio-electoral","tag-opinion"],"_links":{"self":[{"href":"https:\/\/www.diarioimagen.net\/index.php?rest_route=\/wp\/v2\/posts\/567489","targetHints":{"allow":["GET"]}}],"collection":[{"href":"https:\/\/www.diarioimagen.net\/index.php?rest_route=\/wp\/v2\/posts"}],"about":[{"href":"https:\/\/www.diarioimagen.net\/index.php?rest_route=\/wp\/v2\/types\/post"}],"author":[{"embeddable":true,"href":"https:\/\/www.diarioimagen.net\/index.php?rest_route=\/wp\/v2\/users\/3"}],"replies":[{"embeddable":true,"href":"https:\/\/www.diarioimagen.net\/index.php?rest_route=%2Fwp%2Fv2%2Fcomments&post=567489"}],"version-history":[{"count":0,"href":"https:\/\/www.diarioimagen.net\/index.php?rest_route=\/wp\/v2\/posts\/567489\/revisions"}],"wp:attachment":[{"href":"https:\/\/www.diarioimagen.net\/index.php?rest_route=%2Fwp%2Fv2%2Fmedia&parent=567489"}],"wp:term":[{"taxonomy":"category","embeddable":true,"href":"https:\/\/www.diarioimagen.net\/index.php?rest_route=%2Fwp%2Fv2%2Fcategories&post=567489"},{"taxonomy":"post_tag","embeddable":true,"href":"https:\/\/www.diarioimagen.net\/index.php?rest_route=%2Fwp%2Fv2%2Ftags&post=567489"}],"curies":[{"name":"wp","href":"https:\/\/api.w.org\/{rel}","templated":true}]}}