{"id":567492,"date":"2022-11-29T00:10:18","date_gmt":"2022-11-29T06:10:18","guid":{"rendered":"https:\/\/www.diarioimagen.net\/?p=567492"},"modified":"2022-12-01T03:33:41","modified_gmt":"2022-12-01T09:33:41","slug":"la-zanahoria-de-lopez-obrador","status":"publish","type":"post","link":"https:\/\/www.diarioimagen.net\/?p=567492","title":{"rendered":"La zanahoria de L\u00f3pez Obrador"},"content":{"rendered":"<h2>Triple Erre<\/h2>\n<h5>Francisco Reynoso<\/h5>\n<p>&nbsp;<\/p>\n<p>En una mesa de cantina dos alegres borrachos discut\u00edan.<\/p>\n<p>Era domingo 27 de noviembre. La tarde pardeaba. Ser\u00edan m\u00e1s de las seis.<\/p>\n<p>Ambos son o simulan ser militantes de Morena y apasionados seguidores del presidente Andr\u00e9s Manuel L\u00f3pez Obrador.<\/p>\n<p>Uno m\u00e1s borrach\u00f3n que el otro \u2014y ya se sabe que el vino saca cosas que el hombre se calla\u2014 reprochaba a su camarada que fueran tan indignos: \u201cCada vez que Andr\u00e9s nos pone la zanahoria ah\u00ed vamos de hocico a tratar de morderla\u201d.<\/p>\n<p>Se acerc\u00f3 el mesero: \u201csirva ipidi\u00f3 el m\u00e1s briagadales. Y le subi\u00f3 el tono a sus reclamos.<\/p>\n<p>\u2014\u00bfCu\u00e1nto cost\u00f3 esta pinche marcha? \u00bfY para qu\u00e9 chingaos sirve?<\/p>\n<p>\u2014Lo que haya costado. Hay dinero para eso y m\u00e1s. A Andr\u00e9s que chingaos le importa informar. Le vale madres las marchas de la oposici\u00f3n. Lo que le interesa es que los jodidos cada vez est\u00e9n m\u00e1s encabronados con los ricos, que ya son muy pocos y que le mienten su madre a los de la clase media aspiracionista. A Andr\u00e9s lo que le interesa es ganar \u00e9l la Presidencia con su compadre Ad\u00e1n Augusto o, en \u00faltimo caso, con la Sheinbaum y seguir mandando. Y en eso se va a gastar lo que haga falta. Dinero le sobra. Lo saca de la 4T, de los 20 estados que gobiernan sus incondicionales y de muchos municipios ricotes.<\/p>\n<p>Chocaron vasos. Se echaron a la boca sendos pu\u00f1os de cacahuates y el menos incr\u00f3spido sigui\u00f3 con su rollo mareador.<\/p>\n<p>\u2014\u00bfPara qu\u00e9 sirve la marcha?, preguntas. Pues para tener a todos M\u00e9xico babeando.\u00bfDe qu\u00e9 se habl\u00f3 toda la semana? Ni siquiera los pinches <em>ratones verdes<\/em> le hicieron sombra a Andr\u00e9s. Todos los peri\u00f3dicos que se declaran anti-L\u00f3pez y le pegan un d\u00eda s\u00ed y el otro tambi\u00e9n porque lo odian, fueron los m\u00e1s prolijos difundidores de la marcha. Y Andr\u00e9s en la ma\u00f1anera les jug\u00f3 el dedo en la boca toda la semana previa. Es un ching\u00f3n. Para distraer a la gente y que no ande pensando en pendejadas como la inseguridad, inflaci\u00f3n, desaparecidos, escocidos y otras mamadas, no hay otro como Andr\u00e9s Manuel.<\/p>\n<p>Por en\u00e9sima vez dijeron salud. El incr\u00f3spido grit\u00f3 al mesero: \u201c\u00a1eh guey..! trae igual y unas tortas; a m\u00ed, ya que estamos hablando de ya sabes qui\u00e9n, tr\u00e1emela de queso de puerco\u2026\u201d.<\/p>\n<p style=\"text-align: center;\"><strong>Preparen armas, apunten\u2026<\/strong><\/p>\n<p>\u00bfHabr\u00e1n tenido \u00e1nimo de participar en la marcha de apoyo a L\u00f3pez Obrador los familiares del general del Ej\u00e9rcito mexicano, coordinador de la Guardia Nacional en Zacatecas, Jos\u00e9 Silvestre Urz\u00faa Padilla, asesinado por el crimen organizado en Pinos? Por supuesto que no. Como tampoco los familiares de los m\u00e1s de 130 mil muertos que contabiliza la cuatrot\u00e9 en sus primeros cuatro a\u00f1os de gobierno. Tampoco las familias de los mineros que no han sido rescatados, ni las de los ni\u00f1os que murieron de c\u00e1ncer por falta de medicamentos. Tampoco tendr\u00edan \u00e1nimos otros millones de familias que viv\u00edan en la pobreza y ahora est\u00e1n en la miseria. Se habr\u00e1n quedado en sus casas y si encendieron la radio, la televisi\u00f3n o leyeron alg\u00fan peri\u00f3dico, cayeron en el garlito de L\u00f3pez Obrador; tambi\u00e9n mordieron la zanahoria\u2026 Despu\u00e9s del asesinato del general Urz\u00faa Padilla en Pinos, el obispo de Zacatecas, Sigifredo Noriega anunci\u00f3 la suspensi\u00f3n, hasta nueva orden, de los servicios religiosos en Pinos y Jerez; no quieren correr riesgos; seg\u00fan se comenta en los corrillos pol\u00edticos, Pinos estaba controlado por un c\u00e1rtel y entr\u00f3 otro m\u00e1s violento y peligroso; el general iba a tratar de restablecer el orden pactado que exist\u00eda y encontr\u00f3 la muerte\u2026 En Madrid, el coordinador de la bancada del PRD en San L\u00e1zaro, Luis Espinoza Ch\u00e1zaro, urgi\u00f3 a los partidos de la coalici\u00f3n Va Por M\u00e9xico: PAN, PRI y PRD, a destapar a su candidato a la presidencia de la Rep\u00fablica, porque Morena y L\u00f3pez Obrador lo hicieron hace muchos meses y la ventaja que han tomado es enorme; Espinoza Ch\u00e1zaro propuso que sea Ricardo Monreal \u00c1vila o Santiago Creel Miranda.<\/p>\n<p>&nbsp;<\/p>\n<blockquote>\n<p style=\"text-align: right;\"><em><strong>La verdad es la verdad<br \/>\ny no admite otros datos<\/strong><\/em><\/p>\n<\/blockquote>\n<p>&nbsp;<\/p>\n<p><a href=\"mailto:donrunrun@yahoo.es\" target=\"_blank\" rel=\"noopener\"><em>donrunrun@yahoo.es<\/em><\/a><\/p>\n","protected":false},"excerpt":{"rendered":"<p><span style=\"color: #005497;\"><strong>Francisco Reynoso<\/strong><\/span><\/p>\n","protected":false},"author":3,"featured_media":0,"comment_status":"open","ping_status":"open","sticky":false,"template":"","format":"standard","meta":{"_monsterinsights_skip_tracking":false,"_monsterinsights_sitenote_active":false,"_monsterinsights_sitenote_note":"","_monsterinsights_sitenote_category":0,"footnotes":""},"categories":[94855],"tags":[94857,43674,94856],"class_list":["post-567492","post","type-post","status-publish","format-standard","hentry","category-francisco-reynoso","tag-francisco-reynoso","tag-opinion","tag-triple-erre"],"_links":{"self":[{"href":"https:\/\/www.diarioimagen.net\/index.php?rest_route=\/wp\/v2\/posts\/567492","targetHints":{"allow":["GET"]}}],"collection":[{"href":"https:\/\/www.diarioimagen.net\/index.php?rest_route=\/wp\/v2\/posts"}],"about":[{"href":"https:\/\/www.diarioimagen.net\/index.php?rest_route=\/wp\/v2\/types\/post"}],"author":[{"embeddable":true,"href":"https:\/\/www.diarioimagen.net\/index.php?rest_route=\/wp\/v2\/users\/3"}],"replies":[{"embeddable":true,"href":"https:\/\/www.diarioimagen.net\/index.php?rest_route=%2Fwp%2Fv2%2Fcomments&post=567492"}],"version-history":[{"count":0,"href":"https:\/\/www.diarioimagen.net\/index.php?rest_route=\/wp\/v2\/posts\/567492\/revisions"}],"wp:attachment":[{"href":"https:\/\/www.diarioimagen.net\/index.php?rest_route=%2Fwp%2Fv2%2Fmedia&parent=567492"}],"wp:term":[{"taxonomy":"category","embeddable":true,"href":"https:\/\/www.diarioimagen.net\/index.php?rest_route=%2Fwp%2Fv2%2Fcategories&post=567492"},{"taxonomy":"post_tag","embeddable":true,"href":"https:\/\/www.diarioimagen.net\/index.php?rest_route=%2Fwp%2Fv2%2Ftags&post=567492"}],"curies":[{"name":"wp","href":"https:\/\/api.w.org\/{rel}","templated":true}]}}