{"id":567499,"date":"2022-11-29T00:07:09","date_gmt":"2022-11-29T06:07:09","guid":{"rendered":"https:\/\/www.diarioimagen.net\/?p=567499"},"modified":"2022-11-29T03:45:26","modified_gmt":"2022-11-29T09:45:26","slug":"amlo-exige-disciplina-y-confirma-que-encuestas-decidiran-candidato-presidencial","status":"publish","type":"post","link":"https:\/\/www.diarioimagen.net\/?p=567499","title":{"rendered":"AMLO exige disciplina y confirma que encuestas decidir\u00e1n candidato presidencial"},"content":{"rendered":"<h2>Clase Pol\u00edtica<\/h2>\n<h5>Miguel \u00c1ngel Rivera<\/h5>\n<p>&nbsp;<\/p>\n<p>Con su partido a punto de partirse, el presidente Andr\u00e9s Manuel L\u00f3pez Obrador hizo una m\u00e1s de sus referencias al pasado, pero en vez de criticarlo, ahora trata de aplicar una antigua f\u00f3rmula que \u00e9l mismo no respet\u00f3: La disciplina de partido.<\/p>\n<p>Desde su usual tribuna, el primer mandatario asumi\u00f3 su calidad de jefe de partido \u2014la cual siempre ha negado\u2014 y pidi\u00f3 a los militantes de Morena que no resulten elegidos candidatos para las elecciones de 2024, que apoyen a quien sea elegido.<\/p>\n<p>Para que el mandato de mantener la disciplina interna, volvi\u00f3 a se\u00f1alar\u00a0que el m\u00e9todo de elecci\u00f3n ser\u00e1n las encuestas. Esto a pesar de que, al menos, dos de los aspirantes a la postulaci\u00f3n presidencial, Ricardo Monreal \u00c1vila y Marcelo Ebrard Casaubon, han demandado otras formas para elegir al abanderado presidencial, de preferencia mediante votaci\u00f3n en la que participen todos los militantes.<\/p>\n<p>Estas demandas est\u00e1n justificadas porque se ignora qui\u00e9n realiza las encuestas y, sobre todo, porque los resultados los conocen s\u00f3lo un reducido n\u00famero de privilegiados, esto por no expresar abiertamente que la \u00fanica opini\u00f3n que se toma en cuenta es la del l\u00edder y gu\u00eda, es decir, del actual Presidente de la Rep\u00fablica.<\/p>\n<p>De hecho, los dos mencionados precandidatos presidenciales tienen el antecedente de experiencias en donde perdieron nominaciones por supuestas encuestas de origen y de, por lo menos, resultados inciertos.<\/p>\n<p>Los otros dos integrantes del grupo de \u201ccorcholatas\u201d nominados por L\u00f3pez Obrador, la jefa de Gobierno de la Ciudad de M\u00e9xico, Claudia Sheinbaum Pardo; y el secretario de Gobernaci\u00f3n, Ad\u00e1n Augusto L\u00f3pez Hern\u00e1ndez, ya han manifestado su aceptaci\u00f3n del m\u00e9todo de encuestas. En el caso de la primera se explica porque debe su actual cargo a ser nominada a partir de un sondeo que nunca se hizo p\u00fablico, pero cuyos supuestos resultados se encarg\u00f3 de hacer p\u00fablicos su ahora colaborador Mart\u00ed Batres Guadarrama, con cargo de secretario de Gobierno.<\/p>\n<p>Ahora, en relaci\u00f3n al proceso para nominar candidato presidencial, que se inici\u00f3 prematuramente por decisi\u00f3n propia, el jefe del Ejecutivo en su funci\u00f3n de l\u00edder real de Morena, advirti\u00f3 que quien no acepte el m\u00e9todo de encuestas y decida buscar otra opci\u00f3n, la poblaci\u00f3n le dir\u00e1: \u201cSigue tu camino\u201d, no recibir\u00e1 ning\u00fan respaldo, pues ya se sabe que el mejor int\u00e9rprete y ejecutor de las \u201cdecisiones del pueblo bueno y sabio\u201d es precisamente el actual primer mandatario.<\/p>\n<p>En su tradicional conferencia ma\u00f1anera, el adalid de la llamada Cuarta Transformaci\u00f3n de hecho amenaz\u00f3 con la marginaci\u00f3n a quien no acepte las normas.<\/p>\n<p>\u201cQuien apuesta a la divisi\u00f3n, pues ni tiene convicciones o quien asumiera una postura de que\u00a0no sal\u00ed, pero entonces, utilizando cualquier argucia, cualquier pretexto, diga\u00a0no hay democracia en Morena, es lo mismo, yo no puedo soportar eso, y se va, pues yo, conociendo a la gente, yo creo que la gente le dir\u00eda\u00a0que te vaya bien, sigue tu camino, porque la gente no est\u00e1 s\u00f3lo por los candidatos, la gente est\u00e1 por el proyecto\u201d, se\u00f1al\u00f3 quien se siente or\u00e1culo de la voluntad popular.<\/p>\n<p>En tal sentido, el presidente L\u00f3pez Obrador tambi\u00e9n recomend\u00f3 a quien se sienta con derecho a ser abanderado \u201cque no sienta que no va a necesitar a nadie, porque de una vez les digo, por experiencia, se requiere del apoyo de muchos\u201d.<\/p>\n<p>Aunque el mensaje va dirigido a quienes ya se han manifestado en contra del sistema de nominaci\u00f3n por encuestas, lo cual deja vigentes a s\u00f3lo dos de los aspirantes, que han aceptado incondicionalmente las reglas impuestas por su l\u00edder y gu\u00eda, el primer mandatario neg\u00f3 tener favorito o favorita. \u201cNo, eso s\u00ed no. Los quiero a todos, y somos amigos, hermanos, por eso digo, mis hermanos y mi hermana, y \u00bfqui\u00e9n va a decidir?, pues la gente, entre todos\u201d.<\/p>\n<p>\u2014Y \u00bfqui\u00e9n fue?<\/p>\n<p>\u2014Fuenteovejuna, se\u00f1or, escribi\u00f3 Lope de Vega desde el llamado Siglo de Oro de las letras espa\u00f1olas, obra publicada en 1619.<\/p>\n<p style=\"text-align: center;\"><strong>Buenas relaciones con Espa\u00f1a acuerdan legisladores,<br \/>\npero tal vez no sea bien visto en M\u00e9xico<\/strong><\/p>\n<p>Aunque los encuentros de legisladores mexicanos con los de otras naciones tienen como finalidad revisar problemas comunes y proponer posibles remedios, en realidad se convierten en puentes para tratar de mejorar las relaciones bilaterales.<\/p>\n<p>En este caso, la reuni\u00f3n interparlamentaria M\u00e9xico-Espa\u00f1a realizada ayer en Madrid, no resalta una excepci\u00f3n. Al concluir el encuentro se emiti\u00f3 un comunicado conjunto en el cual se destaca que los legisladores de ambas naciones refrendaron su compromiso por profundizar los lazos hist\u00f3ricos, econ\u00f3micos y culturales que unen a los dos pueblos, as\u00ed como para fortalecer la cooperaci\u00f3n econ\u00f3mica, en materia de educaci\u00f3n, cambio clim\u00e1tico, seguridad y Estado de Derecho.<\/p>\n<p>Durante la clausura de los trabajos, el senador Ricardo Monreal \u00c1vila, titular del \u00f3rgano de gobierno del Senado mexicano y presidente de la delegaci\u00f3n nacional expres\u00f3: \u201cLa idea es darle seguimiento a los acuerdos que se lograron, estoy seguro de que ser\u00e1n para bien de ambas naciones\u201d.<\/p>\n<p>A su vez, el presidente de la C\u00e1mara de Diputados, Santiago Creel Miranda, asegur\u00f3 que las y los parlamentarios espa\u00f1oles y mexicanos deben enfrentar exitosamente los retos identificados en las diversas sesiones de trabajo.<\/p>\n<p>Dijo que se tienen que resolver problemas comunes como la pandemia y sus repercusiones, junto con las dificultades que ahora vive el continente por el conflicto de Ucrania, pues \u201cson dos cuestiones que ahora gravitan en el bienestar de ambas naciones\u201d.<\/p>\n<p>Hasta all\u00ed lo que se puede considerar el aspecto diplom\u00e1tico que, como se\u00f1alaron los legisladores mexicanos, tiene como objetivo mejorar las relaciones entre ambos pa\u00edses. Pero, lejos de estos asuntos protocolarios, ese encuentro puede tener repercusi\u00f3n pol\u00edtica en M\u00e9xico, pues se debe recordar que la administraci\u00f3n del presidente L\u00f3pez Obrador no tiene buena relaci\u00f3n con el gobierno espa\u00f1ol, pues sus demandas de \u201cpedir perd\u00f3n\u201d a los pueblos originarios de M\u00e9xico por los excesos cometidos por los espa\u00f1oles durante la Conquista y la Colonia fueron rechazados, por decir lo menos, como si se tratara de una mera ocurrencia.<\/p>\n<p>En ese sentido, el viaje a Madrid del senador y precandidato presidencial Ricardo Monreal y su buena relaci\u00f3n con las autoridades espa\u00f1olas seguramente consolidan su desempe\u00f1o como l\u00edder del Senado mexicano, pero pueden acarrearle m\u00e1s cr\u00edticas dentro de la llamada Cuarta Transformaci\u00f3n y en particular de su partido, Morena, al que pretende representar en la pr\u00f3xima contienda presidencial.<\/p>\n<p>A ello se debe agregar que durante su estancia en Espa\u00f1a, como mencionamos en este espacio, Monreal admiti\u00f3 que analiza la conveniencia de permanecer dentro de Morena o aceptar la nominaci\u00f3n presidencial de una coalici\u00f3n opositora, lo cual seguramente dar\u00e1 m\u00e1s argumentos a quienes lo combaten dentro del partido oficial.<\/p>\n<p style=\"text-align: center;\"><strong>El Tribunal Electoral tambi\u00e9n defiende<br \/>\nel avance de la democracia en M\u00e9xico<\/strong><\/p>\n<p>En M\u00e9xico, \u201chay justicia electoral y nuestra democracia cuenta con un Tribunal Electoral que garantiza un juego limpio y ofrece una justicia oportuna y de calidad; un Tribunal Electoral que protege el voto de la gente y defiende su elecci\u00f3n; un Tribunal Electoral que equilibra la balanza para romper con desigualdades estructurales; y sobre todo, un Tribunal Electoral que le pertenece a la ciudadan\u00eda y que es el resultado de una larga lucha por la democracia y las libertades\u201d.<\/p>\n<p>Lo anterior afirm\u00f3 el presidente del Tribunal Electoral del Poder Judicial de la Federaci\u00f3n (TEPJF), Reyes Rodr\u00edguez Mondrag\u00f3n, al rendir su informe de labores en la Suprema Corte de Justicia de la Naci\u00f3n (SCJN).<\/p>\n<p>En momentos en que est\u00e1 en proceso en el Congreso de la Uni\u00f3n una reforma electoral que tiene entre sus objetivos desaparecer o transformar radicalmente al Instituto Nacional Electoral (INE), as\u00ed como al TEPJF, el presidente de este \u00faltimo resalt\u00f3 que una democracia ciudadana s\u00f3lo es posible con instituciones electorales colaborativas y abiertas al escrutinio p\u00fablico.<\/p>\n<p>Sin hacer referencia a la reforma electoral en proceso, Rodr\u00edguez Mondrag\u00f3n sostuvo que la independencia judicial es \u201cindependencia de otros poderes\u201d y destac\u00f3 que \u201cno podremos sentirnos satisfechos mientras que la voluntad ciudadana se altere por la compra del voto, la intromisi\u00f3n indebida en los procesos electorales y otras malas pr\u00e1cticas\u201d.<\/p>\n<p><em><a href=\"mailto:riparcangel@hotmail.com\" target=\"_blank\" rel=\"noopener noreferrer\">riparcangel@hotmail.com<\/a><\/em><\/p>\n","protected":false},"excerpt":{"rendered":"<p><span style=\"color: #005497;\"><strong>Miguel \u00c1ngel Rivera<\/strong><\/span<\/span><\/p>\n","protected":false},"author":3,"featured_media":0,"comment_status":"open","ping_status":"open","sticky":false,"template":"","format":"standard","meta":{"_monsterinsights_skip_tracking":false,"_monsterinsights_sitenote_active":false,"_monsterinsights_sitenote_note":"","_monsterinsights_sitenote_category":0,"footnotes":""},"categories":[84119],"tags":[84120,84121,43674],"class_list":["post-567499","post","type-post","status-publish","format-standard","hentry","category-miguel-angel-rivera","tag-clase-politica","tag-miguel-angel-rivera","tag-opinion"],"_links":{"self":[{"href":"https:\/\/www.diarioimagen.net\/index.php?rest_route=\/wp\/v2\/posts\/567499","targetHints":{"allow":["GET"]}}],"collection":[{"href":"https:\/\/www.diarioimagen.net\/index.php?rest_route=\/wp\/v2\/posts"}],"about":[{"href":"https:\/\/www.diarioimagen.net\/index.php?rest_route=\/wp\/v2\/types\/post"}],"author":[{"embeddable":true,"href":"https:\/\/www.diarioimagen.net\/index.php?rest_route=\/wp\/v2\/users\/3"}],"replies":[{"embeddable":true,"href":"https:\/\/www.diarioimagen.net\/index.php?rest_route=%2Fwp%2Fv2%2Fcomments&post=567499"}],"version-history":[{"count":0,"href":"https:\/\/www.diarioimagen.net\/index.php?rest_route=\/wp\/v2\/posts\/567499\/revisions"}],"wp:attachment":[{"href":"https:\/\/www.diarioimagen.net\/index.php?rest_route=%2Fwp%2Fv2%2Fmedia&parent=567499"}],"wp:term":[{"taxonomy":"category","embeddable":true,"href":"https:\/\/www.diarioimagen.net\/index.php?rest_route=%2Fwp%2Fv2%2Fcategories&post=567499"},{"taxonomy":"post_tag","embeddable":true,"href":"https:\/\/www.diarioimagen.net\/index.php?rest_route=%2Fwp%2Fv2%2Ftags&post=567499"}],"curies":[{"name":"wp","href":"https:\/\/api.w.org\/{rel}","templated":true}]}}