{"id":567508,"date":"2022-11-29T00:09:32","date_gmt":"2022-11-29T06:09:32","guid":{"rendered":"https:\/\/www.diarioimagen.net\/?p=567508"},"modified":"2022-11-29T03:54:12","modified_gmt":"2022-11-29T09:54:12","slug":"cine-para-adoctrinar-obsesion-por-el-poder","status":"publish","type":"post","link":"https:\/\/www.diarioimagen.net\/?p=567508","title":{"rendered":"Cine para adoctrinar: obsesi\u00f3n por el poder"},"content":{"rendered":"<h2>Poder y dinero<\/h2>\n<h5>V\u00edctor S\u00e1nchez Ba\u00f1os<\/h5>\n<p>&nbsp;<\/p>\n<ul>\n<li><strong><em>Quitan subsidios a cineastas<\/em><\/strong><\/li>\n<li><strong><em>Impulsar a siervos de la 4T<\/em><\/strong><\/li>\n<li><strong><em>Epigmenio Ibarra, beneficiado<\/em><\/strong><\/li>\n<li><strong><em>Eliminar Arieles, castigo a independientes<\/em><\/strong><\/li>\n<li><strong><em>Guillermo del Toro, conciencia<\/em><\/strong><\/li>\n<li><strong><em>Alejandra Fraustro, miseria<\/em><\/strong><\/li>\n<li><strong><em>Manifestaci\u00f3n decepcion\u00f3<\/em><\/strong><\/li>\n<li><strong><em>Compr\u00f3 caro el amor<\/em><\/strong><\/li>\n<li><strong><em>Fue s\u00f3lo para la foto<\/em><\/strong><\/li>\n<li><strong><em>Danone, RSC<\/em><\/strong><\/li>\n<\/ul>\n<p>&nbsp;<\/p>\n<p style=\"text-align: right;\"><em>El primer error que se comete en los negocios<\/em><em> p\u00fablicos es consagrarse a ellos<br \/>\n<\/em><strong>Benjam\u00edn Franklin<\/strong> (1706-1790), estadista y cient\u00edfico estadounidense<\/p>\n<p>&nbsp;<\/p>\n<p>\u00bfCu\u00e1l es el verdadero trabajo en la Secretar\u00eda de Cultura de la titular Alejandra Fraustro Guerrero? \u00bfEs ahorrar mediante el sacrificio a apoyo de las bellas artes como cine, teatro, danza, entre otras? \u00bfEs desviar recursos para fines particulares y de partido para la supervivencia de la 4T? 0, \u00bfcrear estructuras de adoctrinamiento, mediante recursos p\u00fablicos desviados a los cineastas al servicio del gobierno de L\u00f3pez Obrador?<\/p>\n<p>Todo se enfoca en el gobierno del socialista de Macuspana, a actuar con celeridad, antes de que termine el sexenio, para estructurar una enorme maquinaria propagand\u00edstica que eternice en el poder al grupo que lo acompa\u00f1\u00f3 en la aventura presidencial.<\/p>\n<p>Amor con amor se paga, dice el l\u00edder del Ejecutivo, pero paga con mucho m\u00e1s que amor. Paga con mucho dinero esas lealtades de sus m\u00e1s cercanos colaboradores. No importa la preparaci\u00f3n, ni sus antecedentes de deshonestidad en la administraci\u00f3n p\u00fablica. Lo que importa es la lealtad por el poder, el dinero y por quien se los proporciona.<\/p>\n<p>De principios, de amor a la patria y de honradez, no se habla.<\/p>\n<p>Bueno todo esto te lo platico, estimado lector, al revisar detenidamente la estrategia de la 4T, para adoctrinar a los ni\u00f1os en las escuelas, en lo que se desvive Marx Arriaga, el de los libros de texto gratuitos.<\/p>\n<p>En el fracaso educativo llamado Universidades Bienestar, que prometieron 100 universidades en un a\u00f1o, para lo que destinaron mil millones de pesos. El resultado fue un pu\u00f1ado de escuelas sin instalaciones dignas, sin t\u00edtulos universitarios, sin reconocimiento social, profesional y empresarial. Adem\u00e1s, las materias que proporcionan en nada sirven para ganarse la vida, pero eso s\u00ed para elogiar a la figura del \u201cl\u00edder\u201d Kim Il Sung, perd\u00f3n L\u00f3pez Obrador.<\/p>\n<p style=\"text-align: center;\"><strong>AHORA, EL CINE<\/strong><\/p>\n<p>Fraustro, quien fue rescatada de la debacle del gobierno en Guerrero de \u00c1ngel Aguirre, quien cay\u00f3 luego de la matanza de los 23 estudiantes de Ayotzinapa, en 2014, por allegados de Marcelo Ebrard, a quien m\u00e1s pronto que temprano lo traicion\u00f3, a pesar que la recomend\u00f3 para incrustarse en la l\u00ednea de AMLO. Ella, ahora, con el fin de congraciarse con L\u00f3pez Obrador, le puso el anillo al dedo. Lo convenci\u00f3 de que las \u201cbellas artes\u201d pueden transformarse en un aparato propagand\u00edstico para la 4T.<\/p>\n<p>Lo ha hecho con cineastas como Luis Mandoki, quien es el documentalista preferido de Andr\u00e9s. No puede escaparse Epigmenio Ibarra, quien ha hecho de las historias de narcos, su fuente m\u00e1s importante de ingresos, am\u00e9n de las loas el Presidente de la Rep\u00fablica, a quien sigue desde hace unos lustros. La obra maestra de Mandoki fue \u00bfQui\u00e9n es el se\u00f1or L\u00f3pez? (2006), que sirvi\u00f3 de propaganda electoral.<\/p>\n<p>Desde la Grecia antigua, los potentados llevaban a un \u201cescritor\u201d para que relatara a la historia lo que hac\u00edan. As\u00ed lo hizo Hern\u00e1n Cort\u00e9s con Bernal D\u00edaz del Castillo y muchos m\u00e1s antes y despu\u00e9s. Ahora, esos pol\u00edticos llevan documentalistas. Sus \u201cobras\u201d, obviamente, llevan un apoyo financiero desde las arcas p\u00fablicas.<\/p>\n<p>Al quitarle los recursos al cine para los cineastas independientes, simplemente sentenciamos al llamado s\u00e9ptimo arte a convertirlo en un panfleto propagand\u00edstico en favor de la 4T. Si bien hay pel\u00edculas que son un desperdicio de recursos p\u00fablicos, hay otras que son verdaderas obras de arte.<\/p>\n<p>Eliminar los \u201cArieles\u201d, que con los reconocimientos del cine mexicano, es evitar que sea evaluado el sistema de recursos p\u00fablicos. Al mismo tiempo, bajo el supuesto de \u201cahorrar, que dice la se\u00f1ora Fraustro, el objetivo, como mencion\u00e9 l\u00edneas atr\u00e1s, es destinar dinero a la propaganda cuatrotera.<\/p>\n<p>Por ello, la Secretar\u00eda de Cultura, guarda silencio cuando el famoso director de cine mexicano, Guillermo del Toro, quien ha sido cuidadoso de no verse involucrado en pol\u00edtica, dijo que el donar\u00eda las estatuillas y que muchos estar\u00edan dispuestos a donar para que la premiaci\u00f3n se haga.<\/p>\n<p>La miserable decisi\u00f3n de Fraustro es acabar con todo aquello que nace en la sociedad y su objetivo es que el gobierno se meta en todas partes, desde las instituciones privadas, hasta las alcobas del electorado.<\/p>\n<p>Camino al totalitarismo. \u00a1De terror!<\/p>\n<p style=\"text-align: center;\"><strong>PODEROSOS CABALLEROS<\/strong><\/p>\n<p style=\"text-align: center;\"><strong>CONTRAMARCHA DE AMLO, <\/strong><strong>DERROCHE SIN RESULTADO<\/strong>S<\/p>\n<p>La marcha del domingo para elogiar el ego de AMLO fue enorme, pero la verdad ante el aparato que moviliz\u00f3 con dinero del erario, no llen\u00f3 las perspectivas que todos esperaban, incluso del inquilino de Palacio Nacional. Casi 2 mil camiones con 50 personas cada uno, llegaron de varias partes del pa\u00eds. Fueron unas 10 mil personas, a las que les pagaron con recursos p\u00fablicos, un promedio de 2 mil pesos a cada uno; esto representa unos 100 mil pesos por autob\u00fas, m\u00e1s el alquiler que son otros 3 mil pesos, el hospedaje, alimentos y el \u201cmoche\u201d. En total, hab\u00edan sido poco m\u00e1s de 200 millones de pesos. Aunado a lo anterior, micros y otros veh\u00edculos acarrearon de las alcald\u00edas morenistas y del Estado de M\u00e9xico, otro tanto. El promedio de gasto en total super\u00f3 los 600 millones de pesos. Para el acarreo que hicieron los que arremedan como los priistas, fue un fiasco. \u00bfQui\u00e9nes se quedaron con el dinero destinado para impulsar el ego del Presidente? Hasta en eso hay gran corrupci\u00f3n.<\/p>\n<p style=\"text-align: center;\"><strong>RESPONSABILIDAD SOCIAL <\/strong><strong>CORPORATIVA<\/strong><\/p>\n<p><strong>DANONE:<\/strong> Para Danone M\u00e9xico, seg\u00fan su directora Silvia D\u00e1vila, la inclusi\u00f3n es fundamental en las pol\u00edticas administrativas de las empresas en el pa\u00eds y el mundo. Las personas cada d\u00eda son m\u00e1s exigentes para conocer el origen y cadena de valor de los productos que consumen, especialmente en alimentos. Danone trabaja en ello.<\/p>\n<p>&nbsp;<\/p>\n<blockquote>\n<p style=\"text-align: right;\">Esc\u00fachame lunes, martes, mi\u00e9rcoles y viernes,<br \/>\nen <strong><em>El Heraldo Radio<\/em><\/strong>, desde las 22 horas.<\/p>\n<\/blockquote>\n<p>&nbsp;<\/p>\n<p><em><a href=\"http:\/\/poderydinero.mx\/\" target=\"_blank\" rel=\"noopener\">poderydinero.mx<\/a><br \/>\n<\/em><em><a href=\"mailto:vsb@poderydinero.mx\" target=\"_blank\" rel=\"noopener noreferrer\">vsb@poderydinero.mx<\/a><br \/>\n<\/em><em><a href=\"https:\/\/twitter.com\/vsanchezbanos\" target=\"_blank\" rel=\"noopener noreferrer\">@vsanchezbanos<\/a><\/em><\/p>\n","protected":false},"excerpt":{"rendered":"<p><span style=\"color: #005497;\"><strong>V\u00edctor S\u00e1nchez Ba\u00f1os<\/strong><\/span><\/p>\n","protected":false},"author":3,"featured_media":0,"comment_status":"open","ping_status":"open","sticky":false,"template":"","format":"standard","meta":{"_monsterinsights_skip_tracking":false,"_monsterinsights_sitenote_active":false,"_monsterinsights_sitenote_note":"","_monsterinsights_sitenote_category":0,"footnotes":""},"categories":[38844],"tags":[43674,38847,38848],"class_list":["post-567508","post","type-post","status-publish","format-standard","hentry","category-victor-sanchez-banos","tag-opinion","tag-poder-y-dinero","tag-victor-sanchez-banos"],"_links":{"self":[{"href":"https:\/\/www.diarioimagen.net\/index.php?rest_route=\/wp\/v2\/posts\/567508","targetHints":{"allow":["GET"]}}],"collection":[{"href":"https:\/\/www.diarioimagen.net\/index.php?rest_route=\/wp\/v2\/posts"}],"about":[{"href":"https:\/\/www.diarioimagen.net\/index.php?rest_route=\/wp\/v2\/types\/post"}],"author":[{"embeddable":true,"href":"https:\/\/www.diarioimagen.net\/index.php?rest_route=\/wp\/v2\/users\/3"}],"replies":[{"embeddable":true,"href":"https:\/\/www.diarioimagen.net\/index.php?rest_route=%2Fwp%2Fv2%2Fcomments&post=567508"}],"version-history":[{"count":0,"href":"https:\/\/www.diarioimagen.net\/index.php?rest_route=\/wp\/v2\/posts\/567508\/revisions"}],"wp:attachment":[{"href":"https:\/\/www.diarioimagen.net\/index.php?rest_route=%2Fwp%2Fv2%2Fmedia&parent=567508"}],"wp:term":[{"taxonomy":"category","embeddable":true,"href":"https:\/\/www.diarioimagen.net\/index.php?rest_route=%2Fwp%2Fv2%2Fcategories&post=567508"},{"taxonomy":"post_tag","embeddable":true,"href":"https:\/\/www.diarioimagen.net\/index.php?rest_route=%2Fwp%2Fv2%2Ftags&post=567508"}],"curies":[{"name":"wp","href":"https:\/\/api.w.org\/{rel}","templated":true}]}}