{"id":567558,"date":"2022-11-30T00:02:45","date_gmt":"2022-11-30T06:02:45","guid":{"rendered":"https:\/\/www.diarioimagen.net\/?p=567558"},"modified":"2022-11-30T03:23:53","modified_gmt":"2022-11-30T09:23:53","slug":"ana-elena-medina-busca-la-candidatura-independiente-para-el-gobierno-de-edomex","status":"publish","type":"post","link":"https:\/\/www.diarioimagen.net\/?p=567558","title":{"rendered":"Ana Elena Medina busca la candidatura independiente\u00a0para el gobierno de Edomex"},"content":{"rendered":"<p>&nbsp;<\/p>\n<ul>\n<li><em><strong>Apoyada por l\u00edderes de diversas organizaciones<\/strong><\/em><\/li>\n<\/ul>\n<p>&nbsp;<\/p>\n<h6>Arturo Baena<\/h6>\n<p>&nbsp;<\/p>\n<div id=\"attachment_567604\" style=\"width: 210px\" class=\"wp-caption alignright\"><a href=\"https:\/\/www.diarioimagen.net\/?attachment_id=567604\" rel=\"attachment wp-att-567604\"><img loading=\"lazy\" decoding=\"async\" aria-describedby=\"caption-attachment-567604\" class=\"wp-image-567604\" src=\"https:\/\/www.diarioimagen.net\/wp-content\/uploads\/2022\/11\/ana-elena.jpg\" alt=\"\" width=\"200\" height=\"312\" \/><\/a><p id=\"caption-attachment-567604\" class=\"wp-caption-text\">Ana Elena Medina Pacheco, doctora en ciencias de la educaci\u00f3n, se registr\u00f3 como aspirante a buscar una candidatura independiente.<\/p><\/div>\n<p><strong>Toluca, Estado de M\u00e9xico.\u2014<\/strong> Entre las ocho personas que buscan ser candidatos independientes a la gubernatura del Estado de M\u00e9xico, destaca la postulaci\u00f3n de la doctora Ana Elena Medina Pacheco, quien es apoyada por l\u00edderes de diversas organizaciones estatales y de la sociedad civil organizada para contender en las elecciones del 4 de junio del 2023.<\/p>\n<p>Ana Elena Medina Pacheco es doctora en ciencias de la educaci\u00f3n, y se registr\u00f3 como aspirante a buscar una candidatura independiente por la gobernatura del Estado de M\u00e9xico con el respaldo de la sociedad civil y l\u00edderes sociales en todo el estado.<\/p>\n<p>La aspirante independiente presenta adem\u00e1s una maestr\u00eda en docencia y administraci\u00f3n de educaci\u00f3n superior; ostenta licenciatura en Pedagog\u00eda; sobresaliendo entre los otros solicitantes que iniciaron el tr\u00e1mite para obtener un registro como candidatos independientes a la gubernatura del Estado de M\u00e9xico. Mucho se ha o\u00eddo hablar de la delincuencia organizada a partir de hoy se hablar\u00e1 de la sociedad civil organizada, la cual apoya incondicionalmente a la doctora Ana Elena Medina Pacheco. Sociedad Civil que est\u00e1 esperando la resoluci\u00f3n de la mesa del IEEM para recabar las firmas necesarias. Cabe mencionar que no le ser\u00e1 dif\u00edcil hacerlo, ya que cuenta con una estructura muy fuerte y es apoyada por l\u00edderes de organizaciones en todo el estado de M\u00e9xico.<\/p>\n<p>Asimismo, y cumplido el plazo para subsanar posibles omisiones en la documentaci\u00f3n, la DPP elaborar\u00e1 los dict\u00e1menes correspondientes y los remitir\u00e1 a la Secretar\u00eda Ejecutiva del IEEM, a fin de que sean sometidos a consideraci\u00f3n del Consejo General, que deber\u00e1 sesionar el 14 de diciembre de 2022 para declarar la procedencia o improcedencia del EMI.<\/p>\n<p>En caso de resultar procedente el registro, se le otorgar\u00eda la calidad de \u201caspirante a una candidatura independiente\u201d a las y los postulantes.<\/p>\n","protected":false},"excerpt":{"rendered":"<p>Entre las ocho personas que buscan ser candidatos independientes a la gubernatura del Estado de M\u00e9xico, destaca la postulaci\u00f3n de la doctora Ana Elena Medina Pacheco, quien es apoyada por l\u00edderes de diversas organizaciones estatales y de la sociedad civil organizada para contender en las elecciones del 4 de junio del 2023.<\/p>\n","protected":false},"author":3,"featured_media":567606,"comment_status":"open","ping_status":"open","sticky":false,"template":"","format":"standard","meta":{"_monsterinsights_skip_tracking":false,"_monsterinsights_sitenote_active":false,"_monsterinsights_sitenote_note":"","_monsterinsights_sitenote_category":0,"footnotes":""},"categories":[5],"tags":[96917,17036,43675,452],"class_list":["post-567558","post","type-post","status-publish","format-standard","has-post-thumbnail","hentry","category-estado-de-mexico","tag-ana-elena-medina-pacheco","tag-candidatura","tag-estado-de-mexico","tag-toluca"],"_links":{"self":[{"href":"https:\/\/www.diarioimagen.net\/index.php?rest_route=\/wp\/v2\/posts\/567558","targetHints":{"allow":["GET"]}}],"collection":[{"href":"https:\/\/www.diarioimagen.net\/index.php?rest_route=\/wp\/v2\/posts"}],"about":[{"href":"https:\/\/www.diarioimagen.net\/index.php?rest_route=\/wp\/v2\/types\/post"}],"author":[{"embeddable":true,"href":"https:\/\/www.diarioimagen.net\/index.php?rest_route=\/wp\/v2\/users\/3"}],"replies":[{"embeddable":true,"href":"https:\/\/www.diarioimagen.net\/index.php?rest_route=%2Fwp%2Fv2%2Fcomments&post=567558"}],"version-history":[{"count":0,"href":"https:\/\/www.diarioimagen.net\/index.php?rest_route=\/wp\/v2\/posts\/567558\/revisions"}],"wp:featuredmedia":[{"embeddable":true,"href":"https:\/\/www.diarioimagen.net\/index.php?rest_route=\/wp\/v2\/media\/567606"}],"wp:attachment":[{"href":"https:\/\/www.diarioimagen.net\/index.php?rest_route=%2Fwp%2Fv2%2Fmedia&parent=567558"}],"wp:term":[{"taxonomy":"category","embeddable":true,"href":"https:\/\/www.diarioimagen.net\/index.php?rest_route=%2Fwp%2Fv2%2Fcategories&post=567558"},{"taxonomy":"post_tag","embeddable":true,"href":"https:\/\/www.diarioimagen.net\/index.php?rest_route=%2Fwp%2Fv2%2Ftags&post=567558"}],"curies":[{"name":"wp","href":"https:\/\/api.w.org\/{rel}","templated":true}]}}