{"id":567561,"date":"2022-11-30T00:01:37","date_gmt":"2022-11-30T06:01:37","guid":{"rendered":"https:\/\/www.diarioimagen.net\/?p=567561"},"modified":"2022-11-30T03:24:33","modified_gmt":"2022-11-30T09:24:33","slug":"en-el-edomex-morena-esta-bien-posicionado-en-la-percepcion-de-ciudadanos-horacio-duarte","status":"publish","type":"post","link":"https:\/\/www.diarioimagen.net\/?p=567561","title":{"rendered":"En el Edomex, Morena est\u00e1 bien posicionado en la percepci\u00f3n de ciudadanos: Horacio Duarte"},"content":{"rendered":"<p>&nbsp;<\/p>\n<ul>\n<li><em><strong>Van por el voto de mujeres mexiquenses<\/strong><\/em><\/li>\n<\/ul>\n<p><strong>\u00a0<\/strong><\/p>\n<h6>Arturo Baena<\/h6>\n<p>&nbsp;<\/p>\n<div id=\"attachment_567607\" style=\"width: 470px\" class=\"wp-caption aligncenter\"><a href=\"https:\/\/www.diarioimagen.net\/?attachment_id=567607\" rel=\"attachment wp-att-567607\"><img loading=\"lazy\" decoding=\"async\" aria-describedby=\"caption-attachment-567607\" class=\"size-full wp-image-567607\" src=\"https:\/\/www.diarioimagen.net\/wp-content\/uploads\/2022\/11\/edomex-morena.jpg\" alt=\"\" width=\"460\" height=\"270\" \/><\/a><p id=\"caption-attachment-567607\" class=\"wp-caption-text\">Horacio Duarte Olivares\u00a0afirm\u00f3 que el Estado de M\u00e9xico se perfila que la disputa por la guberntura sea entre dos mujeres.<\/p><\/div>\n<p>&nbsp;<\/p>\n<p><strong>Valle de M\u00e9xico.\u2014<\/strong> En el Estado de M\u00e9xico, Morena se encuentra bien posicionado en la percepci\u00f3n de los mexiquenses y uno de los retos es garantizar ayudar a por lo menos 3 millones de mujeres.<\/p>\n<p>Asegur\u00f3 en entrevista, Horacio Duarte, inminente coordinador de campa\u00f1a de Delfina G\u00f3mez, al tiempo de destacar que en la entidad mexiquense van en aumento los feminicidios.<\/p>\n<p>Duarte Olivares,\u00a0afirm\u00f3 que el Estado de M\u00e9xico se perfila que la disputa sea entre dos mujeres y el tema de la agenda de las mujeres est\u00e1 marcando la agenda p\u00fablica nacional y la del estado.<\/p>\n<p>\u201cYo creo que al final del d\u00eda Morena va a tener una mejor agenda\u00a0 de lo que ser\u00e1n las pol\u00edticas p\u00fablicas para el pr\u00f3ximo septiembre en adelante,\u00a0obvio no desconocemos que hay un programa \u00a0que ahora le llama Salario Rosa que quiere hacer ver la percepci\u00f3n de que esa es la panacea del tema\u00a0 de las mujeres cuando en el Estado de M\u00e9xico, el feminicidio no se ha disminuido porque haya Salario Rosa\u201d, dijo.<\/p>\n<p>Por otra parte, el ex funcionario federal puntualiz\u00f3 que de acuerdo con los datos estad\u00edsticos no hay correlaci\u00f3n entre la gran imagen que tiene el Salario Rosa respecto a la disminuci\u00f3n de feminicidios. \u201cContrastar datos contra datos\u201d.<\/p>\n<p>El ex titular de Aduanas sostuvo que en este tema Morena y su coalici\u00f3n o alianza tendr\u00e1n que plantear pol\u00edticas que atiendan integralmente no a 560 mil mujeres, sino alrededor de 3 millones de mujeres, ya que existen de acuerdo al censo aproximadamente 9 millones de mujeres en la entidad, pero hay que descontar alrededor de 6 millones menores de 18 a\u00f1os. \u201cEse es el reto\u201d, ampliar el n\u00famero de beneficiadas.<\/p>\n","protected":false},"excerpt":{"rendered":"<p>En el Estado de M\u00e9xico, Morena se encuentra bien posicionado en la percepci\u00f3n de los mexiquenses y uno de los retos es garantizar ayudar a por lo menos 3 millones de mujeres.<\/p>\n","protected":false},"author":3,"featured_media":567607,"comment_status":"open","ping_status":"open","sticky":false,"template":"","format":"standard","meta":{"_monsterinsights_skip_tracking":false,"_monsterinsights_sitenote_active":false,"_monsterinsights_sitenote_note":"","_monsterinsights_sitenote_category":0,"footnotes":""},"categories":[5],"tags":[1697,20663,34],"class_list":["post-567561","post","type-post","status-publish","format-standard","has-post-thumbnail","hentry","category-estado-de-mexico","tag-entrevista","tag-morena","tag-valle-de-mexico"],"_links":{"self":[{"href":"https:\/\/www.diarioimagen.net\/index.php?rest_route=\/wp\/v2\/posts\/567561","targetHints":{"allow":["GET"]}}],"collection":[{"href":"https:\/\/www.diarioimagen.net\/index.php?rest_route=\/wp\/v2\/posts"}],"about":[{"href":"https:\/\/www.diarioimagen.net\/index.php?rest_route=\/wp\/v2\/types\/post"}],"author":[{"embeddable":true,"href":"https:\/\/www.diarioimagen.net\/index.php?rest_route=\/wp\/v2\/users\/3"}],"replies":[{"embeddable":true,"href":"https:\/\/www.diarioimagen.net\/index.php?rest_route=%2Fwp%2Fv2%2Fcomments&post=567561"}],"version-history":[{"count":0,"href":"https:\/\/www.diarioimagen.net\/index.php?rest_route=\/wp\/v2\/posts\/567561\/revisions"}],"wp:featuredmedia":[{"embeddable":true,"href":"https:\/\/www.diarioimagen.net\/index.php?rest_route=\/wp\/v2\/media\/567607"}],"wp:attachment":[{"href":"https:\/\/www.diarioimagen.net\/index.php?rest_route=%2Fwp%2Fv2%2Fmedia&parent=567561"}],"wp:term":[{"taxonomy":"category","embeddable":true,"href":"https:\/\/www.diarioimagen.net\/index.php?rest_route=%2Fwp%2Fv2%2Fcategories&post=567561"},{"taxonomy":"post_tag","embeddable":true,"href":"https:\/\/www.diarioimagen.net\/index.php?rest_route=%2Fwp%2Fv2%2Ftags&post=567561"}],"curies":[{"name":"wp","href":"https:\/\/api.w.org\/{rel}","templated":true}]}}