{"id":567581,"date":"2022-11-30T00:15:22","date_gmt":"2022-11-30T06:15:22","guid":{"rendered":"https:\/\/www.diarioimagen.net\/?p=567581"},"modified":"2022-11-30T03:11:41","modified_gmt":"2022-11-30T09:11:41","slug":"y-el-informe","status":"publish","type":"post","link":"https:\/\/www.diarioimagen.net\/?p=567581","title":{"rendered":"\u00bfY el informe?"},"content":{"rendered":"<h2>Por la Derecha..!<\/h2>\n<h5>Luis \u00c1ngel Garc\u00eda<\/h5>\n<p>&nbsp;<\/p>\n<p>Todos los medios se fueron con la cr\u00f3nica de la marcha-desfile del pasado domingo; de la buena condici\u00f3n f\u00edsica que tiene -a diferencia de Epigmenio Ibarra-, el Presidente, quien camin\u00f3 por espacio de cinco horas una no gran distancia, pero mantuvo el ritmo, su lento andar, frenado por las muestras de simpat\u00eda de sus correligionarios. Tambi\u00e9n repararon los reporteros en la perorata de hora y media que dirigi\u00f3 a la audiencia de un Z\u00f3calo, no tan \u201cabarrotado\u201d como mencionaron algunos diarios proclives a la 4T. Pero nadie hizo \u00e9nfasis en el discurso donde iba a delinear el nuevo modelo econ\u00f3mico del pa\u00eds. En t\u00e9rminos beisboleros dir\u00edan los cl\u00e1sicos que el batazo de cuatro esquinas prometido, termin\u00f3 en un \u201cpodridito\u201d, un <em>fly<\/em> atr\u00e1s de la segunda base.<\/p>\n<p>Nadie recuerda lo esencial de su intervenci\u00f3n. El informe s\u00f3lo fue un recuento reiterado de los supuestos logros que ha conseguido la pol\u00edtica asistencialista -electorera-, del r\u00e9gimen. Y el famoso anunci\u00f3 sobre el nuevo modelo econ\u00f3mico nacional qued\u00f3 en el mero bautizo: Humanismo mexicano, la \u201cnueva\u201d forma del bienestar social.<\/p>\n<p>Desde que inici\u00f3 el sexenio, se critic\u00f3 la ausencia de una verdadera pol\u00edtica econ\u00f3mica, despu\u00e9s vino la debacle con el cero crecimiento y los efectos negativos de la pandemia; tuvimos un retroceso del 8 por ciento y tocamos la recesi\u00f3n, como no se ve\u00eda desde 1932. Los organismos internacionales, especialistas y analistas nacionales y extranjeros alejaron los pron\u00f3sticos oficiales de que se iba a crecer al 6 por ciento anual. R\u00e1pidamente, el gobierno ech\u00f3 mano de los modelos mundiales que hacen uso de los indicadores del Estado de bienestar, y decidi\u00f3 copiarlo. Se criticaron los est\u00e1ndares tradicionales de crecimiento y desarrollo por ser un instrumento neoliberal.<\/p>\n<p>Descalificaron as\u00ed al Fondo Monetario Internacional, al Banco Mundial, al Banco Interamericano de Desarrollo -m\u00e1s despu\u00e9s de que su gallo, el subgobernador del Banco de M\u00e9xico, s\u00f3lo obtuvo dos votos de los miembros del BID, por lo que el nuevo dirigente ser\u00e1 un brasile\u00f1o- y la Organizaci\u00f3n para la Cooperaci\u00f3n y el Desarrollo Econ\u00f3micos, entre otras instituciones que miden las econom\u00edas nacionales. Por ello se esperaba que desde el Z\u00f3calo lanzara un nuevo proyecto econ\u00f3mico, donde presentara los indicadores o variables que ser\u00edan la nueva m\u00e9trica del bienestar de los mexicanos, c\u00f3mo saber qu\u00e9 tan felices somos. Pero nada, s\u00f3lo un nombre ambiguo, vac\u00edo, que no define el nuevo rumbo econ\u00f3mico.<\/p>\n<p>Eso s\u00ed, insiste en que las remesas han sacado a flote al pa\u00eds, nada m\u00e1s alejado de la realidad. Sus economistas saben que ese dinero no es porque nuestra econom\u00eda genere riqueza; al contrario, es una verg\u00fcenza que los compatriotas que no tuvieron en su tierra oportunidad de empleo ni de educaci\u00f3n emigren para sostener a sus familias. S\u00ed, cada vez mandan m\u00e1s dinero, que no puede tocar el gobierno porque llega directo a los destinatarios, pero es por la mejor\u00eda en la econom\u00eda americana que mantiene las fuentes de trabajo y reactiva sus procesos productivos y de consumo. Con una agravante m\u00e1s, la sospecha de que, a trav\u00e9s de las remesas, el crimen organizado lave dinero, ya que en plena pandemia y con el comercio mundial cerrado, el dinero que entraba al pa\u00eds no decay\u00f3, al contrario mes con mes romp\u00eda su propio r\u00e9cord.<\/p>\n<p>Vaticinan un crecimiento del 3 por ciento para el resto del sexenio, meta dif\u00edcil de lograr.<\/p>\n<p>No s\u00e9 qu\u00e9 fue m\u00e1s triste, la derrota de la Selecci\u00f3n Nacional, el Z\u00f3calo a tres cuartos de su capacidad, donde o\u00edan al Presidente, pero no lo escuchaban o quedarse con las ganas de conocer c\u00f3mo es un Estado de bienestar.<\/p>\n","protected":false},"excerpt":{"rendered":"<p><span style=\"color: #005497;\"><strong>Luis \u00c1ngel Garc\u00eda<\/strong><\/span><\/p>\n","protected":false},"author":3,"featured_media":0,"comment_status":"open","ping_status":"open","sticky":false,"template":"","format":"standard","meta":{"_monsterinsights_skip_tracking":false,"_monsterinsights_sitenote_active":false,"_monsterinsights_sitenote_note":"","_monsterinsights_sitenote_category":0,"footnotes":""},"categories":[92115],"tags":[92117,43674,92116],"class_list":["post-567581","post","type-post","status-publish","format-standard","hentry","category-luis-angel-garcia","tag-luis-angel-garcia","tag-opinion","tag-por-la-derecha"],"_links":{"self":[{"href":"https:\/\/www.diarioimagen.net\/index.php?rest_route=\/wp\/v2\/posts\/567581","targetHints":{"allow":["GET"]}}],"collection":[{"href":"https:\/\/www.diarioimagen.net\/index.php?rest_route=\/wp\/v2\/posts"}],"about":[{"href":"https:\/\/www.diarioimagen.net\/index.php?rest_route=\/wp\/v2\/types\/post"}],"author":[{"embeddable":true,"href":"https:\/\/www.diarioimagen.net\/index.php?rest_route=\/wp\/v2\/users\/3"}],"replies":[{"embeddable":true,"href":"https:\/\/www.diarioimagen.net\/index.php?rest_route=%2Fwp%2Fv2%2Fcomments&post=567581"}],"version-history":[{"count":0,"href":"https:\/\/www.diarioimagen.net\/index.php?rest_route=\/wp\/v2\/posts\/567581\/revisions"}],"wp:attachment":[{"href":"https:\/\/www.diarioimagen.net\/index.php?rest_route=%2Fwp%2Fv2%2Fmedia&parent=567581"}],"wp:term":[{"taxonomy":"category","embeddable":true,"href":"https:\/\/www.diarioimagen.net\/index.php?rest_route=%2Fwp%2Fv2%2Fcategories&post=567581"},{"taxonomy":"post_tag","embeddable":true,"href":"https:\/\/www.diarioimagen.net\/index.php?rest_route=%2Fwp%2Fv2%2Ftags&post=567581"}],"curies":[{"name":"wp","href":"https:\/\/api.w.org\/{rel}","templated":true}]}}