{"id":567645,"date":"2022-11-30T00:05:48","date_gmt":"2022-11-30T06:05:48","guid":{"rendered":"https:\/\/www.diarioimagen.net\/?p=567645"},"modified":"2022-11-30T04:02:24","modified_gmt":"2022-11-30T10:02:24","slug":"le-faltan-marchas-a-morena","status":"publish","type":"post","link":"https:\/\/www.diarioimagen.net\/?p=567645","title":{"rendered":"Le faltan marchas a Morena"},"content":{"rendered":"<h2>Perfil de M\u00e9xico<\/h2>\n<h5>Armando R\u00edos Ruiz<\/h5>\n<p>&nbsp;<\/p>\n<p>Se necesita una inteligencia tan sobresaliente como la del dirigente de Morena, Mario Delgado, para proponer otra marcha, despu\u00e9s de la exhibici\u00f3n del m\u00e1s gigantesco acarreo de participantes en la historia del pa\u00eds, el domingo pasado, que tuvo un costo aproximado a los dos mil millones de pesos, de acuerdo con los n\u00fameros del periodista, Dar\u00edo Celis.<\/p>\n<p>Pero como dinero es lo que sobra en M\u00e9xico, gracias a los pr\u00e9stamos s\u00faper millonarios hechos por instituciones internacionales, pues hay que volver a llenar el enfermizo ego del Presidente, tan necesitado de los v\u00edtores, aplausos, carteles\u00a0 fabricados a modo para su halago y numerosos asistentes, deseosos de hacer un paseo a la gran capital, con alimentos pagados y hasta con 300 pesotes para gastarlos en lo que mejor hubieran preferido.<\/p>\n<p>Al talentoso dirigente debe resultarle demasiado complicado pensar en que ser\u00eda mejor destinar ese gasto en el abastecimiento de medicinas para evitar m\u00e1s muertes de ni\u00f1os; para implementar programas viables contra los feminicidios; para revivir programas eliminados, como las tan necesarias estancias infantiles, comedores comunitarios y decenas m\u00e1s. O para rehabilitar otros, cuyos presupuestos a\u00fan existen y no se sabe en qu\u00e9 se utilizan, de acuerdo con un estudio del Instituto Mexicano para la Competitividad (IMCO).<\/p>\n<p>Pues no. Resulta m\u00e1s atrayente y necesario realizar una o dos marchas m\u00e1s, dijo el \u201csuperdotado\u201d, para despedir al mandatario, que anunci\u00f3 su retiro de la pol\u00edtica mexicana en 2024, cuando su plan haya alcanzado el \u00e9xito, respecto a imponer a\u00a0 uno de los dos, tambi\u00e9n sobresalientes predilectos, dedicados a repetir como loros todos sus dichos: Claudia Sheinbaum o Ad\u00e1n Augusto L\u00f3pez.<\/p>\n<p>M\u00e9xico no existe para Mario Delgado o no es lo m\u00e1s importante. Lo significativo y trascendental es su jefe. Seguramente tiene muchas ganas de decirle personalmente, como ocurri\u00f3 en la marcha con algunos participantes amaestrados, aunque con otras palabras: \u201cNo se vaya. El pueblo bueno y sabio lo adora. Deber\u00eda intentar la reelecci\u00f3n\u201d. Pero de volver a ganar las elecciones, no necesitar\u00e1 de este consejo. Seguro ser\u00eda quien realmente gobierne.<\/p>\n<p>Pero, pese a los desplantes triunfalistas de las huestes gubernamentales, los marchistas no lograron llenar el Z\u00f3calo. La guacamaya Claudia Sheinbaum (por carecer de inteligencia y de luz propias y repetir como grabadora todo lo que su se\u00f1or dice), afirm\u00f3 que acudieron m\u00e1s de un mill\u00f3n de personas, que quienes saben contar en esos eventos no vieron.<\/p>\n<p>(Tan ciegos est\u00e1n en Morena, que Mart\u00ed Batres vio en la marcha de la ciudadan\u00eda, libre y espont\u00e1nea, entre 10 y 12 mil asistentes y su gran patr\u00f3n, el Presidente, 60 mil, pero haciendo un favor. Esto habla hasta de la \u00ednfima capacidad para observar y para contar. De esto se desprende que para gobernar, actividad en la que es necesaria una capacidad gigantesca, simple y sencillamente no existe. Por eso M\u00e9xico est\u00e1 cada d\u00eda peor).<\/p>\n<p>Por cierto, entre los acarreados, cientos se despegaron del contingente y buscaron el barrio de Tepito para conocerlo. Reforma document\u00f3 lo anterior, como el hecho de que los asistentes recibieron alimento, gorras, banderines y otros implementos que se usan en las marchas, as\u00ed como esos 300 pesos. Para estas personas, deben ser a\u00f1oradas las movilizaciones del gobierno, que les da oportunidad de viajar a la capital y de obtener dinero por ello, sin que quiera decir que lo hacen por el deseo de apoyar a quien les importa un bledo.<\/p>\n<p>Poco interesa que la salida a la hora de terminar el circo, sea dif\u00edcil, penosa y hasta peligrosa. Fueron tantos los camiones con acarreados, que a la hora de partir tuvieron grandes dificultades. Previeron la hora de llegada a sus destinos, pero \u00e9sta fue alterada por sinn\u00famero de percances ocurridos en el trayecto. Gracias a Dios, no hubo nada qu\u00e9 lamentar. No obstante, los riesgos est\u00e1n all\u00ed, para las futuras manifestaciones que anhela el dirigente de Morena.<\/p>\n<p><a href=\"mailto:ariosruiz@gmail.com\" target=\"_blank\" rel=\"noopener noreferrer\"><em>ariosruiz@gmail.com<\/em><\/a><\/p>\n","protected":false},"excerpt":{"rendered":"<p><span style=\"color: #005497;\"><strong>Armando R\u00edos Ruiz<\/strong><\/span><\/p>\n","protected":false},"author":3,"featured_media":0,"comment_status":"open","ping_status":"open","sticky":false,"template":"","format":"standard","meta":{"_monsterinsights_skip_tracking":false,"_monsterinsights_sitenote_active":false,"_monsterinsights_sitenote_note":"","_monsterinsights_sitenote_category":0,"footnotes":""},"categories":[88405],"tags":[88407,43674,91193],"class_list":["post-567645","post","type-post","status-publish","format-standard","hentry","category-armando-rios-ruiz","tag-armando-rios-ruiz","tag-opinion","tag-perfil-de-mexico"],"_links":{"self":[{"href":"https:\/\/www.diarioimagen.net\/index.php?rest_route=\/wp\/v2\/posts\/567645","targetHints":{"allow":["GET"]}}],"collection":[{"href":"https:\/\/www.diarioimagen.net\/index.php?rest_route=\/wp\/v2\/posts"}],"about":[{"href":"https:\/\/www.diarioimagen.net\/index.php?rest_route=\/wp\/v2\/types\/post"}],"author":[{"embeddable":true,"href":"https:\/\/www.diarioimagen.net\/index.php?rest_route=\/wp\/v2\/users\/3"}],"replies":[{"embeddable":true,"href":"https:\/\/www.diarioimagen.net\/index.php?rest_route=%2Fwp%2Fv2%2Fcomments&post=567645"}],"version-history":[{"count":0,"href":"https:\/\/www.diarioimagen.net\/index.php?rest_route=\/wp\/v2\/posts\/567645\/revisions"}],"wp:attachment":[{"href":"https:\/\/www.diarioimagen.net\/index.php?rest_route=%2Fwp%2Fv2%2Fmedia&parent=567645"}],"wp:term":[{"taxonomy":"category","embeddable":true,"href":"https:\/\/www.diarioimagen.net\/index.php?rest_route=%2Fwp%2Fv2%2Fcategories&post=567645"},{"taxonomy":"post_tag","embeddable":true,"href":"https:\/\/www.diarioimagen.net\/index.php?rest_route=%2Fwp%2Fv2%2Ftags&post=567645"}],"curies":[{"name":"wp","href":"https:\/\/api.w.org\/{rel}","templated":true}]}}