{"id":567648,"date":"2022-11-30T00:08:35","date_gmt":"2022-11-30T06:08:35","guid":{"rendered":"https:\/\/www.diarioimagen.net\/?p=567648"},"modified":"2022-11-30T03:46:31","modified_gmt":"2022-11-30T09:46:31","slug":"monreal-incomoda-a-morenistas","status":"publish","type":"post","link":"https:\/\/www.diarioimagen.net\/?p=567648","title":{"rendered":"Monreal incomoda a morenistas"},"content":{"rendered":"<h2>Punto por punto<\/h2>\n<h5>Augusto Corro<\/h5>\n<p>&nbsp;<\/p>\n<p>A la dirigencia del partido Movimiento de Regeneraci\u00f3n Nacional (Morena) no le agrad\u00f3 el acercamiento del senador Ricardo Monreal a la oposici\u00f3n.<\/p>\n<p>Los l\u00edderes morenistas le exigen al legislador zacatecano que defina su situaci\u00f3n pol\u00edtica o que busque la reconciliaci\u00f3n con el partido guinda.<\/p>\n<p>Monreal \u00c1vila, l\u00edder de Morena en el Senado, empez\u00f3 a tener problemas con Morena, pues sostiene pl\u00e1ticas con los opositores sobre su posible candidatura presidencial.<\/p>\n<p>El 26 de noviembre, el senador confirm\u00f3 que en la b\u00fasqueda por cumplir con sus aspiraciones presidenciales, s\u00ed abri\u00f3 las pl\u00e1ticas con la oposici\u00f3n.<\/p>\n<p>Explic\u00f3 que mantiene negociaciones con dirigentes de la alianza Va por M\u00e9xico, integrada por el PAN, PRI y PRD.<\/p>\n<p>Tambi\u00e9n dijo que su salida o su permanencia en el oficialismo no est\u00e1 definida a\u00fan.<\/p>\n<p>En una conferencia de prensa en Espa\u00f1a, Monreal \u00c1vila recalc\u00f3: \u201cEstoy en ese proceso de definici\u00f3n, no est\u00e1 tomada la \u00faltima decisi\u00f3n\u201d.<\/p>\n<p>En la organizaci\u00f3n guinda fueron cuatro las \u201ccorcholatas\u201d destapadas por el propio presidente L\u00f3pez Obrador.<\/p>\n<p>Al principio, cit\u00f3 a Claudia Sheinbaum, jefa de Gobierno de la CDMX; a Marcelo Ebrard, titular de Relaciones Exteriores (SRE); y tambi\u00e9n al secretario de Gobernaci\u00f3n, Ad\u00e1n Augusto L\u00f3pez.<\/p>\n<p>Despu\u00e9s, el mandatario tabasque\u00f1o incluy\u00f3 en la lista de presidenciables al legislador Monreal \u00c1vila, quiz\u00e1s con poco entusiasmo. En entrevistas, la secretaria general de Morena, Citlalli Hern\u00e1ndez, dijo que Monreal \u00c1vila, tiene que definir pronto si va a continuar acompa\u00f1ando a la Cuarta Transformaci\u00f3n o va a estar m\u00e1s cerca de la oposici\u00f3n.<\/p>\n<p>Dijo la dirigente que en Morena quiere tener la certeza de cual va a ser el papel del legislador zacatecano dentro de la 4T.<\/p>\n<p>Porque eso de anunciar una gira con el panista, Santiago Creel, \u201cnos parece fuera de toda l\u00f3gica de lo que construyen dentro de la citada transformaci\u00f3n\u201d.<\/p>\n<p>Por otra parte, el l\u00edder de Morena, Mario Delgado, manifest\u00f3 que el senador Monreal \u00c1vila debe definir lo m\u00e1s pronto posible su postura pol\u00edtica, debido a que es incomodo que tenga posiciones en contra del presidente L\u00f3pez Obrador y mantenga un di\u00e1logo cercano con las figuras de oposici\u00f3n.<\/p>\n<p>El divisionismo que ocurre en Morena ya estaba anunciado. Adem\u00e1s, amenaza con incrementarse. Una de las causas principales es el destape prematuro de las corcholatas presidenciales.<\/p>\n<p>Los cuatro aspirantes a la contienda electoral de 2024 tienen seguidores que buscar\u00e1n que el aspirante surja de su grupo. Sin duda, la disciplina partidista faltar\u00e1 a la hora de conocer quien ser\u00e1 el candidato o candidata designado.<\/p>\n<p>Mientras, la lucha pol\u00edtica por las candidaturas presidenciables continuar\u00e1.<\/p>\n<p style=\"text-align: center;\"><strong>Las desapariciones<\/strong><\/p>\n<p>La desaparici\u00f3n de personas es uno de los problemas m\u00e1s graves que se padecen en M\u00e9xico. Son miles de mexicanos de los que se ignora su paradero.<\/p>\n<p>Las autoridades fueron rebasadas en la b\u00fasqueda de personas desaparecidas. Son las propias familias las que se organizan para realizar jornadas exhaustivas con el af\u00e1n de encontrar a sus seres queridos.<\/p>\n<p>En ocasiones, la b\u00fasqueda termina en el Servicio M\u00e9dico Forense (Semefo) o en las fosas clandestinas donde se encuentran los restos de los desaparecidos.<\/p>\n<p>Tocamos el tema, porque en Sonora, se registr\u00f3 el alza del 14 por ciento en la desaparici\u00f3n de personas sin encontrarlas.<\/p>\n<p>Ese tipo de delito se increment\u00f3 desde la llegada del gobernador Alfonso Durazo, quien, de plano, poco o nada hace para erradicar ese problema social.<\/p>\n<p>Adem\u00e1s de las desapariciones, la entidad est\u00e1 sumida en la violencia derivada de la lucha de la delincuencia organizada que arroja cinco asesinatos diarios.<\/p>\n<p>De acuerdo con cifras de septiembre pasado, entre 2019 y 2022, se registraron 31 mil 725 personas no localizadas.<\/p>\n<p>\u00bfUsted qu\u00e9 opina amable lector?<\/p>\n<p><em><a href=\"mailto:aco2742@hotmail.com\" target=\"_blank\" rel=\"noopener noreferrer\">aco2742@hotmail.com<\/a><\/em><\/p>\n","protected":false},"excerpt":{"rendered":"<p><span style=\"color: #005497;\"><strong>Augusto Corro<\/strong><\/span><\/p>\n","protected":false},"author":3,"featured_media":0,"comment_status":"open","ping_status":"open","sticky":false,"template":"","format":"standard","meta":{"_monsterinsights_skip_tracking":false,"_monsterinsights_sitenote_active":false,"_monsterinsights_sitenote_note":"","_monsterinsights_sitenote_category":0,"footnotes":""},"categories":[157],"tags":[43686,43674,11515],"class_list":["post-567648","post","type-post","status-publish","format-standard","hentry","category-augusto-corro","tag-augusto-corro","tag-opinion","tag-punto-por-punto"],"_links":{"self":[{"href":"https:\/\/www.diarioimagen.net\/index.php?rest_route=\/wp\/v2\/posts\/567648","targetHints":{"allow":["GET"]}}],"collection":[{"href":"https:\/\/www.diarioimagen.net\/index.php?rest_route=\/wp\/v2\/posts"}],"about":[{"href":"https:\/\/www.diarioimagen.net\/index.php?rest_route=\/wp\/v2\/types\/post"}],"author":[{"embeddable":true,"href":"https:\/\/www.diarioimagen.net\/index.php?rest_route=\/wp\/v2\/users\/3"}],"replies":[{"embeddable":true,"href":"https:\/\/www.diarioimagen.net\/index.php?rest_route=%2Fwp%2Fv2%2Fcomments&post=567648"}],"version-history":[{"count":0,"href":"https:\/\/www.diarioimagen.net\/index.php?rest_route=\/wp\/v2\/posts\/567648\/revisions"}],"wp:attachment":[{"href":"https:\/\/www.diarioimagen.net\/index.php?rest_route=%2Fwp%2Fv2%2Fmedia&parent=567648"}],"wp:term":[{"taxonomy":"category","embeddable":true,"href":"https:\/\/www.diarioimagen.net\/index.php?rest_route=%2Fwp%2Fv2%2Fcategories&post=567648"},{"taxonomy":"post_tag","embeddable":true,"href":"https:\/\/www.diarioimagen.net\/index.php?rest_route=%2Fwp%2Fv2%2Ftags&post=567648"}],"curies":[{"name":"wp","href":"https:\/\/api.w.org\/{rel}","templated":true}]}}