{"id":567650,"date":"2022-11-30T00:03:28","date_gmt":"2022-11-30T06:03:28","guid":{"rendered":"https:\/\/www.diarioimagen.net\/?p=567650"},"modified":"2022-11-30T03:48:13","modified_gmt":"2022-11-30T09:48:13","slug":"reforma-electoral-pospuesta","status":"publish","type":"post","link":"https:\/\/www.diarioimagen.net\/?p=567650","title":{"rendered":"Reforma electoral, pospuesta"},"content":{"rendered":"<h2>Espacio Electoral<\/h2>\n<h5>Eleazar Flores<\/h5>\n<p>&nbsp;<\/p>\n<p><strong>POR HUMANISMO LEGISLATIVO-.<\/strong> Una vez haber \u201cnacionalizado\u201d el humanismo para rebautizarlo y limitarlo a \u201cmexicano\u201d, el \u201cSUPREMO\u201d como lo llama el columnista Guillermo Sheridan, orden\u00f3 a sus plebeyos legislativos posponer una semana m\u00e1s el tema, en busca de m\u00e1s votos que le permitan llegar al n\u00famero suficiente que le permita la anhelada reforma constitucional.<\/p>\n<p>Lo que el tabasque\u00f1o no calcul\u00f3 fue el desplegado a plana completa de los 114 diputados panistas que con el remate, M\u00c9XICO NO TE VAMOS A FALLAR, reiteran en el documento que EL INE NO SE TOCA, deduciendo que votar\u00e1n en contra de la reforma electoral.<\/p>\n<p>Bueno ser\u00eda para la causa opositora, que los legisladores tricolores, cuyo n\u00famero es menor al de los azules, hicieran lo mismo comprometi\u00e9ndose ante la opini\u00f3n p\u00fablica, rechazar la reforma mediante un desplegado que los obligar\u00eda, cuando menos, a ser congruentes o tener elementos de reclamo en caso de veletear, en ocasiones por razones inconfesables.<\/p>\n<p>El pretexto del coordinador legislativo de la aplanadora morena, de apellido Mier, da pena, pues anunci\u00f3 hacer lo que nunca han hecho, subir a redes sociales un resumen de la iniciativa presidencial, dizque para que el pueblo lo conozca, sin motivos espec\u00edficos, pues el pueblo bueno no tendr\u00e1 oportunidad de opinar y mucho menos que le hagan caso.<\/p>\n<p>La realidad de la inesperada POSPOSICI\u00d3N para la semana pr\u00f3xima, es \u201cenamorar\u201d a diputadas y diputados de la oposici\u00f3n, PAN, PRI, PRD y MC, con la finalidad de que su voto lo hagan \u201cpor la afirmativa\u201d a la innecesaria reforma electoral.<\/p>\n<p>Dudando de entrada que un colega pro reforma lea este contenido, respondo a su pregunta que por extenso del tema, me limitar\u00e9 a generalidades que afectan de origen al actual funcionamiento del INE, pues en pocas palabras, la iniciativa presidencial busca centralizar funciones, desapareciendo los Organismos P\u00fablicos Electorales de las entidades federativas, OPLES.<\/p>\n<p>Un ejemplo, si hubiera elecciones extraordinarias en Tlatlaya ser\u00eda el INE el organizador,\u00a0 supervisor y\u00a0 responsable de dar a conocer el resultado y no el Instituto Electoral del Estado de M\u00e9xico, IEEM, como ser\u00eda en este momento. Pero Tlatlaya, por lejano que parezca, es un municipio cercano en comparaci\u00f3n a unos del extremoso norte o del c\u00e1lido sureste.<\/p>\n<p>Este es un m\u00ednimo ejemplo, ampliado con el hecho del intento de regresar a Gobernaci\u00f3n todo el control del proceso comicial, como del 88 hacia atr\u00e1s, con el peregrino pretexto de ahorrar dinero, seguramente para canalizarlo a obras prioritarias como el Tren Maya, el AIFA o Dos Bocas, refiner\u00eda donde por las continuas inundaciones hay m\u00e1s agua que petr\u00f3leo.<\/p>\n<p>En fin, acerca de la pretendida reforma hay m\u00e1s, como el hecho de que el padr\u00f3n pasar\u00eda a control de la Segob, imag\u00ednese.<\/p>\n<p><em><a href=\"mailto:elefa44@gmail.com\" target=\"_blank\" rel=\"noopener noreferrer\">elefa44@gmail.com<\/a><\/em><\/p>\n","protected":false},"excerpt":{"rendered":"<p><span style=\"color: #005497;\"><strong>Eleazar Flores<\/strong><\/span><\/p>\n","protected":false},"author":3,"featured_media":0,"comment_status":"open","ping_status":"open","sticky":false,"template":"","format":"standard","meta":{"_monsterinsights_skip_tracking":false,"_monsterinsights_sitenote_active":false,"_monsterinsights_sitenote_note":"","_monsterinsights_sitenote_category":0,"footnotes":""},"categories":[81743],"tags":[81744,81776,43674],"class_list":["post-567650","post","type-post","status-publish","format-standard","hentry","category-eleazar-flores","tag-eleazar-flores","tag-espacio-electoral","tag-opinion"],"_links":{"self":[{"href":"https:\/\/www.diarioimagen.net\/index.php?rest_route=\/wp\/v2\/posts\/567650","targetHints":{"allow":["GET"]}}],"collection":[{"href":"https:\/\/www.diarioimagen.net\/index.php?rest_route=\/wp\/v2\/posts"}],"about":[{"href":"https:\/\/www.diarioimagen.net\/index.php?rest_route=\/wp\/v2\/types\/post"}],"author":[{"embeddable":true,"href":"https:\/\/www.diarioimagen.net\/index.php?rest_route=\/wp\/v2\/users\/3"}],"replies":[{"embeddable":true,"href":"https:\/\/www.diarioimagen.net\/index.php?rest_route=%2Fwp%2Fv2%2Fcomments&post=567650"}],"version-history":[{"count":0,"href":"https:\/\/www.diarioimagen.net\/index.php?rest_route=\/wp\/v2\/posts\/567650\/revisions"}],"wp:attachment":[{"href":"https:\/\/www.diarioimagen.net\/index.php?rest_route=%2Fwp%2Fv2%2Fmedia&parent=567650"}],"wp:term":[{"taxonomy":"category","embeddable":true,"href":"https:\/\/www.diarioimagen.net\/index.php?rest_route=%2Fwp%2Fv2%2Fcategories&post=567650"},{"taxonomy":"post_tag","embeddable":true,"href":"https:\/\/www.diarioimagen.net\/index.php?rest_route=%2Fwp%2Fv2%2Ftags&post=567650"}],"curies":[{"name":"wp","href":"https:\/\/api.w.org\/{rel}","templated":true}]}}