{"id":567659,"date":"2022-11-30T00:12:32","date_gmt":"2022-11-30T06:12:32","guid":{"rendered":"https:\/\/www.diarioimagen.net\/?p=567659"},"modified":"2022-12-01T03:47:22","modified_gmt":"2022-12-01T09:47:22","slug":"ni-amlo-lo-expulsa-ni-monreal-renuncia","status":"publish","type":"post","link":"https:\/\/www.diarioimagen.net\/?p=567659","title":{"rendered":"Ni AMLO lo expulsa, ni Monreal renuncia"},"content":{"rendered":"<h2>Tras la puerta del poder<\/h2>\n<h5>Roberto Vizca\u00edno<\/h5>\n<p><strong>\u00a0<\/strong><\/p>\n<p>Apenas comenzaron los senadores \u201crebeldes\u201d una vez m\u00e1s a organizarse para la expulsi\u00f3n de <strong>Ricardo Monreal<\/strong> de la coordinaci\u00f3n de la bancada senatorial y de nuevo una voz al o\u00eddo de algunos de ellos, dicen que proveniente de Bucareli, otros que de Palacio, y todo entr\u00f3 en otro impasse.<\/p>\n<p>\u201c\u00bfPues qu\u00e9 le sabr\u00e1 <strong>Ricardo <\/strong>a <strong>L\u00f3pez Obrador<\/strong> que el Presidente, con toda su fuerza y experiencia no se atreve ni siquiera a mencionarlo?\u201d, pregunt\u00f3 uno de ellos.<\/p>\n<p>Las dudas corrieron junto a las especulaciones. En este contexto, otro senador del grupo anti-monrealista record\u00f3 que nadie como el zacatecano ha estado cerca y operado \u2014con todo lo que eso podr\u00eda significar\u2014 al lado de <strong>Andr\u00e9s Manuel L\u00f3pez Obrador<\/strong> durante los \u00faltimos 25 a\u00f1os.<\/p>\n<p>Y, pues s\u00ed, tan cercanos han sido <strong>Ricardo Monreal<\/strong> y <strong>Andr\u00e9s Manuel L\u00f3pez Obrador<\/strong> durante todos esos a\u00f1os, en los que vivieron tres campa\u00f1as presidenciales y m\u00faltiples otras campa\u00f1as de todo tipo, que con seguridad entre ellos hay no s\u00f3lo experiencias y an\u00e9cdotas, decisiones comunes, sino complicidades.<\/p>\n<p>Ambos lo saben. Y act\u00faan en coincidencia.<\/p>\n<p>Ni <strong>Monreal<\/strong> critica en sus intervenciones al Presidente, ni <strong>Andr\u00e9s Manuel L\u00f3pez Obrador<\/strong> descalifica a arremete directamente contra el zacatecano.<\/p>\n<p>Ambos act\u00faan en un cuidadoso, muy sensible baile entre cobras doradas y por dem\u00e1s ponzo\u00f1osas.<\/p>\n<p>As\u00ed hasta hoy, ambos s\u00f3lo hacen referencia uno del otro a trav\u00e9s de inferencias.<\/p>\n<p>El art\u00edculo de ayer de Monreal en <em>Milenio <\/em>es un ejemplo de lo que hablo: \u201cSin reconciliaci\u00f3n no hay naci\u00f3n\u201d es el t\u00edtulo. \u00bfA qu\u00e9 se refiere su texto? Obvio: Al ambiente de confrontaci\u00f3n social creado por Andr\u00e9s Manuel L\u00f3pez Obrador en la forma de conducir al pa\u00eds.<\/p>\n<p>Hace varios s\u00e1bados cuando Monreal present\u00f3 en la Arena M\u00e9xico su proyecto de reconciliaci\u00f3n nacional, el zacatecano detall\u00f3 el desastre de pa\u00eds en que ha convertido AMLO a M\u00e9xico.<\/p>\n<p>De plano <strong>Monreal<\/strong> habl\u00f3 de un pa\u00eds quebrado. Pero no mencion\u00f3 el nombre del Presidente.<\/p>\n<p style=\"text-align: center;\"><strong>Si duda de la encuesta, que se vaya: AMLO<\/strong><\/p>\n<p>A su vez, <strong>L\u00f3pez Obrador<\/strong> aprovech\u00f3 su ma\u00f1anera del lunes, apenas un d\u00eda despu\u00e9s de su multitudinaria marcha, para marcar su raya respecto del zacatecano y mostrar la irritaci\u00f3n que le provoca el que Monreal diga que las encuestas de Morena para lanzar candidatos son manipuladas.<\/p>\n<p>La pregunta a <strong>AMLO<\/strong> fue, ya sabe usted, a modo: \u00bfC\u00f3mo lograr\u00e1 que su proyecto y liderazgo contin\u00faen?\u2026 tiene usted sus candidatos \u00bfle garantizan la continuidad?<\/p>\n<p><strong>L\u00f3pez Obrador<\/strong> habla de que sus candidatos y \u00e9l son hermanos, de que los quiere a todos, que son amigos, y que quien va a decidir qui\u00e9n de ellos ser\u00e1 su sucesor es el pueblo.<\/p>\n<p>Y aqu\u00ed no falta decirlo, se acuerda de <strong>Monreal y de los reclamos de \u00e9ste sobre las encuestas<\/strong>.<\/p>\n<p>\u201cY yo lo que voy a hacer es procurar que se mantenga la unidad. Salga quien salga <strong>en la encuesta<\/strong>, se tiene que apoyar.<\/p>\n<p>\u2014\u00bfCualquiera de los tres?, le interrogan.<\/p>\n<p>\u201cS\u00ed, porque no es la persona, no es el candidato, la candidata, es el proyecto. <strong>Quien apuesta a la divisi\u00f3n, pues ni tiene convicciones. O quien asumiera una postura de: \u201c<em>no sal\u00ed<\/em>\u2026 no hay democracia en Morena\u2026 yo no puedo soportar eso\u201d, y se va.<\/strong><\/p>\n<p><strong>\u201cPues yo, conociendo a la gente, yo creo que la gente le dir\u00eda: \u2018<\/strong>Que te vaya bien, s\u00ed, sigue tu camino<em>\u2019<\/em><strong>\u201d.<\/strong><\/p>\n<p>\u00bfDe qui\u00e9n hablaba <strong>L\u00f3pez Obrador<\/strong> al decir esto? \u00bfDe <strong>Claudia<\/strong>\u2026 de <strong>Marcelo<\/strong> o de <strong>Ad\u00e1n Agusto<\/strong>?<\/p>\n<p>Sin duda, en el centro de su frente estaba <strong>Ricardo Monreal<\/strong>.<\/p>\n<p>Por eso mismo agreg\u00f3:<\/p>\n<p>\u201cY una vez que se haga la encuesta y salga el que est\u00e9 mejor posicionado, y a esa y a ese compa\u00f1ero que salga es el que yo voy a apoyar. No voy a ir hacerles campa\u00f1a porque eso no me corresponde, o sea, nada m\u00e1s me voy a pronunciar, decir: Fue la gente, fue mayor\u00eda, no hubo dedazo, <strong>fueron reglas claras, y se acab\u00f3<\/strong>.<\/p>\n<p>\u201cY espero que los que no salgan act\u00faen de manera responsable y digan: \u2018Vamos adelante\u2019\u201d.<\/p>\n<p>O sea, <strong>Monreal <\/strong>no est\u00e1 en ese esquema y <strong>AMLO<\/strong> cree que entonces el zacatecano debe irse.<\/p>\n<p>Mientras seguir\u00e1 el baile de las cobras. Ni te menciono ni me mencionas. Ni te expulso ni renuncias.<\/p>\n<p><em><a href=\"mailto:rvizcainoa@gmail.com\" target=\"_blank\" rel=\"noopener noreferrer\">vizcainoa@gmail.com<\/a><a href=\"mailto:rvizcainoa@gmail.com\" target=\"_blank\" rel=\"noopener noreferrer\"><br \/>\n<\/a><a href=\"http:\/\/endirecto.mx\" target=\"_blank\" rel=\"noopener noreferrer\">www.endirecto.mx<\/a><a href=\"mailto:rvizcainoa@gmail.com\" target=\"_blank\" rel=\"noopener noreferrer\"><br \/>\n<\/a><a href=\"https:\/\/twitter.com\/_rvizcaino\" target=\"_blank\" rel=\"noopener noreferrer\">@_RVizcaino<\/a><a href=\"mailto:rvizcainoa@gmail.com\" target=\"_blank\" rel=\"noopener noreferrer\"><br \/>\n<\/a><a href=\"https:\/\/www.facebook.com\/rvizcainoa\" target=\"_blank\" rel=\"noopener noreferrer\">facebook.com\/rvizcainoa<\/a><\/em><\/p>\n","protected":false},"excerpt":{"rendered":"<p><span style=\"color: #005497;\"><strong>Roberto Vizca\u00edno<\/strong><\/span><\/p>\n","protected":false},"author":3,"featured_media":0,"comment_status":"open","ping_status":"open","sticky":false,"template":"","format":"standard","meta":{"_monsterinsights_skip_tracking":false,"_monsterinsights_sitenote_active":false,"_monsterinsights_sitenote_note":"","_monsterinsights_sitenote_category":0,"footnotes":""},"categories":[136],"tags":[43674,93,94],"class_list":["post-567659","post","type-post","status-publish","format-standard","hentry","category-roberto-vizcaino-opinion","tag-opinion","tag-roberto-vizcaino","tag-tras-la-puerta-del-poder"],"_links":{"self":[{"href":"https:\/\/www.diarioimagen.net\/index.php?rest_route=\/wp\/v2\/posts\/567659","targetHints":{"allow":["GET"]}}],"collection":[{"href":"https:\/\/www.diarioimagen.net\/index.php?rest_route=\/wp\/v2\/posts"}],"about":[{"href":"https:\/\/www.diarioimagen.net\/index.php?rest_route=\/wp\/v2\/types\/post"}],"author":[{"embeddable":true,"href":"https:\/\/www.diarioimagen.net\/index.php?rest_route=\/wp\/v2\/users\/3"}],"replies":[{"embeddable":true,"href":"https:\/\/www.diarioimagen.net\/index.php?rest_route=%2Fwp%2Fv2%2Fcomments&post=567659"}],"version-history":[{"count":0,"href":"https:\/\/www.diarioimagen.net\/index.php?rest_route=\/wp\/v2\/posts\/567659\/revisions"}],"wp:attachment":[{"href":"https:\/\/www.diarioimagen.net\/index.php?rest_route=%2Fwp%2Fv2%2Fmedia&parent=567659"}],"wp:term":[{"taxonomy":"category","embeddable":true,"href":"https:\/\/www.diarioimagen.net\/index.php?rest_route=%2Fwp%2Fv2%2Fcategories&post=567659"},{"taxonomy":"post_tag","embeddable":true,"href":"https:\/\/www.diarioimagen.net\/index.php?rest_route=%2Fwp%2Fv2%2Ftags&post=567659"}],"curies":[{"name":"wp","href":"https:\/\/api.w.org\/{rel}","templated":true}]}}