{"id":567690,"date":"2022-12-01T00:04:16","date_gmt":"2022-12-01T06:04:16","guid":{"rendered":"https:\/\/www.diarioimagen.net\/?p=567690"},"modified":"2022-12-02T04:02:26","modified_gmt":"2022-12-02T10:02:26","slug":"estrechan-colaboracion-uaemex-y-uacm-a-favor-de-la-superacion-academica-y-cientifica","status":"publish","type":"post","link":"https:\/\/www.diarioimagen.net\/?p=567690","title":{"rendered":"Estrechan colaboraci\u00f3n UAEM\u00e9x y UACM a favor de la superaci\u00f3n acad\u00e9mica y cient\u00edfica"},"content":{"rendered":"<p>&nbsp;<\/p>\n<div id=\"attachment_567723\" style=\"width: 470px\" class=\"wp-caption aligncenter\"><a href=\"https:\/\/www.diarioimagen.net\/?attachment_id=567723\" rel=\"attachment wp-att-567723\"><img loading=\"lazy\" decoding=\"async\" aria-describedby=\"caption-attachment-567723\" class=\"size-full wp-image-567723\" src=\"https:\/\/www.diarioimagen.net\/wp-content\/uploads\/2022\/12\/uaem-colaboracion.jpg\" alt=\"\" width=\"460\" height=\"270\" \/><\/a><p id=\"caption-attachment-567723\" class=\"wp-caption-text\">En el marco del XXIX aniversario de la fundaci\u00f3n del IESU, el rector de la UAEM\u00e9x, Carlos Eduardo Barrera D\u00edaz y la rectora de la UACM, Tania Rodr\u00edguez Mora firmaron un convenio de colaboraci\u00f3n.<\/p><\/div>\n<p>&nbsp;<\/p>\n<p><strong>Toluca, Estado de M\u00e9xico.\u2014<\/strong> Para establecer las bases de colaboraci\u00f3n acad\u00e9mica, cient\u00edfica y cultural, el rector de la Universidad Aut\u00f3noma del Estado de M\u00e9xico (UAEM\u00e9x), Carlos Eduardo Barrera D\u00edaz y la rectora de la Universidad Aut\u00f3noma de la Ciudad de M\u00e9xico (UACM), Tania Rodr\u00edguez Mora, suscribieron un convenio de colaboraci\u00f3n en el marco de la conmemoraci\u00f3n del XXIX aniversario de la fundaci\u00f3n del Instituto de Estudios Sobre la Universidad (IESU).<\/p>\n<p>En la Sala \u201cGustavo Baz Prada\u201d del Edificio Hist\u00f3rico de Rector\u00eda, el rector refiri\u00f3 que la firma del convenio demuestra la importancia de la colaboraci\u00f3n interuniversitaria que permite compartir los activos de ambas instituciones al servicio de la sociedad proponiendo soluciones innovadoras ante los retos que plantea el mundo contempor\u00e1neo.<\/p>\n<p>\u201cTodos aqu\u00ed sabemos de la importancia de la colaboraci\u00f3n interuniversitaria para el desarrollo de la de la ciencia, para encontrar soluciones a los enormes retos que nos plantean el mundo contempor\u00e1neo, compartir m\u00e9todos, infraestructura y deseos de conocer fen\u00f3menos determinados nos vuelve m\u00e1s eficiente en el aprovechamiento de nuestros recursos disponibles, al tiempo que enriquecen las posibilidades de innovar en la docencia, la investigaci\u00f3n y la difusi\u00f3n cultural\u201d, afirm\u00f3.<\/p>\n<p>Barrera D\u00edaz reconoci\u00f3 los logros que ha tenido el IESU en los \u00faltimos a\u00f1os entre los que se encuentran: contar con 15 miembros del Sistema Nacional de Investigadores (SNI) de la Consejo Nacional de Ciencia y Tecnolog\u00eda (CONACyT); colaboraci\u00f3n en 12 redes acad\u00e9micas; que el 100 por ciento de los Cuerpos Acad\u00e9micos (CA) tengan reconocimiento por parte de la SEP.<\/p>\n<p>Asimismo, destac\u00f3 la creaci\u00f3n del Observatorio de Estudios sobre la Universidad cuya generaci\u00f3n de conocimiento versa en torno a tem\u00e1ticas como la desigualdad, la inclusi\u00f3n, la diversidad de g\u00e9nero, la sustentabilidad y los derechos humanos; la participaci\u00f3n en la maestr\u00eda y doctorado en Humanidades y en la maestr\u00eda en Estudios Sustentables, Regionales y Metropolitanos en conjunto con las facultades de Arquitectura y Dise\u00f1o y Econom\u00eda, entre otros.<\/p>\n<p>En tanto, la rectora de la UACM reconoci\u00f3 la tradici\u00f3n y fortaleza acad\u00e9mica, hist\u00f3rica, cient\u00edfica y cultural de la UAEM\u00e9x lo que permitir\u00e1 una exitosa articulaci\u00f3n y colaboraci\u00f3n en distintos rubros de investigaci\u00f3n como el ambiental y proponer soluciones para un mundo mejor.<\/p>\n<p>En ese sentido, felicit\u00f3 por su aniversario a los integrantes del IESU, instituto que fue el v\u00ednculo para lograr esta primera alianza entre la UACM y la UAEM\u00e9x.<\/p>\n<p>\u201cEs posible que las nuevas generaciones que nos toca formar, justamente, vivan esos desaf\u00edos que hoy enfrentamos con mejores esperanzas, con mejores herramientas y es lo que a las universidades nos toca hacer, entonces estamos muy felices de estar aqu\u00ed, de sumar estos esfuerzos, ojal\u00e1 vengan mucho m\u00e1s y seguir aprendiendo de su fortaleza institucional, de su capacidad hacer, pero sobre todo, de su capacidad de ser generosos y sumar esfuerzos\u201d, dijo la rectora de la UACM.<\/p>\n<p>Como parte de las actividades, la profesora e investigadora del IESU, Mar\u00eda del Rosario Guerra Gonz\u00e1lez, imparti\u00f3 la conferencia magistral \u201cMirada \u00e9tica del presente hacia el futuro desde la Ley General de Educaci\u00f3n Superior\u201d.<\/p>\n<p>Al acto acudieron el director del IESU, Emilio Gerardo Arriaga \u00c1lvarez; el coordinador acad\u00e9mico de la UACM, C\u00e9sar Enrique Fuentes Hern\u00e1ndez e integrantes del gabinete universitario y del IESU.<\/p>\n","protected":false},"excerpt":{"rendered":"<p>Para establecer las bases de colaboraci\u00f3n acad\u00e9mica, cient\u00edfica y cultural, el rector de la Universidad Aut\u00f3noma del Estado de M\u00e9xico (UAEM\u00e9x), Carlos Eduardo Barrera D\u00edaz y la rectora de la Universidad Aut\u00f3noma de la Ciudad de M\u00e9xico (UACM), Tania Rodr\u00edguez Mora, suscribieron un convenio de colaboraci\u00f3n en el marco de la conmemoraci\u00f3n del XXIX aniversario de la fundaci\u00f3n del Instituto de Estudios Sobre la Universidad (IESU).<\/p>\n","protected":false},"author":3,"featured_media":567723,"comment_status":"open","ping_status":"open","sticky":false,"template":"","format":"standard","meta":{"_monsterinsights_skip_tracking":false,"_monsterinsights_sitenote_active":false,"_monsterinsights_sitenote_note":"","_monsterinsights_sitenote_category":0,"footnotes":""},"categories":[5],"tags":[94546,96925,96926],"class_list":["post-567690","post","type-post","status-publish","format-standard","has-post-thumbnail","hentry","category-estado-de-mexico","tag-cientifica","tag-iesu","tag-superacion"],"_links":{"self":[{"href":"https:\/\/www.diarioimagen.net\/index.php?rest_route=\/wp\/v2\/posts\/567690","targetHints":{"allow":["GET"]}}],"collection":[{"href":"https:\/\/www.diarioimagen.net\/index.php?rest_route=\/wp\/v2\/posts"}],"about":[{"href":"https:\/\/www.diarioimagen.net\/index.php?rest_route=\/wp\/v2\/types\/post"}],"author":[{"embeddable":true,"href":"https:\/\/www.diarioimagen.net\/index.php?rest_route=\/wp\/v2\/users\/3"}],"replies":[{"embeddable":true,"href":"https:\/\/www.diarioimagen.net\/index.php?rest_route=%2Fwp%2Fv2%2Fcomments&post=567690"}],"version-history":[{"count":0,"href":"https:\/\/www.diarioimagen.net\/index.php?rest_route=\/wp\/v2\/posts\/567690\/revisions"}],"wp:featuredmedia":[{"embeddable":true,"href":"https:\/\/www.diarioimagen.net\/index.php?rest_route=\/wp\/v2\/media\/567723"}],"wp:attachment":[{"href":"https:\/\/www.diarioimagen.net\/index.php?rest_route=%2Fwp%2Fv2%2Fmedia&parent=567690"}],"wp:term":[{"taxonomy":"category","embeddable":true,"href":"https:\/\/www.diarioimagen.net\/index.php?rest_route=%2Fwp%2Fv2%2Fcategories&post=567690"},{"taxonomy":"post_tag","embeddable":true,"href":"https:\/\/www.diarioimagen.net\/index.php?rest_route=%2Fwp%2Fv2%2Ftags&post=567690"}],"curies":[{"name":"wp","href":"https:\/\/api.w.org\/{rel}","templated":true}]}}