{"id":567700,"date":"2022-12-01T00:02:18","date_gmt":"2022-12-01T06:02:18","guid":{"rendered":"https:\/\/www.diarioimagen.net\/?p=567700"},"modified":"2022-12-01T03:07:16","modified_gmt":"2022-12-01T09:07:16","slug":"amlo-demostro-respaldo-popular-destaca-el-empresario-arturo-mendoza","status":"publish","type":"post","link":"https:\/\/www.diarioimagen.net\/?p=567700","title":{"rendered":"AMLO demostr\u00f3 respaldo popular, destaca el empresario Arturo Mendoza"},"content":{"rendered":"<p>&nbsp;<\/p>\n<ul>\n<li><em><strong>En la pasada mega marcha<\/strong><\/em><\/li>\n<\/ul>\n<p>&nbsp;<\/p>\n<h6>Arturo Baena<\/h6>\n<p>&nbsp;<\/p>\n<div id=\"attachment_567741\" style=\"width: 470px\" class=\"wp-caption aligncenter\"><a href=\"https:\/\/www.diarioimagen.net\/?attachment_id=567741\" rel=\"attachment wp-att-567741\"><img loading=\"lazy\" decoding=\"async\" aria-describedby=\"caption-attachment-567741\" class=\"size-full wp-image-567741\" src=\"https:\/\/www.diarioimagen.net\/wp-content\/uploads\/2022\/12\/amlo-demostro.jpg\" alt=\"\" width=\"460\" height=\"270\" \/><\/a><p id=\"caption-attachment-567741\" class=\"wp-caption-text\">El empresario Arturo Mendoza destac\u00f3 que Andr\u00e9s Manuel L\u00f3pez Obrador mostr\u00f3 su m\u00fasculo y respaldo pol\u00edtico.<\/p><\/div>\n<p>&nbsp;<\/p>\n<p><strong>Valle de M\u00e9xico.\u2014<\/strong> La marcha del pasado domingo ilustra el respaldo popular que tiene el presidente Andr\u00e9s Manuel L\u00f3pez Obrador, cuando le faltan dos a\u00f1os para dejar el cargo y sin duda da a los aspirantes a sucederlo una lecci\u00f3n de su estrategia pol\u00edtica.<\/p>\n<p>Asegur\u00f3 en entrevista el joven empresario Arturo Mendoza, luego de destacar que \u00a0\u201cL\u00f3pez Obrador volvi\u00f3 a la calle y lo hizo con una movilizaci\u00f3n en la que mostr\u00f3 su m\u00fasculo y respaldo pol\u00edtico. Ocup\u00f3 m\u00e1s de cinco horas para recorrer los 4.5 kil\u00f3metros de trayecto de El \u00c1ngel de la Independencia al Z\u00f3calo y lo hizo con el acompa\u00f1amiento de miles personas, 1.2 millones, seg\u00fan la jefa de Gobierno, Claudia Sheinbaum\u201d, dijo.<\/p>\n<p>Arturo Mendoza, destac\u00f3 que \u00a0el \u201cpueblo bueno\u201d, como \u00e9l lo califica, le respondi\u00f3 una vez m\u00e1s para respaldarlo a \u00e9l y a su gobierno en la que puede ser la \u00faltima movilizaci\u00f3n de su vida pol\u00edtica -como \u00e9l mismo ha reconocido-, pero a diferencia de la decenas de marchas que lo forjaron y catapultaron como pol\u00edtico, esta vez lo hizo como presidente y desde el poder, ech\u00f3 mano para llamar a la celebraci\u00f3n de los avances logrados a cuatro a\u00f1os del inicio de su gobierno.<\/p>\n<p>\u201cGobernadores, legisladores, alcaldes, gabinete y sindicatos pusieron manos a la obra para regalarle un domingo inolvidable al presidente: lograr rebasar por mucho la marcha ciudadana en defensa del INE realizada el 13 de noviembre, y hacerlo en medio de fiesta y celebraci\u00f3n por sus cuatro a\u00f1os de gobierno\u201d, dijo. Por otra parte, el empresario destac\u00f3 qu\u00e9 \u00a0M\u00e9xico est\u00e1 listo para que una mujer se pueda convertir en presidenta de este pa\u00eds.<\/p>\n<p>\u201cSheinbaum, quien se ha perfilado como precandidata presidencial de Morena en las pr\u00f3ximas elecciones de 2024, adem\u00e1s que es un orgullo que las mujeres puedan estar en puestos de decisi\u00f3n, pero, sobre todo, que formen parte de la llamada cuarta transformaci\u00f3n, podr\u00eda ser la primera mujer en ser presidenta de M\u00e9xico\u201d, concluy\u00f3.<\/p>\n","protected":false},"excerpt":{"rendered":"<p>La marcha del pasado domingo ilustra el respaldo popular que tiene el presidente Andr\u00e9s Manuel L\u00f3pez Obrador, cuando le faltan dos a\u00f1os para dejar el cargo y sin duda da a los aspirantes a sucederlo una lecci\u00f3n de su estrategia pol\u00edtica.<\/p>\n","protected":false},"author":3,"featured_media":567741,"comment_status":"open","ping_status":"open","sticky":false,"template":"","format":"standard","meta":{"_monsterinsights_skip_tracking":false,"_monsterinsights_sitenote_active":false,"_monsterinsights_sitenote_note":"","_monsterinsights_sitenote_category":0,"footnotes":""},"categories":[5],"tags":[57496,15152,34],"class_list":["post-567700","post","type-post","status-publish","format-standard","has-post-thumbnail","hentry","category-estado-de-mexico","tag-empresario","tag-marcha","tag-valle-de-mexico"],"_links":{"self":[{"href":"https:\/\/www.diarioimagen.net\/index.php?rest_route=\/wp\/v2\/posts\/567700","targetHints":{"allow":["GET"]}}],"collection":[{"href":"https:\/\/www.diarioimagen.net\/index.php?rest_route=\/wp\/v2\/posts"}],"about":[{"href":"https:\/\/www.diarioimagen.net\/index.php?rest_route=\/wp\/v2\/types\/post"}],"author":[{"embeddable":true,"href":"https:\/\/www.diarioimagen.net\/index.php?rest_route=\/wp\/v2\/users\/3"}],"replies":[{"embeddable":true,"href":"https:\/\/www.diarioimagen.net\/index.php?rest_route=%2Fwp%2Fv2%2Fcomments&post=567700"}],"version-history":[{"count":0,"href":"https:\/\/www.diarioimagen.net\/index.php?rest_route=\/wp\/v2\/posts\/567700\/revisions"}],"wp:featuredmedia":[{"embeddable":true,"href":"https:\/\/www.diarioimagen.net\/index.php?rest_route=\/wp\/v2\/media\/567741"}],"wp:attachment":[{"href":"https:\/\/www.diarioimagen.net\/index.php?rest_route=%2Fwp%2Fv2%2Fmedia&parent=567700"}],"wp:term":[{"taxonomy":"category","embeddable":true,"href":"https:\/\/www.diarioimagen.net\/index.php?rest_route=%2Fwp%2Fv2%2Fcategories&post=567700"},{"taxonomy":"post_tag","embeddable":true,"href":"https:\/\/www.diarioimagen.net\/index.php?rest_route=%2Fwp%2Fv2%2Ftags&post=567700"}],"curies":[{"name":"wp","href":"https:\/\/api.w.org\/{rel}","templated":true}]}}