{"id":567702,"date":"2022-12-01T00:03:40","date_gmt":"2022-12-01T06:03:40","guid":{"rendered":"https:\/\/www.diarioimagen.net\/?p=567702"},"modified":"2022-12-01T03:06:37","modified_gmt":"2022-12-01T09:06:37","slug":"instalan-mesa-tecnica-sobre-agua-en-consulta-del-plan-de-desarrollo-urbano","status":"publish","type":"post","link":"https:\/\/www.diarioimagen.net\/?p=567702","title":{"rendered":"Instalan mesa t\u00e9cnica sobre agua en consulta del plan de desarrollo urbano"},"content":{"rendered":"<p>&nbsp;<\/p>\n<ul>\n<li><em><strong>Aclaran dudas a naucalpenses<\/strong><\/em><\/li>\n<\/ul>\n<p>&nbsp;<\/p>\n<div id=\"attachment_567739\" style=\"width: 470px\" class=\"wp-caption aligncenter\"><a href=\"https:\/\/www.diarioimagen.net\/?attachment_id=567739\" rel=\"attachment wp-att-567739\"><img loading=\"lazy\" decoding=\"async\" aria-describedby=\"caption-attachment-567739\" class=\"size-full wp-image-567739\" src=\"https:\/\/www.diarioimagen.net\/wp-content\/uploads\/2022\/12\/instalan-mesa.jpg\" alt=\"\" width=\"460\" height=\"270\" \/><\/a><p id=\"caption-attachment-567739\" class=\"wp-caption-text\">Alrededor de 50 representantes de organizaciones decolonos de distintas comunidades de Naucalpan participaron en una mesa t\u00e9cnica sobre el tema del agua.<\/p><\/div>\n<p>&nbsp;<\/p>\n<p><strong>Naucalpan, Estado de M\u00e9xico.\u2014<\/strong> Como parte de la consulta para la elaboraci\u00f3n del nuevo Plan Municipal de Desarrollo Urbano de Naucalpan, alrededor de 50 representantes de organizaciones sociales y colonos de distintas comunidades participaron en una mesa t\u00e9cnica sobre el tema del agua, donde expresaron su preocupaci\u00f3n por el manejo del l\u00edquido vital y recibieron respuesta puntual de los especialistas.<\/p>\n<p>El pasado 15 de noviembre inici\u00f3 la consulta del PMDU que promueve la administraci\u00f3n que encabeza la alcaldesa Ang\u00e9lica Moya Mar\u00edn, la cual concluir\u00e1 el pr\u00f3ximo 16 de diciembre e incluye dos audiencias p\u00fablicas, la primera celebrada el pasado 23 de noviembre y la segunda se efectuar\u00e1 el pr\u00f3ximo 2 de diciembre a las 17:00 horas en El \u00c1gora del Parque Naucalli.<\/p>\n<p>En la mesa t\u00e9cnica realizada en el Sal\u00f3n Madero del Palacio Municipal participaron los directores generales del OAPAS, Alejandro Vences Mejia; de Desarrollo Urbano, Fernando Montes de Oca, y Medio Ambiente, Amaya Bern\u00e1rdez de la Granja; el regidor Agust\u00edn Belgodere y Yussef Abud Russell, asesor de desarrollo urbano.<\/p>\n<p>Los colonos expresaron su preocupaci\u00f3n por el manejo del agua planteado en el PMDU y propusieron a las autoridades municipales que primero se resuelvan los problemas de suministro que actualmente existen en el municipio, para posteriormente planear a futuro.<\/p>\n<p>Yussef Abud Russell inform\u00f3 que el nuevo documento prev\u00e9 la creaci\u00f3n de un Plan Integral de Manejo de Agua, que incluye la preservaci\u00f3n de las zonas de recarga del acu\u00edfero.<\/p>\n<p>Mencion\u00f3 que para garantizar la capacidad de suministro a la poblaci\u00f3n, el PMDU establece diversas acciones, como la actualizaci\u00f3n del padr\u00f3n de usuarios y la reducci\u00f3n de la cartera vencida, con el fin de obtener recursos para el mejoramiento, ampliaci\u00f3n y mantenimiento de la infraestructura existente, adem\u00e1s de invertir en tanques, pozos, rebombeos y l\u00edneas.<\/p>\n<p>Los colonos acordaron con las autoridades municipales compartir los estudios t\u00e9cnicos que poseen en materia de agua potable e incluir en el PMDU aspectos del Programa de Acci\u00f3n Clim\u00e1tica de Naucalpan (PACMUNA) y del Atlas de Riesgo municipal, adem\u00e1s de que el OAPAS deber\u00e1 mostrar documentos sobre la disponibilidad y consumo del l\u00edquido.<\/p>\n<p>En los pr\u00f3ximos d\u00edas se efectuar\u00e1n otras mesas t\u00e9cnicas para abordar m\u00e1s temas del PMDU, como movilidad y medio ambiente, en las cuales participan expertos en la materia por parte de los colonos y las autoridades municipales.<\/p>\n","protected":false},"excerpt":{"rendered":"<p>Como parte de la consulta para la elaboraci\u00f3n del nuevo Plan Municipal de Desarrollo Urbano de Naucalpan, alrededor de 50 representantes de organizaciones sociales y colonos de distintas comunidades participaron en una mesa t\u00e9cnica sobre el tema del agua, donde expresaron su preocupaci\u00f3n por el manejo del l\u00edquido vital y recibieron respuesta puntual de los especialistas.<\/p>\n","protected":false},"author":3,"featured_media":567739,"comment_status":"open","ping_status":"open","sticky":false,"template":"","format":"standard","meta":{"_monsterinsights_skip_tracking":false,"_monsterinsights_sitenote_active":false,"_monsterinsights_sitenote_note":"","_monsterinsights_sitenote_category":0,"footnotes":""},"categories":[5],"tags":[8923,43675,970,96866],"class_list":["post-567702","post","type-post","status-publish","format-standard","has-post-thumbnail","hentry","category-estado-de-mexico","tag-desarrollo-urbano","tag-estado-de-mexico","tag-naucalpan","tag-pmdu"],"_links":{"self":[{"href":"https:\/\/www.diarioimagen.net\/index.php?rest_route=\/wp\/v2\/posts\/567702","targetHints":{"allow":["GET"]}}],"collection":[{"href":"https:\/\/www.diarioimagen.net\/index.php?rest_route=\/wp\/v2\/posts"}],"about":[{"href":"https:\/\/www.diarioimagen.net\/index.php?rest_route=\/wp\/v2\/types\/post"}],"author":[{"embeddable":true,"href":"https:\/\/www.diarioimagen.net\/index.php?rest_route=\/wp\/v2\/users\/3"}],"replies":[{"embeddable":true,"href":"https:\/\/www.diarioimagen.net\/index.php?rest_route=%2Fwp%2Fv2%2Fcomments&post=567702"}],"version-history":[{"count":0,"href":"https:\/\/www.diarioimagen.net\/index.php?rest_route=\/wp\/v2\/posts\/567702\/revisions"}],"wp:featuredmedia":[{"embeddable":true,"href":"https:\/\/www.diarioimagen.net\/index.php?rest_route=\/wp\/v2\/media\/567739"}],"wp:attachment":[{"href":"https:\/\/www.diarioimagen.net\/index.php?rest_route=%2Fwp%2Fv2%2Fmedia&parent=567702"}],"wp:term":[{"taxonomy":"category","embeddable":true,"href":"https:\/\/www.diarioimagen.net\/index.php?rest_route=%2Fwp%2Fv2%2Fcategories&post=567702"},{"taxonomy":"post_tag","embeddable":true,"href":"https:\/\/www.diarioimagen.net\/index.php?rest_route=%2Fwp%2Fv2%2Ftags&post=567702"}],"curies":[{"name":"wp","href":"https:\/\/api.w.org\/{rel}","templated":true}]}}