{"id":567768,"date":"2022-12-01T00:04:58","date_gmt":"2022-12-01T06:04:58","guid":{"rendered":"https:\/\/www.diarioimagen.net\/?p=567768"},"modified":"2022-12-01T03:27:40","modified_gmt":"2022-12-01T09:27:40","slug":"reconciliacion-como-bandera-politica","status":"publish","type":"post","link":"https:\/\/www.diarioimagen.net\/?p=567768","title":{"rendered":"Reconciliaci\u00f3n como bandera pol\u00edtica"},"content":{"rendered":"<h2>Desde el portal<\/h2>\n<h5>\u00c1ngel Soriano<\/h5>\n<p>&nbsp;<\/p>\n<p>Enfrentados ya los que menos tienen y los que hicieron de la administraci\u00f3n p\u00fablica una gran industria, la bandera de la reconciliaci\u00f3n nacional -no acuerdo ni negociaci\u00f3n-, ser\u00e1 la que enarbolen los candidatos presidenciales para unir al 1.2 millones que marcharon con la IV-T y los que hicieron lo propio hacia el Monumento a la Revoluci\u00f3n.<\/p>\n<p>Si la reforma electoral fuera el tema, bastar\u00eda con la votaci\u00f3n de los legisladores para aprobarla y ponerla en vigencia, pero \u00e9ste no es el asunto, sino el objetivo principal es la derrota del actual proyecto de naci\u00f3n por el que estuvo vigente desde hace d\u00e9cadas y que benefici\u00f3 a unos cuantos.<\/p>\n<p>Y bastar\u00eda s\u00f3lo que los ex presidentes respondieran y desmintieran las acusaciones que son objeto: 8,000 guardias para Pe\u00f1a Nieto; pensiones millonarias y asociaci\u00f3n delictuosa con empresarios de Vicente Fox; entrega de los recursos de la Naci\u00f3n al extranjero con Zedillo y Calder\u00f3n; fortunas vastas de los s\u00faper millonarios mexicanos a costa del erario.<\/p>\n<p>Concesiones a poderosos due\u00f1os de medios de comunicaci\u00f3n asociados a empresas nacionales y trasnacionales; riquezas inadmisibles a costa del presupuesto. No se han desmentido ni los hechos demuestran lo contrario; y si el pa\u00eds est\u00e1 enfrentado y polarizado, es a consecuencia de la desigualdad. Habr\u00eda que empezar por suprimirla.<\/p>\n<p style=\"text-align: center;\"><strong>TURBULENCIAS<br \/>\nSacan trapitos al sol al \u201cCanelo\u201d<\/strong><\/p>\n<p>\u00a0La actitud rijosa del tapat\u00edo Sa\u00fal \u201cCanelo\u201d \u00c1lvarez como defensor de nuestro l\u00e1baro patrio -una playera con los colores nacionales-, mancillada por el argentino Lionel Messi, en ausencia de una autoridad responsable, origin\u00f3 una dura andanada de la afici\u00f3n futbolera en contra del acaudalado boxeador que va desde \u201csobrepasarse\u201d con una de sus hijas en sus XV a\u00f1os hasta de tener arregladas sus peleas. Todo un espect\u00e1culo que deja de lado la fraternidad y la convivencia en las justas deportivas internacionales\u2026 Se despide el gobernador Alejandro Murat con la inauguraci\u00f3n de diversas obras en la capital y en el interior del estado y entra a partir de ma\u00f1ana la administraci\u00f3n del ingeniero Salom\u00f3n Jara, en tanto los principales problemas siguen vigentes y no hay para cuando darles soluci\u00f3n\u2026 El Congreso de Nuevo Le\u00f3n reaccion\u00f3 ante el anuncio del gobernador Samuel Garc\u00eda de que ir\u00e1 a EU, Europa y Asia como titular de Asuntos Internacionales de la Conago; tendr\u00e1 que solicitar licencia, dar a conocer su agenda y a su regreso informar de los resultados de su viaje. Seguramente cumplir\u00e1 con los requisitos, pues su periplo es de perfil pol\u00edtico electoral\u2026 Una movilizaci\u00f3n de 1.2 millones de seguidores se topar\u00e1 con el voto en contra de la oposici\u00f3n en San L\u00e1zaro, lo cual indica que los votos s\u00ed cuentan, no cuantitativa, sino cualitativa. Eso demostrar\u00e1 que s\u00ed funciona el Congreso, si es que logran frenar la reforma electoral\u2026 Ser\u00e1 una alianza efectiva de los legisladores Santiago Creel y Ricardo Monreal -diputado y senador, aspirantes a la candidatura presidencial del pan y Morena, respectivamente-, pues ambos son expertos en Derecho y en pol\u00edtica, con una gran trayectoria parlamentaria y en la administraci\u00f3n federal\u2026 La nueva lideresa del magisterio oaxaque\u00f1o, Yenny Aracely P\u00e9rez Mart\u00ednez, se estrena con una movilizaci\u00f3n para este jueves 1 de diciembre para fijar su posici\u00f3n con el nuevo gobernador Salom\u00f3n Jara. Yenny es la primera mujer electa por la combativa secci\u00f3n XXII, en tanto que otros grupos sociales acantonados en el z\u00f3calo empieza a despejar la zona en v\u00edsperas del arribo del nuevo gobierno que, con se ve, ha negociado con los inconformes que desde hace a\u00f1os se mantienen en el Centro Hist\u00f3rico de la ciudad; se espera que sea el inicio de la soluci\u00f3n a los ancestrales problemas que enfrenta la entidad.<\/p>\n<p><u><a href=\"mailto:asorianocarrasco@yahoo.com\" target=\"_blank\" rel=\"noopener noreferrer\"><em>asorianocarrasco@yahoo.com<\/em><\/a><br \/>\n<em><a href=\"https:\/\/revistabrecha.com\" target=\"_blank\" rel=\"noopener noreferrer\">www.revistabrecha.com<\/a><br \/>\n<\/em><\/u><em>facebook oficial <a href=\"https:\/\/es-la.facebook.com\/RevistaBrecha.Oficial\" target=\"_blank\" rel=\"noopener\">@BrechaRevista<\/a><\/em><\/p>\n","protected":false},"excerpt":{"rendered":"<p><span style=\"color: #005497;\"><strong>\u00c1ngel Soriano<\/strong><\/span><\/p>\n","protected":false},"author":3,"featured_media":0,"comment_status":"open","ping_status":"open","sticky":false,"template":"","format":"standard","meta":{"_monsterinsights_skip_tracking":false,"_monsterinsights_sitenote_active":false,"_monsterinsights_sitenote_note":"","_monsterinsights_sitenote_category":0,"footnotes":""},"categories":[135],"tags":[85,86,43674],"class_list":["post-567768","post","type-post","status-publish","format-standard","hentry","category-angel-soriano-opinion","tag-angel-soriano","tag-desde-el-portal","tag-opinion"],"_links":{"self":[{"href":"https:\/\/www.diarioimagen.net\/index.php?rest_route=\/wp\/v2\/posts\/567768","targetHints":{"allow":["GET"]}}],"collection":[{"href":"https:\/\/www.diarioimagen.net\/index.php?rest_route=\/wp\/v2\/posts"}],"about":[{"href":"https:\/\/www.diarioimagen.net\/index.php?rest_route=\/wp\/v2\/types\/post"}],"author":[{"embeddable":true,"href":"https:\/\/www.diarioimagen.net\/index.php?rest_route=\/wp\/v2\/users\/3"}],"replies":[{"embeddable":true,"href":"https:\/\/www.diarioimagen.net\/index.php?rest_route=%2Fwp%2Fv2%2Fcomments&post=567768"}],"version-history":[{"count":0,"href":"https:\/\/www.diarioimagen.net\/index.php?rest_route=\/wp\/v2\/posts\/567768\/revisions"}],"wp:attachment":[{"href":"https:\/\/www.diarioimagen.net\/index.php?rest_route=%2Fwp%2Fv2%2Fmedia&parent=567768"}],"wp:term":[{"taxonomy":"category","embeddable":true,"href":"https:\/\/www.diarioimagen.net\/index.php?rest_route=%2Fwp%2Fv2%2Fcategories&post=567768"},{"taxonomy":"post_tag","embeddable":true,"href":"https:\/\/www.diarioimagen.net\/index.php?rest_route=%2Fwp%2Fv2%2Ftags&post=567768"}],"curies":[{"name":"wp","href":"https:\/\/api.w.org\/{rel}","templated":true}]}}