{"id":567773,"date":"2022-12-12T00:08:44","date_gmt":"2022-12-12T06:08:44","guid":{"rendered":"https:\/\/www.diarioimagen.net\/?p=567773"},"modified":"2022-12-12T02:55:28","modified_gmt":"2022-12-12T08:55:28","slug":"la-alianza-monreal-creel","status":"publish","type":"post","link":"https:\/\/www.diarioimagen.net\/?p=567773","title":{"rendered":"La alianza Monreal-Creel"},"content":{"rendered":"<h2>Punto por punto<\/h2>\n<h5>Augusto Corro<\/h5>\n<p>&nbsp;<\/p>\n<p>Se intensificar\u00e1 la lucha pol\u00edtica conforme se acerque la contienda electoral presidencial de 2024. El tema de la sucesi\u00f3n es constante en los partidos pol\u00edticos y surgen los nombres de los posibles candidatos.<\/p>\n<p>En el partido Movimiento de Regeneraci\u00f3n Nacional (Morena) ya tienen hasta cuatro aspirantes. En la oposici\u00f3n a\u00fan no definen a su candidato. Sin duda, la designaci\u00f3n del precandidato no ser\u00e1 f\u00e1cil.<\/p>\n<p>Ni en el PAN, PRI y PRD parecen contar con el aspirante que presente una plataforma pol\u00edtica que estimule a votar por \u00e9l.<\/p>\n<p>Por supuesto, esa situaci\u00f3n pol\u00edtica tiene relativamente tranquilos a los morenistas. Los posibles sobresaltos son provocados por un distinguido l\u00edder de Morena: El senador Ricardo Monreal \u00c1vila.<\/p>\n<p>El legislador zacatecano no se encuentra conforme con la manera que se destaparon las llamadas \u201ccorcholatas\u201d.<\/p>\n<p>Fue el propio presidente L\u00f3pez Obrador el que dio los nombres de los aspirantes morenistas como presuntos candidatos presidenciales.<\/p>\n<p>Los designados fueron Claudia Sheinbaum, jefa de Gobierno de la CDMX; Marcelo Ebrard, secretario de Relaciones Exteriores; y Ad\u00e1n Augusto L\u00f3pez, titular de Gobernaci\u00f3n.<\/p>\n<p>Se subestim\u00f3 al senador Monreal \u00c1vila, pues fue se\u00f1alado como aspirante presidencial en d\u00edas posteriores. La designaci\u00f3n de \u201ccorcholatas\u201d no le gust\u00f3 al zacatecano.<\/p>\n<p>Se iniciaron los pronunciamientos a favor y en contra de Monreal Avila, quien declar\u00f3 que en diciembre decidir\u00e1 si se que queda en Morena o se va.<\/p>\n<p>El senador morenista decidi\u00f3 tomar las medidas de un posible alejamiento de Morena y opt\u00f3 por realizar acciones conjuntas con la oposici\u00f3n. Por ejemplo, realizar\u00e1 junto con el panista Santiago Creel, una campa\u00f1a nacional para reconciliar a M\u00e9xico, con un mensaje opuesto a la polarizaci\u00f3n pol\u00edtica.<\/p>\n<p>Como se sabe, el pa\u00eds est\u00e1 dividido y en liberales y conservadores. As\u00ed pues, la gira de reconciliaci\u00f3n empezar\u00e1 en la CDMX antes de que termine diciembre.<\/p>\n<p>El diputado Santiago Creel aprovech\u00f3 el momento pol\u00edtico para hacer causa com\u00fan en sus aspiraciones por la candidatura presidencial. El panista est\u00e1 dispuesto a luchar por representar a su partido en la presidencial de 2024.<\/p>\n<p>Sin embargo, en la oposici\u00f3n no hay nada definido. El posible coqueteo de Monreal \u00c1vila con los partidos pol\u00edticos llevar\u00eda a un cambio diferente en la lucha electoral.<\/p>\n<p>En la alianza Va por M\u00e9xico se decidir\u00e1 quien ser\u00e1 el candidato para la contienda electoral de 2024.<\/p>\n<p>Cabe se\u00f1alar que la oposici\u00f3n deber\u00e1 participar en alianza para enfrentar a Morena, es una de las maneras de enfrentarla con relativo \u00e9xito.<\/p>\n<p>Monreal \u00c1vila, como se\u00f1alamos, inquietar\u00e1 a la oposici\u00f3n, principalmente, a aquellos que aspiran a la candidatura presidencial.<\/p>\n<p>\u00bfQu\u00e9 actitud asumir\u00e1n los partidos opositores ante la presunta llegada del senador zacatecano a sus filas?<\/p>\n<p>\u00bfQu\u00e9 opinan Lilly T\u00e9llez, Beatriz Paredes, Margarita Zavala y Enrique de la Madrid? \u00bfEstar\u00edan en condiciones de apoyar a Monreal \u00c1vila? Ya veremos.<\/p>\n<p style=\"text-align: center;\"><strong>A \u201cAlito\u201d ni lo despeinan<\/strong><\/p>\n<p>Los primeros audios del dirigente del PRI y ex gobernador de Campeche, Alejandro \u201cAlito\u201d Moreno, en los que lo implicaban en una serie de ilegalidades, se prestaron a un sinn\u00famero de especulaciones.<\/p>\n<p>Entre otras, que el priista iba a ser investigado por varios delitos como peculado y enriquecimiento il\u00edcito. Tambi\u00e9n se dijo que las investigaciones estaban a cargo de la Fiscal\u00eda General de la Rep\u00fablica.<\/p>\n<p>Pero la realidad nos muestra otra cosa. Los audios van y vienen y \u201cAlito\u201d contin\u00faa en sus actividades sin mayor problema. Adem\u00e1s, envalentonado ya dijo que votar\u00e1 en contra de la reforma electoral.<\/p>\n<p>Recientemente, el dirigente tricolor declar\u00f3 que su partido se opondr\u00eda a la ley que permitir\u00eda la ampliaci\u00f3n de la presencia del Ej\u00e9rcito en las calles; pero no lo cumpli\u00f3.\u00a0 El \u00faltimo chat de \u201cAlito\u201d con su jefe Claudio X. Gonz\u00e1lez se conoci\u00f3 en el Martes del jaguar. No se dijeron nada importante<\/p>\n<p>\u00bfDe que sirve conocer los audios con posibles ejemplos de il\u00edcitos si a\u00a0 las autoridades no les interesa el tema? En fin, a \u201cAlito\u201d no se le ve triste o preocupado.<\/p>\n<p>\u00bfUsted qu\u00e9 opina amable lector?<\/p>\n<p><em><a href=\"mailto:aco2742@hotmail.com\" target=\"_blank\" rel=\"noopener noreferrer\">aco2742@hotmail.com<\/a><\/em><\/p>\n","protected":false},"excerpt":{"rendered":"<p><span style=\"color: #005497;\"><strong>Augusto Corro<\/strong><\/span><\/p>\n","protected":false},"author":3,"featured_media":0,"comment_status":"open","ping_status":"open","sticky":false,"template":"","format":"standard","meta":{"_monsterinsights_skip_tracking":false,"_monsterinsights_sitenote_active":false,"_monsterinsights_sitenote_note":"","_monsterinsights_sitenote_category":0,"footnotes":""},"categories":[157],"tags":[43686,43674,11515],"class_list":["post-567773","post","type-post","status-publish","format-standard","hentry","category-augusto-corro","tag-augusto-corro","tag-opinion","tag-punto-por-punto"],"_links":{"self":[{"href":"https:\/\/www.diarioimagen.net\/index.php?rest_route=\/wp\/v2\/posts\/567773","targetHints":{"allow":["GET"]}}],"collection":[{"href":"https:\/\/www.diarioimagen.net\/index.php?rest_route=\/wp\/v2\/posts"}],"about":[{"href":"https:\/\/www.diarioimagen.net\/index.php?rest_route=\/wp\/v2\/types\/post"}],"author":[{"embeddable":true,"href":"https:\/\/www.diarioimagen.net\/index.php?rest_route=\/wp\/v2\/users\/3"}],"replies":[{"embeddable":true,"href":"https:\/\/www.diarioimagen.net\/index.php?rest_route=%2Fwp%2Fv2%2Fcomments&post=567773"}],"version-history":[{"count":0,"href":"https:\/\/www.diarioimagen.net\/index.php?rest_route=\/wp\/v2\/posts\/567773\/revisions"}],"wp:attachment":[{"href":"https:\/\/www.diarioimagen.net\/index.php?rest_route=%2Fwp%2Fv2%2Fmedia&parent=567773"}],"wp:term":[{"taxonomy":"category","embeddable":true,"href":"https:\/\/www.diarioimagen.net\/index.php?rest_route=%2Fwp%2Fv2%2Fcategories&post=567773"},{"taxonomy":"post_tag","embeddable":true,"href":"https:\/\/www.diarioimagen.net\/index.php?rest_route=%2Fwp%2Fv2%2Ftags&post=567773"}],"curies":[{"name":"wp","href":"https:\/\/api.w.org\/{rel}","templated":true}]}}