{"id":567815,"date":"2022-12-02T00:06:56","date_gmt":"2022-12-02T06:06:56","guid":{"rendered":"https:\/\/www.diarioimagen.net\/?p=567815"},"modified":"2022-12-05T01:27:00","modified_gmt":"2022-12-05T07:27:00","slug":"ofrecera-uaemex-diplomado-superior-en-atencion-de-enfermeria-al-paciente-en-estado-critico","status":"publish","type":"post","link":"https:\/\/www.diarioimagen.net\/?p=567815","title":{"rendered":"Ofrecer\u00e1 UAEM\u00e9x Diplomado Superior en Atenci\u00f3n de Enfermer\u00eda al Paciente en Estado Cr\u00edtico"},"content":{"rendered":"<p><em>\u00a0<\/em><\/p>\n<ul>\n<li><strong><em>El H. Consejo Universitario aprob\u00f3 la creaci\u00f3n de este programa acad\u00e9mico en su Centro Universitario Zumpango<\/em><\/strong><\/li>\n<\/ul>\n<p><strong>\u00a0<\/strong><\/p>\n<div id=\"attachment_567914\" style=\"width: 470px\" class=\"wp-caption aligncenter\"><a href=\"https:\/\/www.diarioimagen.net\/?attachment_id=567914\" rel=\"attachment wp-att-567914\"><img loading=\"lazy\" decoding=\"async\" aria-describedby=\"caption-attachment-567914\" class=\"size-full wp-image-567914\" src=\"https:\/\/www.diarioimagen.net\/wp-content\/uploads\/2022\/12\/uaem-diplomado.jpg\" alt=\"\" width=\"460\" height=\"270\" \/><\/a><p id=\"caption-attachment-567914\" class=\"wp-caption-text\">Con el presidente municipal de Ecatepec, Luis Fernando Vilchis Contreras, devel\u00f3 la placa conmemorativa a la inauguraci\u00f3n del arcotecho y gradas de la cancha de usos m\u00faltiples del campus.<\/p><\/div>\n<p>&nbsp;<\/p>\n<p><strong>Ecatepec, Estado de M\u00e9xico.\u2014 <\/strong>En su sesi\u00f3n correspondiente al mes de noviembre, el H. Consejo Universitario de la Universidad Aut\u00f3noma del Estado de M\u00e9xico (UAEM\u00e9x) aprob\u00f3, por unanimidad, la creaci\u00f3n, en el Centro Universitario Zumpango, del Diplomado Superior en Atenci\u00f3n de Enfermer\u00eda al Paciente en Estado Cr\u00edtico.<\/p>\n<p>En el Centro Universitario UAEM Ecatepec, donde se llev\u00f3 a cabo esta sesi\u00f3n, que encabez\u00f3 el rector Carlos Eduardo Barrera D\u00edaz, se explic\u00f3 que la creaci\u00f3n de este programa acad\u00e9mico, dirigido a profesionistas titulados y pasantes de la Licenciatura en Enfermer\u00eda, se aprob\u00f3 una vez que la Comisi\u00f3n de Planeaci\u00f3n y Evaluaci\u00f3n Acad\u00e9mica e Incorporaci\u00f3n de Estudios del m\u00e1ximo \u00f3rgano de gobierno de la instituci\u00f3n llev\u00f3 a cabo un an\u00e1lisis minucioso y exhaustivo de la propuesta.<\/p>\n<p>Los estudiantes de este diplomado realizar\u00e1n sus actividades pr\u00e1cticas en el Hospital Regional de Alta Especialidad Bicentenario de la Independencia, el Hospital Regional de Zumpango y el Hospital General de Cuautitl\u00e1n \u201cJos\u00e9 Vicente Villada\u201d del Instituto de Salud del Estado de M\u00e9xico.<\/p>\n<p>Cabe destacar que previo a la realizaci\u00f3n de esta sesi\u00f3n y en el marco del Programa de Renovaci\u00f3n de Equipo de C\u00f3mputo, el rector entreg\u00f3 a la comunidad de este campus 40 computadoras de \u00faltima generaci\u00f3n, cuya compra se realiz\u00f3 gracias a diversas acciones de ahorro por parte de la Administraci\u00f3n 2021-2025.<\/p>\n<p>Al final de la sesi\u00f3n del m\u00e1ximo \u00f3rgano de gobierno de la Aut\u00f3noma mexiquense, Carlos Eduardo Barrera D\u00edaz, y el presidente municipal de Ecatepec, Luis Fernando Vilchis Contreras, develaron la placa conmemorativa a la inauguraci\u00f3n del arcotecho y gradas de la cancha de usos m\u00faltiples del campus.<\/p>\n<p>Adem\u00e1s, acompa\u00f1ado de la encargada del despacho de la direcci\u00f3n del Centro Universitario UAEM Ecatepec, Alma Galindo Carbajal, el rector entreg\u00f3 el Reconocimiento al Fortalecimiento Universitario \u201cLuis Mario Schneider\u201d al edil de esta demarcaci\u00f3n, en quien reconoci\u00f3 a un distinguido egresado de la Licenciatura en Derecho de este campus.<\/p>\n<p>Destac\u00f3 que mediante acciones como la construcci\u00f3n del arcotecho, Vilchis Contreras contribuye al bienestar, la seguridad y el desarrollo del estudiantado universitario.<\/p>\n<p>\u201cSus acertados aportes a nuestra universidad residen en la construcci\u00f3n del arcotecho situado en la cancha de usos m\u00faltiples de este centro universitario, la pavimentaci\u00f3n de la prolongaci\u00f3n de la Avenida \u201cJos\u00e9 Revueltas\u201d y el cambio de 42 luminarias en el interior de este espacio acad\u00e9mico\u201d, dijo el rector.<\/p>\n<p>Carlos Eduardo Barrera D\u00edaz afirm\u00f3 que, mediante estas obras, que benefician de manera directa a m\u00e1s de mil 800 alumnos de nivel superior, 23 de posgrado, 611 del centro de ense\u00f1anza de lenguas extranjeras, 77 docentes y 51 trabajadores administrativos del Centro Universitario UAEM Ecatepec, Luis Fernando Vilchis Contreras demuestra su vocaci\u00f3n social como egresado de la M\u00e1xima Casa de Estudios mexiquense.<\/p>\n","protected":false},"excerpt":{"rendered":"<p>En su sesi\u00f3n correspondiente al mes de noviembre, el H. Consejo Universitario de la Universidad Aut\u00f3noma del Estado de M\u00e9xico (UAEM\u00e9x) aprob\u00f3, por unanimidad, la creaci\u00f3n, en el Centro Universitario Zumpango, del Diplomado Superior en Atenci\u00f3n de Enfermer\u00eda al Paciente en Estado Cr\u00edtico.<\/p>\n","protected":false},"author":3,"featured_media":567914,"comment_status":"open","ping_status":"open","sticky":false,"template":"","format":"standard","meta":{"_monsterinsights_skip_tracking":false,"_monsterinsights_sitenote_active":false,"_monsterinsights_sitenote_note":"","_monsterinsights_sitenote_category":0,"footnotes":""},"categories":[5],"tags":[70344,454,43675,67878],"class_list":["post-567815","post","type-post","status-publish","format-standard","has-post-thumbnail","hentry","category-estado-de-mexico","tag-diplomado","tag-ecatepec","tag-estado-de-mexico","tag-uaemex"],"_links":{"self":[{"href":"https:\/\/www.diarioimagen.net\/index.php?rest_route=\/wp\/v2\/posts\/567815","targetHints":{"allow":["GET"]}}],"collection":[{"href":"https:\/\/www.diarioimagen.net\/index.php?rest_route=\/wp\/v2\/posts"}],"about":[{"href":"https:\/\/www.diarioimagen.net\/index.php?rest_route=\/wp\/v2\/types\/post"}],"author":[{"embeddable":true,"href":"https:\/\/www.diarioimagen.net\/index.php?rest_route=\/wp\/v2\/users\/3"}],"replies":[{"embeddable":true,"href":"https:\/\/www.diarioimagen.net\/index.php?rest_route=%2Fwp%2Fv2%2Fcomments&post=567815"}],"version-history":[{"count":0,"href":"https:\/\/www.diarioimagen.net\/index.php?rest_route=\/wp\/v2\/posts\/567815\/revisions"}],"wp:featuredmedia":[{"embeddable":true,"href":"https:\/\/www.diarioimagen.net\/index.php?rest_route=\/wp\/v2\/media\/567914"}],"wp:attachment":[{"href":"https:\/\/www.diarioimagen.net\/index.php?rest_route=%2Fwp%2Fv2%2Fmedia&parent=567815"}],"wp:term":[{"taxonomy":"category","embeddable":true,"href":"https:\/\/www.diarioimagen.net\/index.php?rest_route=%2Fwp%2Fv2%2Fcategories&post=567815"},{"taxonomy":"post_tag","embeddable":true,"href":"https:\/\/www.diarioimagen.net\/index.php?rest_route=%2Fwp%2Fv2%2Ftags&post=567815"}],"curies":[{"name":"wp","href":"https:\/\/api.w.org\/{rel}","templated":true}]}}