{"id":567817,"date":"2022-12-02T00:05:01","date_gmt":"2022-12-02T06:05:01","guid":{"rendered":"https:\/\/www.diarioimagen.net\/?p=567817"},"modified":"2022-12-05T02:52:22","modified_gmt":"2022-12-05T08:52:22","slug":"ofrece-cms-talleres-integrativos-para-personas-de-la-tercera-edad","status":"publish","type":"post","link":"https:\/\/www.diarioimagen.net\/?p=567817","title":{"rendered":"Ofrece CMS talleres integrativos para personas de la tercera edad"},"content":{"rendered":"<p><em>\u00a0<\/em><\/p>\n<ul>\n<li><strong><em>\u201cEnvejecimiento 5G\u201d es gratuito y tiene el prop\u00f3sito de acercar a los adultos mayores con las nuevas tecnolog\u00edas para que utilicen con facilidad tel\u00e9fonos inteligentes<\/em><\/strong><\/li>\n<\/ul>\n<p><strong>\u00a0<\/strong><\/p>\n<div id=\"attachment_567910\" style=\"width: 450px\" class=\"wp-caption aligncenter\"><a href=\"https:\/\/www.diarioimagen.net\/?attachment_id=567910\" rel=\"attachment wp-att-567910\"><img loading=\"lazy\" decoding=\"async\" aria-describedby=\"caption-attachment-567910\" class=\"wp-image-567910\" src=\"https:\/\/www.diarioimagen.net\/wp-content\/uploads\/2022\/12\/UaemTalleres.jpg\" alt=\"\" width=\"440\" height=\"339\" \/><\/a><p id=\"caption-attachment-567910\" class=\"wp-caption-text\">Impulsan entre las personas mayores de 60 a\u00f1os la actividad f\u00edsica y mental para un envejecimiento activo y saludable.<\/p><\/div>\n<p>&nbsp;<\/p>\n<p><strong>Toluca, Estado de M\u00e9xico.<\/strong>\u2014 Tras el aislamiento al que se enfrentaron las personas de la tercera edad por ser un grupo vulnerable ante la pandemia de COVID-19, la Cl\u00ednica Multidisciplinaria de Salud (CMS) de la Universidad Aut\u00f3noma del Estado de M\u00e9xico (UAEM\u00e9x) ofrece talleres que tienen como prop\u00f3sito fomentar la movilidad f\u00edsica, la agilidad cognitiva y su incorporaci\u00f3n a actividades cotidianas para que mantengan calidad de vida durante el envejecimiento.<\/p>\n<p>Los talleres que se ofrecen son de \u201cRehabilitaci\u00f3n Cognitiva\u201d, que impulsan actividades para la memoria; \u201cEl libro de la vida\u201d, que es un conversatorio de literatura, y el de Yoga, para la movilidad corporal. Todos con un costo de 100 pesos por cuatro sesiones que se imparten al mes de manera presencial.<\/p>\n<p>Asimismo, de manera gratuita, tambi\u00e9n se imparte el taller de \u201cEnvejecimiento 5G\u201d, que tiene como prop\u00f3sito la inclusi\u00f3n digital. En este caso, las sesiones se imparten todos los viernes de 11:30 a 13:00 horas<\/p>\n<p>Este taller busca que las personas adultas mayores tengan un acercamiento con las nuevas tecnolog\u00edas y sepan utilizar dispositivos electr\u00f3nicos como tel\u00e9fonos inteligentes y tabletas con el prop\u00f3sito de facilitarles sus actividades y comunicaciones diarias.<\/p>\n<p>Al respecto, la geront\u00f3loga Itzayana M\u00e9ndez Ram\u00edrez, responsable del \u00e1rea de gerontolog\u00eda de la CMS, refiri\u00f3 que la calidad de vida de las personas adultas mayores se conforma de una alimentaci\u00f3n balanceada, ocho horas de sue\u00f1o, la convivencia con seres queridos y amistades, mantener la movilidad corporal a trav\u00e9s de la actividad f\u00edsica, as\u00ed como la agilidad cognitiva, retando la memoria con la lectura de libros o ejercicios mentales.<\/p>\n<p>En ese sentido, indic\u00f3 que los talleres que ofrece la CMS buscan fomentar e impulsar una calidad de vida entre los adultos mayores, grupo de edad que cada a\u00f1o se va incrementando en el pa\u00eds.<\/p>\n<p>\u201cLo que buscamos a trav\u00e9s de estos talleres integrativos es que los adultos mayores empiecen a convivir y a aprender a hacer diferentes cosas, con el fin de que tengan un envejecimiento m\u00e1s activo y saludable que es lo que promueve el \u00e1rea de gerontolog\u00eda\u201d, indic\u00f3.<\/p>\n<p>El taller \u201cRehabilitaci\u00f3n cognitiva\u201d tiene un horario los martes y jueves, de 13:30 a 14:40 horas; \u201cEl libro de la vida\u201d los lunes y mi\u00e9rcoles, de 11:00 a 12:40 horas, y el de Yoga martes y jueves, de 11:30 a 12:40 horas.<\/p>\n<p>Los talleres son permanentes y est\u00e1n abiertos a los integrantes de la comunidad universitaria y p\u00fablico en general. Para acudir no se requiere cita previa.<\/p>\n","protected":false},"excerpt":{"rendered":"<p>Tras el aislamiento al que se enfrentaron las personas de la tercera edad por ser un grupo vulnerable ante la pandemia de COVID-19, la Cl\u00ednica Multidisciplinaria de Salud (CMS) de la Universidad Aut\u00f3noma del Estado de M\u00e9xico (UAEM\u00e9x) ofrece talleres que tienen como prop\u00f3sito fomentar la movilidad f\u00edsica, la agilidad cognitiva y su incorporaci\u00f3n a actividades cotidianas para que mantengan calidad de vida durante el envejecimiento.<\/p>\n","protected":false},"author":3,"featured_media":567911,"comment_status":"open","ping_status":"open","sticky":false,"template":"","format":"standard","meta":{"_monsterinsights_skip_tracking":false,"_monsterinsights_sitenote_active":false,"_monsterinsights_sitenote_note":"","_monsterinsights_sitenote_category":0,"footnotes":""},"categories":[5],"tags":[91503,43675,452,67878],"class_list":["post-567817","post","type-post","status-publish","format-standard","has-post-thumbnail","hentry","category-estado-de-mexico","tag-cms","tag-estado-de-mexico","tag-toluca","tag-uaemex"],"_links":{"self":[{"href":"https:\/\/www.diarioimagen.net\/index.php?rest_route=\/wp\/v2\/posts\/567817","targetHints":{"allow":["GET"]}}],"collection":[{"href":"https:\/\/www.diarioimagen.net\/index.php?rest_route=\/wp\/v2\/posts"}],"about":[{"href":"https:\/\/www.diarioimagen.net\/index.php?rest_route=\/wp\/v2\/types\/post"}],"author":[{"embeddable":true,"href":"https:\/\/www.diarioimagen.net\/index.php?rest_route=\/wp\/v2\/users\/3"}],"replies":[{"embeddable":true,"href":"https:\/\/www.diarioimagen.net\/index.php?rest_route=%2Fwp%2Fv2%2Fcomments&post=567817"}],"version-history":[{"count":0,"href":"https:\/\/www.diarioimagen.net\/index.php?rest_route=\/wp\/v2\/posts\/567817\/revisions"}],"wp:featuredmedia":[{"embeddable":true,"href":"https:\/\/www.diarioimagen.net\/index.php?rest_route=\/wp\/v2\/media\/567911"}],"wp:attachment":[{"href":"https:\/\/www.diarioimagen.net\/index.php?rest_route=%2Fwp%2Fv2%2Fmedia&parent=567817"}],"wp:term":[{"taxonomy":"category","embeddable":true,"href":"https:\/\/www.diarioimagen.net\/index.php?rest_route=%2Fwp%2Fv2%2Fcategories&post=567817"},{"taxonomy":"post_tag","embeddable":true,"href":"https:\/\/www.diarioimagen.net\/index.php?rest_route=%2Fwp%2Fv2%2Ftags&post=567817"}],"curies":[{"name":"wp","href":"https:\/\/api.w.org\/{rel}","templated":true}]}}