{"id":567837,"date":"2022-12-02T00:02:47","date_gmt":"2022-12-02T06:02:47","guid":{"rendered":"https:\/\/www.diarioimagen.net\/?p=567837"},"modified":"2022-12-02T03:43:42","modified_gmt":"2022-12-02T09:43:42","slug":"se-incrementan-casi-50-contagios-por-covid-en-edomex-reporta-salud-estatal","status":"publish","type":"post","link":"https:\/\/www.diarioimagen.net\/?p=567837","title":{"rendered":"Se incrementan casi 50% contagios por Covid en Edomex, reporta Salud estatal"},"content":{"rendered":"<p>&nbsp;<\/p>\n<ul>\n<li><em><strong>Recomienda seguir con medidas preventivas<\/strong><\/em><\/li>\n<\/ul>\n<p><strong>\u00a0<\/strong><\/p>\n<h6>Arturo Baena<\/h6>\n<p>&nbsp;<\/p>\n<div id=\"attachment_567948\" style=\"width: 470px\" class=\"wp-caption aligncenter\"><a href=\"https:\/\/www.diarioimagen.net\/?attachment_id=567948\" rel=\"attachment wp-att-567948\"><img loading=\"lazy\" decoding=\"async\" aria-describedby=\"caption-attachment-567948\" class=\"size-full wp-image-567948\" src=\"https:\/\/www.diarioimagen.net\/wp-content\/uploads\/2022\/12\/incrementan-contagios.jpg\" alt=\"\" width=\"460\" height=\"270\" \/><\/a><p id=\"caption-attachment-567948\" class=\"wp-caption-text\">Aumentaron los contagios de Covid-19 en el Estado de M\u00e9xico en las \u00faltimas semanas, reporta Salud estatal.<\/p><\/div>\n<p>&nbsp;<\/p>\n<p><strong>Valle de M\u00e9xico.\u2014<\/strong> Los casos positivos de Covid-19 en el Estado de M\u00e9xico incrementaron casi 50 por ciento durante esta semana, en comparaci\u00f3n con el registro de la semana anterior. As\u00ed lo dio a conocer la Secretar\u00eda de Salud mexiquense, luego de destacar que durante\u00a0 el periodo comprendido entre el 23 y el 29 de noviembre se registraron 659 casos, lo que signific\u00f3 un aumento de 47 por ciento m\u00e1s de contagios, contra los registrados una semana antes.<\/p>\n<p>La dependencia record\u00f3 que actualmente los casos positivos activos de la enfermedad en la entidad son 521, casi el doble de la semana pasada.<\/p>\n<p>Este 30 de noviembre se contabilizan mil d\u00edas de la pandemia de Covid-19, ya que el primer caso se detect\u00f3 el 6 de marzo de 2020.<\/p>\n<p>La Secretar\u00eda de Salud recomend\u00f3 seguir con las medidas sanitarias para evitar la propagaci\u00f3n del virus, tales como el uso de cubrebocas en lugares con aglomeraci\u00f3n de personas, lavar las manos con frecuencia con agua y jab\u00f3n, usar desinfectante a base de alcohol y mantener la sana distancia.<\/p>\n<p>Finalmente, el sector salud hizo un llamado a los mexiquenses para seguir manteniendo las medidas sanitarias que ya todo mundo saeb c\u00f3mo evitar m\u00e1s contagios de Covid-19.<\/p>\n","protected":false},"excerpt":{"rendered":"<p>Los casos positivos de Covid-19 en el Estado de M\u00e9xico incrementaron casi 50 por ciento durante esta semana, en comparaci\u00f3n con el registro de la semana anterior. As\u00ed lo dio a conocer la Secretar\u00eda de Salud mexiquense, luego de destacar que durante\u00a0 el periodo comprendido entre el 23 y el 29 de noviembre se registraron 659 casos, lo que signific\u00f3 un aumento de 47 por ciento m\u00e1s de contagios, contra los registrados una semana antes.<\/p>\n","protected":false},"author":3,"featured_media":567948,"comment_status":"open","ping_status":"open","sticky":false,"template":"","format":"standard","meta":{"_monsterinsights_skip_tracking":false,"_monsterinsights_sitenote_active":false,"_monsterinsights_sitenote_note":"","_monsterinsights_sitenote_category":0,"footnotes":""},"categories":[18863],"tags":[90716,90021,14864,34],"class_list":["post-567837","post","type-post","status-publish","format-standard","has-post-thumbnail","hentry","category-salud-edomex","tag-contagios","tag-covid-19","tag-incremento","tag-valle-de-mexico"],"_links":{"self":[{"href":"https:\/\/www.diarioimagen.net\/index.php?rest_route=\/wp\/v2\/posts\/567837","targetHints":{"allow":["GET"]}}],"collection":[{"href":"https:\/\/www.diarioimagen.net\/index.php?rest_route=\/wp\/v2\/posts"}],"about":[{"href":"https:\/\/www.diarioimagen.net\/index.php?rest_route=\/wp\/v2\/types\/post"}],"author":[{"embeddable":true,"href":"https:\/\/www.diarioimagen.net\/index.php?rest_route=\/wp\/v2\/users\/3"}],"replies":[{"embeddable":true,"href":"https:\/\/www.diarioimagen.net\/index.php?rest_route=%2Fwp%2Fv2%2Fcomments&post=567837"}],"version-history":[{"count":0,"href":"https:\/\/www.diarioimagen.net\/index.php?rest_route=\/wp\/v2\/posts\/567837\/revisions"}],"wp:featuredmedia":[{"embeddable":true,"href":"https:\/\/www.diarioimagen.net\/index.php?rest_route=\/wp\/v2\/media\/567948"}],"wp:attachment":[{"href":"https:\/\/www.diarioimagen.net\/index.php?rest_route=%2Fwp%2Fv2%2Fmedia&parent=567837"}],"wp:term":[{"taxonomy":"category","embeddable":true,"href":"https:\/\/www.diarioimagen.net\/index.php?rest_route=%2Fwp%2Fv2%2Fcategories&post=567837"},{"taxonomy":"post_tag","embeddable":true,"href":"https:\/\/www.diarioimagen.net\/index.php?rest_route=%2Fwp%2Fv2%2Ftags&post=567837"}],"curies":[{"name":"wp","href":"https:\/\/api.w.org\/{rel}","templated":true}]}}