{"id":567866,"date":"2022-12-02T00:08:55","date_gmt":"2022-12-02T06:08:55","guid":{"rendered":"https:\/\/www.diarioimagen.net\/?p=567866"},"modified":"2022-12-02T00:59:40","modified_gmt":"2022-12-02T06:59:40","slug":"diciembre-el-mes-de-monreal","status":"publish","type":"post","link":"https:\/\/www.diarioimagen.net\/?p=567866","title":{"rendered":"Diciembre, el mes de Monreal"},"content":{"rendered":"<h2>Punto por punto<\/h2>\n<h5>Augusto Corro<\/h5>\n<p>&nbsp;<\/p>\n<p>Empez\u00f3 a correr diciembre, mes se\u00f1alado por el senador Ricardo Monreal \u00c1vila para definir si se queda o se va del partido Movimiento de Regeneraci\u00f3n Nacional (Morena) del que fue uno de sus fundadores.<\/p>\n<p>En estos d\u00edas, el legislador zacatecano se encuentra en Espa\u00f1a y se espera que a su regreso explique sobre el proyecto que plante\u00f3, junto con el dirigente panista, Santiago Creel, para recorrer el pa\u00eds en busca de la reconciliaci\u00f3n.<\/p>\n<p>Se supone que ambos pol\u00edticos tratar\u00e1n de borrar esa l\u00ednea que divide a los mexicanos en liberales y conservadores, en una gira por todo el pa\u00eds que empezar\u00eda en este mes de diciembre.<\/p>\n<p>La dirigencia morenista espera la determinaci\u00f3n de Monreal \u00c1vila para conocer el n\u00famero de seguidores que abandonar\u00edan el partido para apoyarlo. Por otra parte, la oposici\u00f3n ya le abri\u00f3 las puertas.<\/p>\n<p>Por ejemplo, el dirigente priista, Alejandro \u201cAlito\u201d Moreno consider\u00f3 la posibilidad de que Monreal \u00c1vila participe en el proceso por la candidatura presidencial de la oposici\u00f3n.<\/p>\n<p>El l\u00edder panista, Santiago Creel, declar\u00f3 que si el senador zacatecano se suma al esfuerzo de la oposici\u00f3n, \u201cal polo opositor\u201d, pues ser\u00e1 bienvenido.<\/p>\n<p>Por su parte, el l\u00edder perredista, Jes\u00fas Zambrano, dijo que el sol azteca est\u00e1 dispuesto para proponer como su candidato presidencial a Ricardo Monreal \u00c1vila.<\/p>\n<p>Sobre la remoci\u00f3n de Monreal \u00c1vila, como coordinador de Morena en la C\u00e1mara alta, tiene que pasar por el presidente L\u00f3pez Obrador, que fue quien lo design\u00f3, seg\u00fan declar\u00f3 el senador Eduardo Ram\u00edrez.<\/p>\n<p>A principios de noviembre, el legislador zacatecano manifest\u00f3 que en diciembre definir\u00eda su continuidad o su futuro al interior de la Cuarta Transformaci\u00f3n (4T).<\/p>\n<p>Ante periodistas recit\u00f3 la canci\u00f3n \u201cAmarga Navidad\u201d de Jos\u00e9 Alfredo Jim\u00e9nez, en cuya letra se habla de que podr\u00eda darse un \u201ccruel adi\u00f3s\u201d durante las \u00e9pocas decembrinas, para no comenzar un nuevo a\u00f1o con \u201cun amor que me hace tanto mal\u201d.<\/p>\n<p style=\"text-align: center;\"><strong>La oposici\u00f3n va lento<\/strong><\/p>\n<p>En tanto que en Morena, el partido oficialista, tiene hasta cuatro corcholatas presidenciables, en la oposici\u00f3n se camina despacio.<\/p>\n<p>A\u00fan no se sabe qui\u00e9n ser\u00e1 el aspirante a la silla presidencial por parte de los grupos opositores.<\/p>\n<p>En la alianza Va por M\u00e9xico todav\u00eda no se ponen de acuerdo sobre qui\u00e9n ser\u00e1 el candidato que los representar\u00e1 o si cada partido participar\u00e1 de manera independiente.<\/p>\n<p>La \u201ccaballada est\u00e1 flaca\u201d en la oposici\u00f3n. El que empez\u00f3 a hacerse presente en todas partes es el panista Santiago Creel, quien fue secretario de Gobernaci\u00f3n, en el sexenio de Fox. Tambi\u00e9n aparecen la senadora Lilly T\u00e9llez y la diputada Margarita Zavala como aspirantes a la candidatura presidencial.<\/p>\n<p>Marko Cort\u00e9s, el dirigente panista, ya cit\u00f3 el nombre de varios gobernadores de su partido, con \u00e1nimo de que sean tomados en cuenta como aspirantes presidenciales.<\/p>\n<p>En el PRI, los precandidatos escasean. Dos de los que m\u00e1s suenan: Beatriz Paredes y Enrique de la Madrid.\u00a0 En el PRD se encuentra \u00fanicamente para recibir \u00f3rdenes de sus jefes los \u201cChuchos\u201d o de los jerarcas panistas y priistas.<\/p>\n<p>Por el momento, no hay ninguna sorpresa por parte de las organizaciones pol\u00edticas que posiblemente esperan mejores tiempos para echar a andar sus proyectos.<\/p>\n<p style=\"text-align: center;\"><strong>Zacatecas, sumido en la violencia<\/strong><\/p>\n<p>En las \u00faltimas semanas creci\u00f3 la espiral de violencia en Zacatecas.<\/p>\n<p>En uno de esos sangrientos fue asesinado a balazos el general Jos\u00e9 Silvestre Urz\u00faa Padilla, en una emboscada.\u00a0 Como informamos en este espacio, el hecho se registr\u00f3 en el municipio de Pinos, Zacatecas, donde el militar mencionado se desempe\u00f1aba como coordinador estatal de la Guardia Nacional.<\/p>\n<p>Con relaci\u00f3n al caso, las autoridades reportaron la captura de doce sicarios en Guadalupe, Zacatecas, que ten\u00edan en su poder 10 armas largas, cuatro bombas molotov, dos armas cortas, dos veh\u00edculos, un envoltorio con p\u00f3lvora y un inmueble. Cabe se\u00f1alar que Zacatecas es la entidad con la cifra m\u00e1s alta de muertes de polic\u00edas municipales con 49 uniformados ultimados en lo que va del a\u00f1o.<\/p>\n<p>\u00bfUsted qu\u00e9 opina amable lector?<\/p>\n<p><em><a href=\"mailto:aco2742@hotmail.com\" target=\"_blank\" rel=\"noopener noreferrer\">aco2742@hotmail.com<\/a><\/em><\/p>\n","protected":false},"excerpt":{"rendered":"<p><span style=\"color: #005497;\"><strong>Augusto Corro<\/strong><\/span><\/p>\n","protected":false},"author":3,"featured_media":0,"comment_status":"open","ping_status":"open","sticky":false,"template":"","format":"standard","meta":{"_monsterinsights_skip_tracking":false,"_monsterinsights_sitenote_active":false,"_monsterinsights_sitenote_note":"","_monsterinsights_sitenote_category":0,"footnotes":""},"categories":[157],"tags":[43686,43674,11515],"class_list":["post-567866","post","type-post","status-publish","format-standard","hentry","category-augusto-corro","tag-augusto-corro","tag-opinion","tag-punto-por-punto"],"_links":{"self":[{"href":"https:\/\/www.diarioimagen.net\/index.php?rest_route=\/wp\/v2\/posts\/567866","targetHints":{"allow":["GET"]}}],"collection":[{"href":"https:\/\/www.diarioimagen.net\/index.php?rest_route=\/wp\/v2\/posts"}],"about":[{"href":"https:\/\/www.diarioimagen.net\/index.php?rest_route=\/wp\/v2\/types\/post"}],"author":[{"embeddable":true,"href":"https:\/\/www.diarioimagen.net\/index.php?rest_route=\/wp\/v2\/users\/3"}],"replies":[{"embeddable":true,"href":"https:\/\/www.diarioimagen.net\/index.php?rest_route=%2Fwp%2Fv2%2Fcomments&post=567866"}],"version-history":[{"count":0,"href":"https:\/\/www.diarioimagen.net\/index.php?rest_route=\/wp\/v2\/posts\/567866\/revisions"}],"wp:attachment":[{"href":"https:\/\/www.diarioimagen.net\/index.php?rest_route=%2Fwp%2Fv2%2Fmedia&parent=567866"}],"wp:term":[{"taxonomy":"category","embeddable":true,"href":"https:\/\/www.diarioimagen.net\/index.php?rest_route=%2Fwp%2Fv2%2Fcategories&post=567866"},{"taxonomy":"post_tag","embeddable":true,"href":"https:\/\/www.diarioimagen.net\/index.php?rest_route=%2Fwp%2Fv2%2Ftags&post=567866"}],"curies":[{"name":"wp","href":"https:\/\/api.w.org\/{rel}","templated":true}]}}