{"id":567868,"date":"2022-12-02T00:03:19","date_gmt":"2022-12-02T06:03:19","guid":{"rendered":"https:\/\/www.diarioimagen.net\/?p=567868"},"modified":"2022-12-02T01:01:42","modified_gmt":"2022-12-02T07:01:42","slug":"amlo-critica-a-la-fil-guadalajara","status":"publish","type":"post","link":"https:\/\/www.diarioimagen.net\/?p=567868","title":{"rendered":"AMLO critica a la FIL Guadalajara"},"content":{"rendered":"<h2>Espacio Electoral<\/h2>\n<h5>Eleazar Flores<\/h5>\n<p>&nbsp;<\/p>\n<p><strong>GRAVE SER\u00cdA ALABARLA-.<\/strong> A tono con su nivel, el presidente Andr\u00e9s Manuel L\u00f3pez Obrador critic\u00f3 al segundo evento cultural m\u00e1s importante del mundo, la Feria Internacional del Libro de Guadalajara, FIL, evento concentrador de gente\u00a0 que con su obra deja huella para el futuro.<\/p>\n<p>Entre otras cosas, el creador de la Cuarta Transformaci\u00f3n dijo que la FIL congrega a destacados representantes del conservadurismo.<\/p>\n<p>Lejos de preocuparse por el punto de vista presidencial, la intelectualidad nacional e internacional que disfruta del santuario tapat\u00edo de la cultura universal, agradece el punto de vista presidencial, pues imag\u00ednese que le hiciera un reconocimiento p\u00fablico ma\u00f1anero, en un horario y espacio dedicado a la apolog\u00eda y el narcisismo.<\/p>\n<p>Seguramente las mujeres y los hombres que han dedicado su vida al aprendizaje constante en todas las disciplinas del conocimiento, para superar los niveles promedio del resto de la poblaci\u00f3n, estudiando licenciaturas, maestr\u00edas, diplomados y hasta doctorados por d\u00e9cadas o lustros, cuando algunos repiten a\u00f1os y a\u00f1os en el primer nivel superior, no se sienten ofendidos.<\/p>\n<p>Esta comunidad intelectual -selecta sin duda no por su nivel econ\u00f3mico sino por su af\u00e1n de aprendizaje-, seguramente no tendr\u00e1 el menor prejuicio al ser catalogada como representante del conservadurismo, pues podr\u00edan recurrir a la interpretaci\u00f3n etimol\u00f3gica y no filos\u00f3fica o sociol\u00f3gica del t\u00e9rmino.<\/p>\n<p>Las y los intelectuales son las personas m\u00e1s celosas en CONSERVAR y transmitir conocimientos a toda la gente interesada en saber m\u00e1s, pues est\u00e1n convencidos que s\u00f3lo de esta manera se puede abrir el conocimiento universal sin predisposici\u00f3n al prejuicio, pues \u00e9ste es la principal limitante para abrir criterios y aceptarlos en beneficio de los dem\u00e1s, renunciando de esta manera al obtuso criterio de que \u201csolo lo que piense es bueno\u201d.<\/p>\n<p>Con toda intenci\u00f3n, omito nombres de los asistentes a la FIL Guadalajara, por respeto a quienes pudiera olvidar. S\u00f3lo quien o quienes hemos tenido la oportunidad de transpirar cultura, conversaciones e intercambios, disfrutamos el tiempo de esas estancias.<\/p>\n<p><strong>EDOMEX-.<\/strong> Para los impacientes por conocer a las y los aspirantes a la gubernatura, les dir\u00e9 que partidos, alianzas o lo que parezca, se ir\u00e1n hasta el 2 \u00f3 7 de enero para anunciar sus candidatos-as, con excepci\u00f3n de Morena, que tiene a Delfina G\u00f3mez no s\u00f3lo destapada, sino casi en campa\u00f1a.<\/p>\n<p>Lo que extra\u00f1a es la postura del Partido Verde, cuyo dirigente pide a Morena tres cargos para \u201cjuntarse\u201d, el liderazgo cameral, la Secretar\u00eda General de Gobierno o tres secretar\u00edas estatales cuando gane Delfina.<\/p>\n<p>El PRI se \u201crenueva\u201d y oxigena con \u201cnuevos valores\u201d como Jos\u00e9 Manzur, Carolina Monroy, Gustavo C\u00e1rdenas, Ra\u00fal Dom\u00ednguez Rex, Laura Barrera,\u00a0 ah, y Alejandro Ozuna, al frente de los coordinadores territoriales.<\/p>\n<p><em><a href=\"mailto:elefa44@gmail.com\" target=\"_blank\" rel=\"noopener noreferrer\">elefa44@gmail.com<\/a><\/em><\/p>\n","protected":false},"excerpt":{"rendered":"<p><span style=\"color: #005497;\"><strong>Eleazar Flores<\/strong><\/span><\/p>\n","protected":false},"author":3,"featured_media":0,"comment_status":"open","ping_status":"open","sticky":false,"template":"","format":"standard","meta":{"_monsterinsights_skip_tracking":false,"_monsterinsights_sitenote_active":false,"_monsterinsights_sitenote_note":"","_monsterinsights_sitenote_category":0,"footnotes":""},"categories":[81743],"tags":[81744,81776,43674],"class_list":["post-567868","post","type-post","status-publish","format-standard","hentry","category-eleazar-flores","tag-eleazar-flores","tag-espacio-electoral","tag-opinion"],"_links":{"self":[{"href":"https:\/\/www.diarioimagen.net\/index.php?rest_route=\/wp\/v2\/posts\/567868","targetHints":{"allow":["GET"]}}],"collection":[{"href":"https:\/\/www.diarioimagen.net\/index.php?rest_route=\/wp\/v2\/posts"}],"about":[{"href":"https:\/\/www.diarioimagen.net\/index.php?rest_route=\/wp\/v2\/types\/post"}],"author":[{"embeddable":true,"href":"https:\/\/www.diarioimagen.net\/index.php?rest_route=\/wp\/v2\/users\/3"}],"replies":[{"embeddable":true,"href":"https:\/\/www.diarioimagen.net\/index.php?rest_route=%2Fwp%2Fv2%2Fcomments&post=567868"}],"version-history":[{"count":0,"href":"https:\/\/www.diarioimagen.net\/index.php?rest_route=\/wp\/v2\/posts\/567868\/revisions"}],"wp:attachment":[{"href":"https:\/\/www.diarioimagen.net\/index.php?rest_route=%2Fwp%2Fv2%2Fmedia&parent=567868"}],"wp:term":[{"taxonomy":"category","embeddable":true,"href":"https:\/\/www.diarioimagen.net\/index.php?rest_route=%2Fwp%2Fv2%2Fcategories&post=567868"},{"taxonomy":"post_tag","embeddable":true,"href":"https:\/\/www.diarioimagen.net\/index.php?rest_route=%2Fwp%2Fv2%2Ftags&post=567868"}],"curies":[{"name":"wp","href":"https:\/\/api.w.org\/{rel}","templated":true}]}}