{"id":567882,"date":"2022-12-02T00:05:51","date_gmt":"2022-12-02T06:05:51","guid":{"rendered":"https:\/\/www.diarioimagen.net\/?p=567882"},"modified":"2022-12-02T01:14:05","modified_gmt":"2022-12-02T07:14:05","slug":"se-atreveran-ine-y-tepjf-a-sancionar-al-gobierno-por-el-derroche-en-marcha-del-27n","status":"publish","type":"post","link":"https:\/\/www.diarioimagen.net\/?p=567882","title":{"rendered":"\u00bfSe atrever\u00e1n INE y TEPJF a sancionar al gobierno por el derroche en marcha del 27N?"},"content":{"rendered":"<h2>Clase Pol\u00edtica<\/h2>\n<h5>Miguel \u00c1ngel Rivera<\/h5>\n<p>&nbsp;<\/p>\n<p>Es dif\u00edcil que se llegue a concretar una sanci\u00f3n en contra del presidente Andr\u00e9s Manuel L\u00f3pez Obrador, pero seguramente tendr\u00e1 motivos para lanzarse nuevamente contra dos de sus enemigos favoritos: El Instituto Nacional Electoral (INE) y el Partido Acci\u00f3n Nacional (PAN).<\/p>\n<p>Esto porque el partido azul present\u00f3 una denuncia ante el INE por acciones consideradas ilegales antes y durante la \u201cmarcha del ego\u201d, convocada y encabezada por el primer mandatario.<\/p>\n<p>El anuncio de la demanda lo hizo la vicecoordinadora de la bancada del PAN en el Senado, Kenia L\u00f3pez Rabad\u00e1n, en su conferencia de prensa a que denomin\u00f3 como <strong><em>Contrama\u00f1anera<\/em><\/strong>, pues su prop\u00f3sito principal es desmentir versiones distorsionadas, por no decir que simples mentiras, difundidas por L\u00f3pez Obrador en su cotidiana ma\u00f1anera.<\/p>\n<p>Kenia L\u00f3pez Rabad\u00e1n, senadora del PAN, anunci\u00f3 este lunes que denunciar\u00e1, ante el Instituto Nacional Electoral (INE) y el Instituto Electoral de la Ciudad de M\u00e9xico (IECM), el desv\u00edo de recursos p\u00fablicos de los gobiernos federal y de la capital para la realizaci\u00f3n de la marcha encabezada por el presidente Andr\u00e9s Manuel L\u00f3pez Obrador, para la entrega ilegal de apoyos, as\u00ed como el pago de vuelos y hospedaje para trasladar gente de todo M\u00e9xico.<\/p>\n<p>Adem\u00e1s del jefe del Ejecutivo, la demanda incluye a las tres \u201ccorcholatas\u201d de L\u00f3pez Obrador, la jefa de Gobierno de la Ciudad de M\u00e9xico, Claudia Sheinbaum Pardo; al secretario de Gobernaci\u00f3n, Ad\u00e1n Augusto L\u00f3pez Hern\u00e1ndez; y al secretario de Relaciones Exteriores, Marcelo Ebrard Casaubon.<\/p>\n<p style=\"text-align: center;\"><strong>Las \u201ccorcholatas\u201d le hicieron el trabajo<br \/>\nsucio a AMLO, asegura L\u00f3pez Rabad\u00e1n<\/strong><\/p>\n<p>\u201cLos servidores p\u00fablicos federales, estatales y municipales de Morena le hicieron el trabajo sucio a L\u00f3pez Obrador: Acarrearon a personas para llenar el evento de este mandatario; por cierto, no pudieron llenar el Z\u00f3calo; llevaron a trabajadores tianguistas, locatarios de mercados, ambulantes e incluso a beneficiarios de programas sociales; los amenazaron con quitarle sus apoyos, sus plazas o incluso no renovar el contrato si se negaban a ir a la marcha\u201d, dijo L\u00f3pez Rabad\u00e1n.<\/p>\n<p>Para la senadora panista, \u201cel humanismo\u201d de L\u00f3pez Obrador est\u00e1 basado en el acarreo, la egolatr\u00eda y en el mal uso de recursos p\u00fablicos y en la corrupci\u00f3n.<\/p>\n<p>Se\u00f1al\u00f3 que el gobierno de L\u00f3pez Obrador piensa que puede violar la ley; abusar de las personas y hacer estas acciones de manera c\u00ednica.<\/p>\n<p>Los hechos que denuncian los legisladores pr\u00e1cticamente no necesitan ser investigados, pues los \u201cmorenos\u201d y sus r\u00e9moras no se preocuparon en ocultarlos, por el contrario, se ufanaron de su \u201ccapacidad\u201d para movilizar as personas procedentes de diversas partes del pa\u00eds y su \u00fanica disculpa ha consistido en afirmar que pusieron los alimentos y los transportes porque as\u00ed lo solicitaron los simpatizantes de la llamada Cuarta Transformaci\u00f3n.<\/p>\n<p>Si acaso, lo \u00fanico que trata de ocultarse es el reparto de dinero en efectivo, pero hay muchos testimonios, videos incluidos, acerca de la entrega de efectivo a los marchistas.<\/p>\n<p>Ante esta situaci\u00f3n, lo que cabe es reproducir uno de los \u00e9xitos musicales del desaparecido m\u00fasico tabasque\u00f1o Chico Che, de los que tanto gusta el presidente L\u00f3pez Obrador, como ese que dice: \u201c\u00bfQui\u00e9n pomp\u00f3?\u201d.<\/p>\n<p>Tal vez ese sea el mayor obst\u00e1culo que tendr\u00e1n los consejeros electorales para impartir justicia \u2014y despu\u00e9s los magistrados del TEPJF, a los que seguramente les tocar\u00e1 revisar las sentencias\u2014 pues si bien hay evidencias de las irregularidades, se tendr\u00e1 que determinar el origen de los recursos, pues no puede ser lo mismo si el dinero sali\u00f3 de las arcas de Morena que de las tesorer\u00edas de los municipios, de los estados o de la Federaci\u00f3n o, todav\u00eda peor, de organizaciones vinculadas a actividades il\u00edcitas.<\/p>\n<p>La situaci\u00f3n es realmente dif\u00edcil para los consejeros y magistrados electorales, pues ya de antemano han sido descalificados por el Presidente de la Rep\u00fablica y todos sus seguidores, quienes se esfuerzan por desaparecer a esos organismos o, por lo menos, tenerlos bajo su control. Y, en caso de ignorar las denuncias, decepcionar\u00e1n a quienes han defendido su autonom\u00eda.<\/p>\n<p>Tambi\u00e9n es de tenerse en cuenta que cuatro consejeros que cesar\u00e1n sus funciones en abril venidero, entre ellos los m\u00e1s repudiados por los seguidores de la llamada Cuarta Transformaci\u00f3n \u2014el presidente del INE, Lorenzo C\u00f3rdova, y No\u00e9 Murayama\u2014 no querr\u00e1n dejar ese conflictivo caso como herencia para sus sucesores, que probablemente ser\u00e1n incondicionales del actual primer mandatario.<\/p>\n<p>Tambi\u00e9n influir\u00e1n, sin duda, los resultados de la lucha en el Poder Legislativo en torno a la reforma electoral del presidente L\u00f3pez Obrador, pero que no podr\u00e1 modificar la Constituci\u00f3n y deber\u00e1 ir a leyes secundarias que luego quedar\u00e1n sujetas al escrutinio del Poder Judicial Federal, para determinar si son o no constitucionales y, por consiguiente, si ser\u00e1n o no aplicables.<\/p>\n<p>El coordinador de los diputados del PRI, el ex gobernador de Coahuila, Rub\u00e9n Moreira, reiter\u00f3 que son cuatro los puntos centrales por los que su partido rechaza la reforma impulsada desde Palacio Nacional.<\/p>\n<p>La primera, porque no es pertinente en este tiempo, ni siquiera discutir la composici\u00f3n de los \u00f3rganos electorales, mucho menos cambiarlo.<\/p>\n<p>La segunda, porque es centralista, este pa\u00eds desde hace d\u00e9cadas las fuerzas pol\u00edticas est\u00e1n empujando una concentraci\u00f3n del poder y eso est\u00e1 debilitando a los estados:<\/p>\n<p>La tercera, porque no se dice nada de la lucha contra el narcotr\u00e1fico para evitar que permee a la democracia; el mayor flagelo que tiene la democracia es el tema del narcotr\u00e1fico.<\/p>\n<p>Y, la cuarta y \u00faltima, porque no se hace un espacio para atender los temas de g\u00e9nero y acciones afirmativas:<\/p>\n<p>\u201cNosotros, insisto, no votamos por enojos, por odios, por caprichos, por un aplauso f\u00e1cil. Nosotros votamos razonando y estas son las cuatro razones. La primera ya es suficiente para no votar a favor\u201d, se\u00f1al\u00f3 Moreira.<\/p>\n<p style=\"text-align: center;\"><strong>En cuatro a\u00f1os de gobierno, ning\u00fan resultado positivo: PAN<\/strong><\/p>\n<p>En tanto, el dirigente nacional del PAN, Marko Cort\u00e9s Mendoza, fue m\u00e1s all\u00e1 de la reforma electoral, para hacer un juicio global del gobierno encabezado por L\u00f3pez Obrador, que ayer empez\u00f3 su quinto y pen\u00faltimo a\u00f1o y que el pasado domingo 27, al t\u00e9rmino de su marcha ofreci\u00f3 un balance triunfal.<\/p>\n<p>\u201cEl presidente Andr\u00e9s Manuel L\u00f3pez Obrador miente, no hay resultados de gobierno, no hay crecimiento econ\u00f3mico, no hay bienestar para los mexicanos, al contrario, los niveles de pobreza son cada vez m\u00e1s altos, hay m\u00e1s carencias, m\u00e1s corrupci\u00f3n, m\u00e1s impunidad y la inseguridad est\u00e1 desbordada\u201d, afirm\u00f3 el dirigente nacional del PAN.<\/p>\n<p>Cort\u00e9s Mendoza record\u00f3 que, de los cuatro a\u00f1os de gobierno de la 4T, s\u00f3lo se tiene como saldo un rotundo fracaso en materia de econom\u00eda, seguridad, salud, equidad de g\u00e9nero, como resultado de lo cual Morena y el presidente est\u00e1n convirtiendo a M\u00e9xico en un pa\u00eds de cuarta.<\/p>\n<p>\u201cFalta gobierno, ya son cuatro a\u00f1os de excusas y falsas promesas. Cuatro a\u00f1os en donde los malos gobernantes de Morena han llevado al pa\u00eds a d\u00e9cadas de retraso, atraso en el cuidado del medio ambiente, en la defensa de los derechos y libertades, en la salud, ni\u00f1os sin medicamentos, sin vacunas, hospitales sin equipamiento, sin estructura. Est\u00e1n convirtiendo a M\u00e9xico en un pa\u00eds de cuarta con las ocurrencias, viejas ideas y caprichos de L\u00f3pez Obrador\u201d, lament\u00f3 el panista.<\/p>\n<p>El dirigente de Acci\u00f3n Nacional se\u00f1al\u00f3 que el titular del Ejecutivo ha dejado fuera de su discurso a las mujeres, cuando cada d\u00eda son asesinadas 11. En lo que va del sexenio han matado a m\u00e1s de 16 mil y de los 50.5 millones de mujeres que hay en el pa\u00eds el 70.1 por ciento ha experimentado una situaci\u00f3n de violencia a lo largo de su vida y, el 49.7 por ciento, violencia sexual.<\/p>\n<p>\u201cNo es sensible a los temas de g\u00e9nero, el gobierno federal ha desprotegido a las mujeres, minimiza los feminicidios, evade la realidad que viven miles de mujeres quienes son agredidas y acosadas diariamente. Hoy en M\u00e9xico ser mujer es un riesgo\u201d afirm\u00f3.<\/p>\n<p>Cort\u00e9s Mendoza tambi\u00e9n hizo referencia a otra de las declaraciones recurrentes del presidente L\u00f3pez Obrador, en el sentido de que encabeza un gobierno democr\u00e1tico, cuya prioridad son los pobres.<\/p>\n<p>\u201c\u00a1Miente! De acuerdo con cifras de Coneval, los mexicanos son m\u00e1s pobres y al 53.2 por ciento de la poblaci\u00f3n no le alcanza para comprar alimentos de la canasta b\u00e1sica\u201d, sentenci\u00f3.<\/p>\n<p><em><a href=\"mailto:riparcangel@hotmail.com\" target=\"_blank\" rel=\"noopener noreferrer\">riparcangel@hotmail.com<\/a><\/em><\/p>\n","protected":false},"excerpt":{"rendered":"<p><span style=\"color: #005497;\"><strong>Miguel \u00c1ngel Rivera<\/strong><\/span<\/span><\/p>\n","protected":false},"author":3,"featured_media":0,"comment_status":"open","ping_status":"open","sticky":false,"template":"","format":"standard","meta":{"_monsterinsights_skip_tracking":false,"_monsterinsights_sitenote_active":false,"_monsterinsights_sitenote_note":"","_monsterinsights_sitenote_category":0,"footnotes":""},"categories":[84119],"tags":[84120,84121,65087],"class_list":["post-567882","post","type-post","status-publish","format-standard","hentry","category-miguel-angel-rivera","tag-clase-politica","tag-miguel-angel-rivera","tag-opiinion"],"_links":{"self":[{"href":"https:\/\/www.diarioimagen.net\/index.php?rest_route=\/wp\/v2\/posts\/567882","targetHints":{"allow":["GET"]}}],"collection":[{"href":"https:\/\/www.diarioimagen.net\/index.php?rest_route=\/wp\/v2\/posts"}],"about":[{"href":"https:\/\/www.diarioimagen.net\/index.php?rest_route=\/wp\/v2\/types\/post"}],"author":[{"embeddable":true,"href":"https:\/\/www.diarioimagen.net\/index.php?rest_route=\/wp\/v2\/users\/3"}],"replies":[{"embeddable":true,"href":"https:\/\/www.diarioimagen.net\/index.php?rest_route=%2Fwp%2Fv2%2Fcomments&post=567882"}],"version-history":[{"count":0,"href":"https:\/\/www.diarioimagen.net\/index.php?rest_route=\/wp\/v2\/posts\/567882\/revisions"}],"wp:attachment":[{"href":"https:\/\/www.diarioimagen.net\/index.php?rest_route=%2Fwp%2Fv2%2Fmedia&parent=567882"}],"wp:term":[{"taxonomy":"category","embeddable":true,"href":"https:\/\/www.diarioimagen.net\/index.php?rest_route=%2Fwp%2Fv2%2Fcategories&post=567882"},{"taxonomy":"post_tag","embeddable":true,"href":"https:\/\/www.diarioimagen.net\/index.php?rest_route=%2Fwp%2Fv2%2Ftags&post=567882"}],"curies":[{"name":"wp","href":"https:\/\/api.w.org\/{rel}","templated":true}]}}