{"id":567884,"date":"2022-12-02T00:12:07","date_gmt":"2022-12-02T06:12:07","guid":{"rendered":"https:\/\/www.diarioimagen.net\/?p=567884"},"modified":"2022-12-02T01:18:37","modified_gmt":"2022-12-02T07:18:37","slug":"me-quedo-en-morena-a-buscar-ser-su-candidato-en-2024-monreal","status":"publish","type":"post","link":"https:\/\/www.diarioimagen.net\/?p=567884","title":{"rendered":"Me quedo en Morena a buscar ser su candidato en 2024: Monreal"},"content":{"rendered":"<h2>Tras la puerta del poder<\/h2>\n<h5>Roberto Vizca\u00edno<\/h5>\n<p>&nbsp;<\/p>\n<p>En 4 d\u00edas que estuvo fuera del pa\u00eds para cumplir como cabeza de una delegaci\u00f3n de senadores en una interparlamentaria en Madrid, medios y pol\u00edticos especularon de si <strong>Ricardo Monreal<\/strong> regresar\u00eda a renunciar a Morena e irse como precandidato presidencial de alguna fuerza o coalici\u00f3n de la oposici\u00f3n.<\/p>\n<p>\u00c9l mismo aliment\u00f3 esta idea, al indicar en una conferencia desde la capital espa\u00f1ola que al regresar fijar\u00eda posici\u00f3n al respecto.<\/p>\n<p>El plazo se cumpli\u00f3 ayer, a apenas unas cuantas horas de su regreso. Y, ante la pregunta de si se va o se queda en Morena, dijo:<\/p>\n<p>\u201cYo estoy definido, soy fundador de Morena, soy militante de Morena y soy aspirante a la Presidencia de la Rep\u00fablica, soy aspirante a suceder al Presidente de la Rep\u00fablica. Esa es mi definici\u00f3n\u201d.<\/p>\n<p>En buen castellano ser\u00eda: <strong><em>me quedo donde estoy<\/em><\/strong>.<\/p>\n<p>Y agreg\u00f3:<\/p>\n<p>\u201cMi futuro pol\u00edtico est\u00e1 en una causa, no es un objetivo personal, y esa causa s\u00ed es la reconciliaci\u00f3n nacional. Esa es mi lucha\u2026 es lo que creo, no m\u00e1s polarizaci\u00f3n; menos odio, no m\u00e1s resentimientos; menos descalificaciones\u201d.<\/p>\n<p>En una amplia conferencia de prensa, aprovech\u00f3 para responderle a <strong>Mario Delgado<\/strong>, dirigente formal de Morena, quien le pidi\u00f3 reconciliarse con la militancia de su partido.<\/p>\n<p>\u201cYo no voy a luchar contra los militantes del partido. Yo no estoy luchando contra el partido, m\u00e1s bien lucho porque las decisiones que toma el partido se democraticen\u2026 Esta lucha ha sido de frente y en voz alta, pero yo he cumplido con el partido, soy fundador del partido; mucho antes de los dirigentes incluso, porque los dirigentes cuando fumamos Morena segu\u00edan en el PRD y yo ya estaba en Morena desde hace 26 a\u00f1os\u201d.<\/p>\n<p>Indic\u00f3 que en estos a\u00f1os de la 4T, \u201che cumplido con mi funci\u00f3n legislativa y hemos sacado todas las reformas que al Ejecutivo Federal, al licenciado L\u00f3pez Obrador le han interesado\u201d.<\/p>\n<p style=\"text-align: center;\"><strong>Su pecado<\/strong><\/p>\n<p>Admiti\u00f3 luego que quiz\u00e1 su osad\u00eda para muchos radicales haya sido \u201chaber dicho que quiero suceder al Presidente de la Rep\u00fablica, porque me siento con la capacidad y el talento, la experiencia acumulada de continuar profundizando la vida democr\u00e1tica del pa\u00eds y continuar el cambio de r\u00e9gimen\u2026 no he hecho nada indebido, lo \u00fanico que he hecho es respetar los principios, tener voz propia, tener opini\u00f3n aut\u00f3noma y tener criterio basado en la racionalidad.<\/p>\n<p>\u201cNo soy coro de incondicionalidades, no debe de ser, ni tampoco partidario del pensamiento universal \u00fanico porque esa fue nuestra lucha y no le falto al respeto a nadie por pensar de esa manera.<\/p>\n<p>\u201cEstoy luchando y le pido a la militancia no haga caso de este clima de hostilidad porque no lo merezco, porque en la pol\u00edtica uno de los pecados m\u00e1s graves es precisamente la ingratitud, y yo no he sido otra cosa sino fundador, defensor y constructor de este Movimiento que ahora ha ganado la Presidencia de la Rep\u00fablica, 22 estados, los congresos locales y es una fuerza pol\u00edtica poderosa\u201d.<\/p>\n<p>\u2014\u201c\u00bfEs verdad que su cargo de Coordinador Parlamentario lo define el presidente L\u00f3pez Obrador, como asegur\u00f3 el senador Eduardo Ram\u00edrez?\u201d, se le pregunt\u00f3.<\/p>\n<p>\u201cS\u00ed, yo soy coordinador de Morena por acuerdo del Grupo Parlamentario, pero s\u00ed fue sugerencia del presidente <strong>Andr\u00e9s Manuel L\u00f3pez Obrador<\/strong>. Fue la sugerencia de \u00e9l la que motiv\u00f3 mayoritariamente que yo est\u00e9 en la Junta de Coordinaci\u00f3n Pol\u00edtica. As\u00ed lo plante\u00f3\u201d.<\/p>\n<p>Por lo dem\u00e1s, reitero, \u201cme siento en plenitud de mi lucidez; aspiro a darle cohesi\u00f3n social al pa\u00eds, a ser el presidente de la reconciliaci\u00f3n nacional; aspiro a que M\u00e9xico crezca en unidad, en lo fundamental, aunque tengamos diferencias y aunque haya ideolog\u00edas distintas o puntos de vista distintos, estar unidos en lo fundamental. Yo s\u00ed creo en eso\u201d.<\/p>\n<p>De la sucesi\u00f3n presidencial adelantada y el contexto en que se da, explic\u00f3:<\/p>\n<p>\u201c\u2026 obviamente el Presidente de la Rep\u00fablica, lo digo con respeto, \u00e9l s\u00f3lo se ha referido a tres aspirantes\u2026 en el caso m\u00edo no soy incluido, en el caso m\u00edo soy vituperado; en el caso m\u00edo no s\u00f3lo soy excluido, soy insultado de manera frecuente.<\/p>\n<p>\u201cPero tengo car\u00e1cter, y tengo dignidad, y tengo aplomo para enfrentar las adversidades.<\/p>\n<p>\u201cMi vida ha sido as\u00ed, nunca me ha sido f\u00e1cil, y tengo mi familia, mi esposa, mis hijos, mis nietos, que siempre que llego abatido, cuando veo las redes o cuando en la ma\u00f1ana ven mis hijos las redes, se sienten muy solidarios conmigo. Son solidarios y eso me alienta bastante; y los seguidores, que s\u00ed los hay.<\/p>\n<p>\u201cEstaba viendo una encuesta ayer estando en Espa\u00f1a, que tenemos 14.2 de intenci\u00f3n de votos. D\u00edganme,\u00a0 \u00bfqu\u00e9 partido pol\u00edtico tiene 14.2 de intenci\u00f3n de voto, qu\u00e9 partido pol\u00edtico?<\/p>\n<p>\u201cSolo, a pesar de esta campa\u00f1a de hostilidad, a pesar de esta campa\u00f1a sistem\u00e1tica de golpeteo, mantengo 14.2 de intenci\u00f3n de voto. Es porque la gente tambi\u00e9n me ayuda\u201d.<\/p>\n<p>As\u00ed que Monreal se queda en Morena.<\/p>\n<p><em><a href=\"mailto:rvizcainoa@gmail.com\" target=\"_blank\" rel=\"noopener noreferrer\">vizcainoa@gmail.com<\/a><a href=\"mailto:rvizcainoa@gmail.com\" target=\"_blank\" rel=\"noopener noreferrer\"><br \/>\n<\/a><a href=\"http:\/\/endirecto.mx\" target=\"_blank\" rel=\"noopener noreferrer\">www.endirecto.mx<\/a><a href=\"mailto:rvizcainoa@gmail.com\" target=\"_blank\" rel=\"noopener noreferrer\"><br \/>\n<\/a><a href=\"https:\/\/twitter.com\/_rvizcaino\" target=\"_blank\" rel=\"noopener noreferrer\">@_RVizcaino<\/a><a href=\"mailto:rvizcainoa@gmail.com\" target=\"_blank\" rel=\"noopener noreferrer\"><br \/>\n<\/a><a href=\"https:\/\/www.facebook.com\/rvizcainoa\" target=\"_blank\" rel=\"noopener noreferrer\">facebook.com\/rvizcainoa<\/a><\/em><\/p>\n","protected":false},"excerpt":{"rendered":"<p><span style=\"color: #005497;\"><strong>Roberto Vizca\u00edno<\/strong><\/span><\/p>\n","protected":false},"author":3,"featured_media":0,"comment_status":"open","ping_status":"open","sticky":false,"template":"","format":"standard","meta":{"_monsterinsights_skip_tracking":false,"_monsterinsights_sitenote_active":false,"_monsterinsights_sitenote_note":"","_monsterinsights_sitenote_category":0,"footnotes":""},"categories":[136],"tags":[43674,93,94],"class_list":["post-567884","post","type-post","status-publish","format-standard","hentry","category-roberto-vizcaino-opinion","tag-opinion","tag-roberto-vizcaino","tag-tras-la-puerta-del-poder"],"_links":{"self":[{"href":"https:\/\/www.diarioimagen.net\/index.php?rest_route=\/wp\/v2\/posts\/567884","targetHints":{"allow":["GET"]}}],"collection":[{"href":"https:\/\/www.diarioimagen.net\/index.php?rest_route=\/wp\/v2\/posts"}],"about":[{"href":"https:\/\/www.diarioimagen.net\/index.php?rest_route=\/wp\/v2\/types\/post"}],"author":[{"embeddable":true,"href":"https:\/\/www.diarioimagen.net\/index.php?rest_route=\/wp\/v2\/users\/3"}],"replies":[{"embeddable":true,"href":"https:\/\/www.diarioimagen.net\/index.php?rest_route=%2Fwp%2Fv2%2Fcomments&post=567884"}],"version-history":[{"count":0,"href":"https:\/\/www.diarioimagen.net\/index.php?rest_route=\/wp\/v2\/posts\/567884\/revisions"}],"wp:attachment":[{"href":"https:\/\/www.diarioimagen.net\/index.php?rest_route=%2Fwp%2Fv2%2Fmedia&parent=567884"}],"wp:term":[{"taxonomy":"category","embeddable":true,"href":"https:\/\/www.diarioimagen.net\/index.php?rest_route=%2Fwp%2Fv2%2Fcategories&post=567884"},{"taxonomy":"post_tag","embeddable":true,"href":"https:\/\/www.diarioimagen.net\/index.php?rest_route=%2Fwp%2Fv2%2Ftags&post=567884"}],"curies":[{"name":"wp","href":"https:\/\/api.w.org\/{rel}","templated":true}]}}