{"id":567886,"date":"2022-12-02T00:05:56","date_gmt":"2022-12-02T06:05:56","guid":{"rendered":"https:\/\/www.diarioimagen.net\/?p=567886"},"modified":"2022-12-02T01:19:42","modified_gmt":"2022-12-02T07:19:42","slug":"mantener-mejoria","status":"publish","type":"post","link":"https:\/\/www.diarioimagen.net\/?p=567886","title":{"rendered":"Mantener mejor\u00eda"},"content":{"rendered":"<h2>Aunque pese<\/h2>\n<h5>Salvador Mart\u00ednez Garc\u00eda<\/h5>\n<p>&nbsp;<\/p>\n<p>Pasada, aunque no erradicada, la crisis de la Covid-19, M\u00e9xico ha logrado recuperar crecimiento, estabilidad monetaria y generaci\u00f3n de empleo, aun en un ambiente de alta inflaci\u00f3n.<\/p>\n<p>En el mercado laboral se observan buenos n\u00fameros con la creaci\u00f3n de 925 mil 637 plazas en el mes de octubre de este a\u00f1o, cifra superior en tasa de participaci\u00f3n desde noviembre de 2015.<\/p>\n<p>Debe resaltarse que de los nuevos empleos, el 57 por ciento se registr\u00f3 en el sector formal, esto es que los trabajadores cuentan con prestaciones sociales como Seguro Social, Infonavit y otros.<\/p>\n<p>El Inegi fue la instancia que ofreci\u00f3 los resultados del mercado laboral, mismos que ofrecen un desempe\u00f1o bastante positivo en las actuales dif\u00edciles condiciones de la econom\u00eda mundial y presenta mejores expectativas que antes de la pandemia.<\/p>\n<p>Fue el sector de servicios donde hubo mayor crecimiento de empleo con 788 mil 583 puestos de trabajo, mientras que en el sector industrial se crearon 207 mil 620 plazas en octubre, lo que compens\u00f3 la p\u00e9rdida registrada de 131 mil 802 empleos en la construcci\u00f3n.<\/p>\n<p>En el terreno informal se sumaron 395 mil 979 personas al campo laboral lo que hizo que el porcentaje de informalidad se mantuviera en el 55.4 por ciento del total del mercado laboral.<\/p>\n<p>Para poder asegurar que la recuperaci\u00f3n del empleo es un hecho de mediano o largo plazo se requiere que la creaci\u00f3n de empleos siga en ascenso en los meses de noviembre y diciembre as\u00ed como en el pr\u00f3ximo a\u00f1o, lo que pudiera ser posible de mantenerse la inversi\u00f3n extranjera atra\u00edda por el nearshoring.<\/p>\n<p style=\"text-align: center;\"><strong>Ahorros<\/strong><\/p>\n<p>El salario m\u00ednimo general en lo que va de la presente administraci\u00f3n se ha casi duplicado, al pasar de 88 pesos por d\u00eda a 173 pesos en la actualidad, lo que de acuerdo con datos oficiales ha permitido una recuperaci\u00f3n del poder adquisitivo en un 61 por ciento.<\/p>\n<p>Sin embargo, la inflaci\u00f3n superior al 8 por ciento que el pa\u00eds ha sufrido en el \u00faltimo a\u00f1o y con mayor porcentaje en los alimentos indefectiblemente ha afectado al salario que en el presente a\u00f1o subi\u00f3 en 22 por ciento.<\/p>\n<p>En la revisi\u00f3n para 2023, los sindicatos laborales piden 25 por ciento de incremento, mientras que el sector empresarial ofrece un 15 por ciento, por lo que seguramente el aumento quedar\u00e1 en el ya \u201csugerido\u201d por el presidente L\u00f3pez Obrador del 20 por ciento.<\/p>\n<p>Dif\u00edcil en una econom\u00eda inflacionaria mejorar el poder adquisitivo salarial de la base trabajadora, pero el esfuerzo se hace.<\/p>\n<p><a href=\"mailto:salvadormartinez@visionmx.com\" target=\"_blank\" rel=\"noopener\"><em>salvadormartinez@visionmx.com<\/em><\/a><br \/>\n<em>Twitter: <a href=\"https:\/\/twitter.com\/salvador_mtz\" target=\"_blank\" rel=\"noopener\">@salvador_mtz<\/a><\/em><\/p>\n","protected":false},"excerpt":{"rendered":"<p><span style=\"color: #005497;\"><strong>Salvador Mart\u00ednez Garc\u00eda<\/strong><\/span><\/p>\n","protected":false},"author":3,"featured_media":0,"comment_status":"open","ping_status":"open","sticky":false,"template":"","format":"standard","meta":{"_monsterinsights_skip_tracking":false,"_monsterinsights_sitenote_active":false,"_monsterinsights_sitenote_note":"","_monsterinsights_sitenote_category":0,"footnotes":""},"categories":[96743],"tags":[96744,43674,96745],"class_list":["post-567886","post","type-post","status-publish","format-standard","hentry","category-salvador-martinez-garcia","tag-aunque-pese","tag-opinion","tag-salvador-martinez-garcia"],"_links":{"self":[{"href":"https:\/\/www.diarioimagen.net\/index.php?rest_route=\/wp\/v2\/posts\/567886","targetHints":{"allow":["GET"]}}],"collection":[{"href":"https:\/\/www.diarioimagen.net\/index.php?rest_route=\/wp\/v2\/posts"}],"about":[{"href":"https:\/\/www.diarioimagen.net\/index.php?rest_route=\/wp\/v2\/types\/post"}],"author":[{"embeddable":true,"href":"https:\/\/www.diarioimagen.net\/index.php?rest_route=\/wp\/v2\/users\/3"}],"replies":[{"embeddable":true,"href":"https:\/\/www.diarioimagen.net\/index.php?rest_route=%2Fwp%2Fv2%2Fcomments&post=567886"}],"version-history":[{"count":0,"href":"https:\/\/www.diarioimagen.net\/index.php?rest_route=\/wp\/v2\/posts\/567886\/revisions"}],"wp:attachment":[{"href":"https:\/\/www.diarioimagen.net\/index.php?rest_route=%2Fwp%2Fv2%2Fmedia&parent=567886"}],"wp:term":[{"taxonomy":"category","embeddable":true,"href":"https:\/\/www.diarioimagen.net\/index.php?rest_route=%2Fwp%2Fv2%2Fcategories&post=567886"},{"taxonomy":"post_tag","embeddable":true,"href":"https:\/\/www.diarioimagen.net\/index.php?rest_route=%2Fwp%2Fv2%2Ftags&post=567886"}],"curies":[{"name":"wp","href":"https:\/\/api.w.org\/{rel}","templated":true}]}}