{"id":568001,"date":"2022-12-05T00:01:12","date_gmt":"2022-12-05T06:01:12","guid":{"rendered":"https:\/\/www.diarioimagen.net\/?p=568001"},"modified":"2022-12-05T02:24:39","modified_gmt":"2022-12-05T08:24:39","slug":"mexico-es-uno-de-los-principales-mercados-de-lujo-de-latinoamerica-virtuoso","status":"publish","type":"post","link":"https:\/\/www.diarioimagen.net\/?p=568001","title":{"rendered":"\u201cM\u00e9xico es uno de los principales mercados de lujo de Latinoam\u00e9rica\u201d, Virtuoso"},"content":{"rendered":"<h2>De cinco estrellas<\/h2>\n<h5>Victoria Gonz\u00e1lez Prado<\/h5>\n<p>&nbsp;<\/p>\n<p><strong><em>* \u2018La Colmena\u2019 instalaci\u00f3n art\u00edstica que no puedes dejar de ver<\/em><\/strong><\/p>\n<p>&nbsp;<\/p>\n<div id=\"attachment_568002\" style=\"width: 470px\" class=\"wp-caption aligncenter\"><a href=\"https:\/\/www.diarioimagen.net\/?attachment_id=568002\" rel=\"attachment wp-att-568002\"><img loading=\"lazy\" decoding=\"async\" aria-describedby=\"caption-attachment-568002\" class=\"size-full wp-image-568002\" src=\"https:\/\/www.diarioimagen.net\/wp-content\/uploads\/2022\/12\/turismo-1.jpg\" alt=\"\" width=\"460\" height=\"270\" \/><\/a><p id=\"caption-attachment-568002\" class=\"wp-caption-text\">Javier Arredondo.<\/p><\/div>\n<p>&nbsp;<\/p>\n<p><em>Virtuoso on Tour<\/em>, es reuni\u00f3n para conectar agentes de viajes y proveedores de productos y servicios con la intenci\u00f3n de crear nuevas relaciones laborales y como parte de ellas, se llev\u00f3 a cabo el encuentro \u201cRecuperaci\u00f3n del Turismo de Lujo: perspectivas para el 2023\u201d en el que <strong>Javier Arredondo<\/strong>, <em>General Manager<\/em> de Virtuoso para Latinoam\u00e9rica, comparti\u00f3 el panorama tur\u00edstico actual para el segmento de lujo.<\/p>\n<p>La charla dio inicio con la presentaci\u00f3n de Virtuoso y su oferta para el mercado del lujo. Actualmente, su red consiste en mil 200 agencias de viajes, especializadas en viajeros exigentes que buscan experiencias personalizadas y la mejor atenci\u00f3n. Est\u00e1n en m\u00e1s de 50 pa\u00edses y en M\u00e9xico son 36.<\/p>\n<p>Cabe destacar que para formar parte de Virtuoso, los hoteles, proveedores y gu\u00edas deben ser de alto nivel y cumplir con m\u00faltiples requisitos.<\/p>\n<p>Al referirse al panorama de la industria, <strong>Arredondo<\/strong>, dijo que, tras la pausa por la pandemia, el segmento de lujo y las agencias de viajes se est\u00e1n reactivando y, por su volumen de ventas, M\u00e9xico es uno de los principales mercados de lujo de Latinoam\u00e9rica y est\u00e1 en el <em>top<\/em> 10 a nivel mundial.<\/p>\n<p>\u201cA pesar de que a\u00fan no se recuperan los niveles del 2019, el 2022 ha sido un excelente a\u00f1o para las agencias y la hoteler\u00eda. Este a\u00f1o ha aumentado el nivel de gasto y la tendencia apunta a que seguir\u00e1 increment\u00e1ndose en los pr\u00f3ximos a\u00f1os. Ya se est\u00e1n reservando viajes para el 2025\u201d, coment\u00f3.<\/p>\n<p>Lo anterior, junto con otros factores, han tenido como efecto incremento importante en las tarifas de los hoteles, mas no es su ocupaci\u00f3n, que sigue siendo muy alta.<\/p>\n<p>Algo similar ha ocurrido con la industria de los cruceros. La mayor\u00eda de las navieras con las que trabaja Virtuoso han mostrado recuperaci\u00f3n total y cuentan con nuevas embarcaciones y rutas. Adem\u00e1s de los cruceros de mar y de r\u00edo, los cruceros de expedici\u00f3n tienen cada vez m\u00e1s popularidad.<\/p>\n<p>Al referirse a las tendencias del mercado mexicano para el resto del a\u00f1o y el 2023, <strong>Javier Arredondo<\/strong> indic\u00f3 que las principales razones ser\u00e1n para relacionarse con m\u00e1s personas, culturas o ideas, desconectarse de la rutina o liberarse de las tensiones, tambi\u00e9n aventura, experiencias rom\u00e1nticas y compras.<\/p>\n<p>De acuerdo con las encuestas realizadas por Virtuoso, los viajeros mexicanos tienen intereses espec\u00edficos en las playas, recorrer M\u00e9xico, explorar ciudades, hacer turismo culinario y visitar museos y sitios de importancia hist\u00f3rica.<\/p>\n<p>Otro de los datos que compartieron fue la relevancia de los productos y destinos sustentables, que se posicionaron como los preferidos de los viajeros por ofrecer experiencias que se enfocan en rescatar la herencia cultural de los lugares y en beneficiar a la gente local y su econom\u00eda, as\u00ed como el cuidado y la regeneraci\u00f3n de la naturaleza.<\/p>\n<p>Fuera de nuestro pa\u00eds, los destinos en tendencia son Jap\u00f3n, \u00c1frica, Per\u00fa, Chile, Argentina y Costa Rica. Mientras que los mexicanos contin\u00faan viajando a los destinos m\u00e1s tradicionales, como Canad\u00e1, Espa\u00f1a, Estados Unidos, Francia, Italia y Alemania.<\/p>\n<p>Por otro lado, <strong>Arredondo<\/strong> se\u00f1al\u00f3 que habr\u00e1 mas reservas para disfrutar experiencias de lujo, que incluso, las registradas en el 2019 y se prev\u00e9 que ser\u00e1 47 por ciento m\u00e1s con respecto a ese mismo a\u00f1o y la forma m\u00e1s popular ser\u00e1 viajar con la pareja, seguida de los amigos y\/o familiares con menores de 18 a\u00f1os.<\/p>\n<p>\u201cSi consideramos que 76 por ciento de los viajeros afirman que la ayuda de un agente de viajes es gran ahorro de tiempo y energ\u00eda, y donde generaciones m\u00e1s j\u00f3venes como la <em>millennial<\/em> y <em>centennial <\/em>comienzan a descubrir las ventajas de viajar a trav\u00e9s de una agencia; la industria de viajes de lujo est\u00e1 viviendo uno de sus mejores momentos\u201d, asegur\u00f3.<\/p>\n<p>El turismo de lujo sigue creciendo de manera constante. La demanda acumulada durante la pandemia est\u00e1 latente. Los viajeros est\u00e1n gastando m\u00e1s que nunca y no se quejan por los precios, incluso la gran mayor\u00eda no pregunta cu\u00e1nto cuesta.<\/p>\n<p>\u201cLas personas quieren viajar todo lo que no viajaron por la pandemia. Por eso, este tipo de eventos son relevantes al ser el lugar donde las agencias de viajes obtienen informaci\u00f3n actualizada de productos y destinos, as\u00ed como los contactos personales para satisfacer las necesidades de los viajeros\u201d, concluy\u00f3 <strong>Arredondo<\/strong>.<\/p>\n<p>\u2730\u2730\u2730\u2730\u2730 \u201cMe llamo <strong>Paola<\/strong>\u201d dijo una peque\u00f1ita que se acerc\u00f3 donde est\u00e1bamos sentados tomando caf\u00e9 y panecillos. Con gran sonrisa se qued\u00f3 mirando y minutos despu\u00e9s se fue corriendo a la mesa de enfrente donde ofreci\u00f3 su pu\u00f1o para saludar a un compa\u00f1ero. Quiz\u00e1 tendr\u00e1 seis a\u00f1os de edad. Forma parte del grupo \u2018Familias Extraordinarias\u2019, asociaci\u00f3n conformada por familiares de personas con discapacidad intelectual, especialmente con Tr\u00edsomia 21 o s\u00edndrome de <em>Down.<\/em><\/p>\n<p>Los ni\u00f1os de distintas edades corr\u00edan entre las mesas de <em>Epicentro, Lobby Bar<\/em> del hotel Presidente Intercontinental, los m\u00e1s grandecitos observaban y sonre\u00edan. Fue ah\u00ed, en Epicentro, donde se present\u00f3 la singular instalaci\u00f3n art\u00edstica denominada \u2018La Colmena\u2019 que conmemora el d\u00e9cimo aniversario de \u2018Familias Extraordinarias\u2019.<\/p>\n<p>Cada hex\u00e1gono que integra \u2018La Colmena\u2019 \u2014por favor no dejes de ver esta magnifica instalaci\u00f3n\u2014 refleja el trabajo en equipo, la uni\u00f3n y empat\u00eda que caracteriza a \u2018Familias Extraordinarias\u2019 y \u2018Fundaci\u00f3n Amigos Caleidoscopio A.C.\u2019 y en cada uno de los hex\u00e1gonos se ven diferentes t\u00e9cnicas, motivos, texturas, colores y frases que se crearon en familia, lo que se traduce en momentos de convivencia y creaci\u00f3n. Pero tambi\u00e9n, hay hex\u00e1gonos con espejos \u201cpara que te reflejes\u201d, comentaron los organizadores.<\/p>\n<p>De las frases sobresalientes destaca: \u2018La diferencia entre lo ordinario y lo extraordinario es un peque\u00f1o extra\u2019, \u2018No son ni\u00f1os especiales, son edici\u00f3n especial\u2019, \u2018Juntos somos m\u00e1s, \u00a1Nadie nos pone l\u00edmites!\u2019 o aquella otra que reza, \u2018la discapacidad es la capacidad extraordinaria de ser capaz\u2019.<\/p>\n<p>\u2018La Colmena\u2019 hay que verla a detalle dijo <strong>Gonzalo Rodr\u00edguez<\/strong>, director de Innovaci\u00f3n de Grupo Presidente y miembro de \u2018Familias Extraordinarias\u2019, quien con su peque\u00f1ita de escasos seis meses de edad en los brazos, agradeci\u00f3 la participaci\u00f3n de todos y especialmente el apoyo brindado por los directivos del hotel Presidente Intercontinental.<\/p>\n<p>\u201cJuntos arriesgamos, somos c\u00f3mplices y socios\u201d, dijo <strong>Gonzalo<\/strong> mientras la peque\u00f1ita que llevaba en brazos quer\u00eda arrebatarle el micr\u00f3fono y cuando quisieron llev\u00e1rsela ella se aferr\u00f3 a los brazos de su padre. No insistieron m\u00e1s. As\u00ed que cuando se vi\u00f3 liberada volvi\u00f3 intentar quitarle el micr\u00f3fono.<\/p>\n<p>Para concluir <strong>Gonzalo<\/strong> recalc\u00f3 \u201ccon todo nuestro coraz\u00f3n presentamos esta gran colmena que celebra lo que somos, \u2018Familias Extraordinarias\u2019.<\/p>\n<p>Cabe destacar, que la presentaci\u00f3n de \u2018La Colmena\u2019 forma parte del concepto \u2018HospedArte\u2019 que busca difundir las diferentes expresiones art\u00edsticas y culturales del pa\u00eds.<\/p>\n<p>De las muchas misiones de \u2018Familias Extraordinarias\u2019 destaca proveer apoyo emocional, informaci\u00f3n y formaci\u00f3n, as\u00ed como ofrecer a los padres los conocimientos necesarios para el mejor desarrollo de sus hijos. Es espacio para intercambiar experiencias y veh\u00edculo para generar acciones en pro de la inclusi\u00f3n en todos los \u00e1mbitos de la vida.<\/p>\n<p>Por su parte, la \u2018Fundaci\u00f3n Amigos Caleidoscopio A.C.\u2019, es instituci\u00f3n sin fines de lucro dedicada a mejorar la calidad de vida de las personas con discapacidad intelectual a trav\u00e9s del arte y otras actividades creativas y l\u00fadicas. Ofrece talleres para j\u00f3venes y adultos en pro de su continuo bienestar, desarrollo e inclusi\u00f3n social.<\/p>\n<p>Realizada bajo la direcci\u00f3n art\u00edstica de <strong>Ana Elisa Romo<\/strong>, directora de arte de Fundaci\u00f3n \u2018Amigos Caleidoscopio A.C.\u2019, \u2018La Colmena\u2019 es obra de arte colectiva de gran formato compuesta por m\u00e1s de 30 hex\u00e1gonos de 50 x 65 a manera de <em>collage<\/em> elaborados por sus diferentes c\u00e9lulas a lo largo del pa\u00eds.<\/p>\n<p>Antes de concluir la presentaci\u00f3n, <strong>Isabel Azpiri<\/strong>, directora de Relaciones P\u00fablicas y Comunicaci\u00f3n de Grupo Presidente recibi\u00f3 de manos de una de las peque\u00f1itas diploma de agradecimiento por el apoyo brindado<\/p>\n<p>No dejes de ver esta obra que estar\u00e1 durante un mes en <em>Epicentro, Lobby Bar.<\/em> Lee a detalle cada mensaje y por favor no dejes de reflejarte eso te har\u00e1 complice de \u2018Familias Extraordinarias\u2019.<\/p>\n<p>&nbsp;<\/p>\n<blockquote>\n<p style=\"text-align: right;\">\u201c<strong>El<\/strong> <strong>\u00e1ngel de la fama tiene sus alas hechas de papel&#8230; peri\u00f3dico\u201d.<br \/>\n<\/strong><\/p>\n<\/blockquote>\n<p>&nbsp;<\/p>\n<p><em><span class=\"Apple-converted-space\"><a href=\"mailto:victoriagprado@gmail.com\" target=\"_blank\" rel=\"noopener noreferrer\">victoriagprado@gmail.com<\/a><br \/>\nTwitter: <a href=\"https:\/\/twitter.com\/victoriagprado\" target=\"_blank\" rel=\"noopener noreferrer\">@victoriagprado<\/a><\/span><\/em><\/p>\n","protected":false},"excerpt":{"rendered":"<p><em>Virtuoso on Tour<\/em>, es reuni\u00f3n para conectar agentes de viajes y proveedores de productos y servicios con la intenci\u00f3n de crear nuevas relaciones laborales y como parte de ellas, se llev\u00f3 a cabo el encuentro \u201cRecuperaci\u00f3n del Turismo de Lujo: perspectivas para el 2023\u201d en el que <strong>Javier Arredondo<\/strong>, <em>General Manager<\/em> de Virtuoso para Latinoam\u00e9rica, comparti\u00f3 el panorama tur\u00edstico actual para el segmento de lujo.<\/p>\n","protected":false},"author":3,"featured_media":568002,"comment_status":"open","ping_status":"open","sticky":false,"template":"","format":"standard","meta":{"_monsterinsights_skip_tracking":false,"_monsterinsights_sitenote_active":false,"_monsterinsights_sitenote_note":"","_monsterinsights_sitenote_category":0,"footnotes":""},"categories":[11],"tags":[107,43674,91747,106],"class_list":["post-568001","post","type-post","status-publish","format-standard","has-post-thumbnail","hentry","category-turismo","tag-de-cinco-estrellas","tag-opinion","tag-turismoi","tag-victoria-gonzalez-prado"],"_links":{"self":[{"href":"https:\/\/www.diarioimagen.net\/index.php?rest_route=\/wp\/v2\/posts\/568001","targetHints":{"allow":["GET"]}}],"collection":[{"href":"https:\/\/www.diarioimagen.net\/index.php?rest_route=\/wp\/v2\/posts"}],"about":[{"href":"https:\/\/www.diarioimagen.net\/index.php?rest_route=\/wp\/v2\/types\/post"}],"author":[{"embeddable":true,"href":"https:\/\/www.diarioimagen.net\/index.php?rest_route=\/wp\/v2\/users\/3"}],"replies":[{"embeddable":true,"href":"https:\/\/www.diarioimagen.net\/index.php?rest_route=%2Fwp%2Fv2%2Fcomments&post=568001"}],"version-history":[{"count":0,"href":"https:\/\/www.diarioimagen.net\/index.php?rest_route=\/wp\/v2\/posts\/568001\/revisions"}],"wp:featuredmedia":[{"embeddable":true,"href":"https:\/\/www.diarioimagen.net\/index.php?rest_route=\/wp\/v2\/media\/568002"}],"wp:attachment":[{"href":"https:\/\/www.diarioimagen.net\/index.php?rest_route=%2Fwp%2Fv2%2Fmedia&parent=568001"}],"wp:term":[{"taxonomy":"category","embeddable":true,"href":"https:\/\/www.diarioimagen.net\/index.php?rest_route=%2Fwp%2Fv2%2Fcategories&post=568001"},{"taxonomy":"post_tag","embeddable":true,"href":"https:\/\/www.diarioimagen.net\/index.php?rest_route=%2Fwp%2Fv2%2Ftags&post=568001"}],"curies":[{"name":"wp","href":"https:\/\/api.w.org\/{rel}","templated":true}]}}