{"id":568035,"date":"2022-12-05T00:02:50","date_gmt":"2022-12-05T06:02:50","guid":{"rendered":"https:\/\/www.diarioimagen.net\/?p=568035"},"modified":"2022-12-05T02:59:11","modified_gmt":"2022-12-05T08:59:11","slug":"prioridad-a-salud-educacion-y-seguridad-en-presupuesto-de-2023-para-el-edomex","status":"publish","type":"post","link":"https:\/\/www.diarioimagen.net\/?p=568035","title":{"rendered":"Prioridad a salud, educaci\u00f3n y seguridad en presupuesto de 2023 para el Edomex"},"content":{"rendered":"<p>&nbsp;<\/p>\n<ul>\n<li><em><strong>An\u00e1lisis del paquete fiscal en el Congreso<\/strong><\/em><\/li>\n<\/ul>\n<p>&nbsp;<\/p>\n<div id=\"attachment_568039\" style=\"width: 470px\" class=\"wp-caption aligncenter\"><a href=\"https:\/\/www.diarioimagen.net\/?attachment_id=568039\" rel=\"attachment wp-att-568039\"><img loading=\"lazy\" decoding=\"async\" aria-describedby=\"caption-attachment-568039\" class=\"size-full wp-image-568039\" src=\"https:\/\/www.diarioimagen.net\/wp-content\/uploads\/2022\/12\/prioridad-a-salud.jpg\" alt=\"\" width=\"460\" height=\"270\" \/><\/a><p id=\"caption-attachment-568039\" class=\"wp-caption-text\">Maurilio Hern\u00e1ndez Gonz\u00e1lez se\u00f1al\u00f3 que la postura de la bancada Morena es tratar de privilegiar los asuntos que tengan que ver con la pol\u00edtica social.<\/p><\/div>\n<p>&nbsp;<\/p>\n<p><strong>Toluca, Estado de M\u00e9xico.\u2014<\/strong> El coordinador del Grupo Parlamentario de Morena, Maurilio Hern\u00e1ndez Gonz\u00e1lez, anunci\u00f3 que su bancada buscar\u00e1 privilegiar el inter\u00e9s social en el an\u00e1lisis del paquete fiscal 2023 y se d\u00e9 prioridad a salud, educaci\u00f3n, seguridad y al campo.<\/p>\n<p>Las y los diputados morenistas sostuvieron una reuni\u00f3n con el secretario de Finanzas, Rodrigo Jarque Lira, como parte de los trabajos para el an\u00e1lisis del paquete fiscal 2023, sin embargo se\u00f1al\u00f3 que s\u00f3lo fue un primer encuentro para tener una visi\u00f3n panor\u00e1mica, pero habr\u00e1 m\u00e1s reuniones para contar con un desglose, porque lo que interesa es el Presupuesto de Egresos.<\/p>\n<p>\u201cLa postura de la bancada es revisar con mucha responsabilidad el tema y tratar de privilegiar los asuntos que tengan que ver con el inter\u00e9s social\u201d, apunt\u00f3.<\/p>\n<p>El l\u00edder morenista indic\u00f3 que como legisladores tienen la facultad de hacer modificaciones a partir de redireccionar recursos o programas y fortalecer algunos y es parte del ejercicio que tendr\u00e1n.<\/p>\n<p>Precis\u00f3 que para el Grupo Parlamentario de Morena es prioridad que haya recursos destinados para la atenci\u00f3n de la salud, la educaci\u00f3n, el campo, la seguridad y la impartici\u00f3n de justicia.<\/p>\n<p>La propuesta del subsidio al programa estatal de Mujeres Emprendedoras planteado en el Paquete Fiscal, ser\u00e1 sometido a un estudio profundo por parte de las y los diputados, con la finalidad de garantizar de que no tenga ninguna intencionalidad electoral para el pr\u00f3ximo a\u00f1o.<\/p>\n","protected":false},"excerpt":{"rendered":"<p>El coordinador del Grupo Parlamentario de Morena, Maurilio Hern\u00e1ndez Gonz\u00e1lez, anunci\u00f3 que su bancada buscar\u00e1 privilegiar el inter\u00e9s social en el an\u00e1lisis del paquete fiscal 2023 y se d\u00e9 prioridad a salud, educaci\u00f3n, seguridad y al campo.<\/p>\n","protected":false},"author":3,"featured_media":568039,"comment_status":"open","ping_status":"open","sticky":false,"template":"","format":"standard","meta":{"_monsterinsights_skip_tracking":false,"_monsterinsights_sitenote_active":false,"_monsterinsights_sitenote_note":"","_monsterinsights_sitenote_category":0,"footnotes":""},"categories":[5],"tags":[43694,43675,6053,43677,452],"class_list":["post-568035","post","type-post","status-publish","format-standard","has-post-thumbnail","hentry","category-estado-de-mexico","tag-educacion","tag-estado-de-mexico","tag-presupuesto","tag-seguridad","tag-toluca"],"_links":{"self":[{"href":"https:\/\/www.diarioimagen.net\/index.php?rest_route=\/wp\/v2\/posts\/568035","targetHints":{"allow":["GET"]}}],"collection":[{"href":"https:\/\/www.diarioimagen.net\/index.php?rest_route=\/wp\/v2\/posts"}],"about":[{"href":"https:\/\/www.diarioimagen.net\/index.php?rest_route=\/wp\/v2\/types\/post"}],"author":[{"embeddable":true,"href":"https:\/\/www.diarioimagen.net\/index.php?rest_route=\/wp\/v2\/users\/3"}],"replies":[{"embeddable":true,"href":"https:\/\/www.diarioimagen.net\/index.php?rest_route=%2Fwp%2Fv2%2Fcomments&post=568035"}],"version-history":[{"count":0,"href":"https:\/\/www.diarioimagen.net\/index.php?rest_route=\/wp\/v2\/posts\/568035\/revisions"}],"wp:featuredmedia":[{"embeddable":true,"href":"https:\/\/www.diarioimagen.net\/index.php?rest_route=\/wp\/v2\/media\/568039"}],"wp:attachment":[{"href":"https:\/\/www.diarioimagen.net\/index.php?rest_route=%2Fwp%2Fv2%2Fmedia&parent=568035"}],"wp:term":[{"taxonomy":"category","embeddable":true,"href":"https:\/\/www.diarioimagen.net\/index.php?rest_route=%2Fwp%2Fv2%2Fcategories&post=568035"},{"taxonomy":"post_tag","embeddable":true,"href":"https:\/\/www.diarioimagen.net\/index.php?rest_route=%2Fwp%2Fv2%2Ftags&post=568035"}],"curies":[{"name":"wp","href":"https:\/\/api.w.org\/{rel}","templated":true}]}}