{"id":568075,"date":"2022-12-05T00:02:36","date_gmt":"2022-12-05T06:02:36","guid":{"rendered":"https:\/\/www.diarioimagen.net\/?p=568075"},"modified":"2022-12-05T04:07:37","modified_gmt":"2022-12-05T10:07:37","slug":"pongan-dia-y-hora-para-votar-contra-reforma-electoral-alejandro-moreno","status":"publish","type":"post","link":"https:\/\/www.diarioimagen.net\/?p=568075","title":{"rendered":"Pongan d\u00eda y hora para votar contra reforma electoral: Alejandro Moreno"},"content":{"rendered":"<h2>La Retaguardia<\/h2>\n<h5>Adriana Moreno Cordero<\/h5>\n<p><strong>\u00a0<\/strong><\/p>\n<ul>\n<li><strong><em>Ricardo Monreal recuerda ataques contra Cuauht\u00e9moc C\u00e1rdenas, \u00bfla historia se repite?<\/em><\/strong><\/li>\n<\/ul>\n<p><em>\u00a0<\/em><\/p>\n<p>De nueva cuenta ma\u00f1ana, las miradas estar\u00e1n atentas a lo que ocurra en la C\u00e1mara de Diputados, en cuanto a la reforma electoral, tema del cual tambi\u00e9n por cierto, pende la alianza de la oposici\u00f3n, tanto para las elecciones en Estado de M\u00e9xico y Coahuila, como para las presidenciales de 2024.<\/p>\n<p>Y en un cierre de semana que ha estado plagado de mensajes, como se consign\u00f3 en este espacio en anterior entrega, Morena y r\u00e9moras que la acompa\u00f1an, volvieron a sacar a flote el tema del desafuero del dirigente del PRI, <strong>Alejandro Moreno C\u00e1rdenas<\/strong>, ante la imposibilidad de cooptar votos para obtener la tan ansiada mayor\u00eda calificada, por lo que puede inferirse que habr\u00e1 m\u00e1s presi\u00f3n.<\/p>\n<p>Ante esto, el l\u00edder nacional del Revolucionario Institucional ha reiterado, una vez m\u00e1s que. \u201cson tiempos de definiciones hist\u00f3ricas para el presente y futuro de M\u00e9xico. Me pueden PRESIONAR, PERSEGUIR Y AMENAZAR, pero el @PRI_Nacional VOTAR\u00c1 EN CONTRA de su REFORMA ELECTORAL. Pongan d\u00eda y hora\u201d.<\/p>\n<p>Esta respuesta es contundente y el presidente de la Mesa Directiva de la C\u00e1mara de Diputados, <strong>Santiago Creel<\/strong>, deber\u00eda de tomar nota de la misma, pero de cualquier manera, tambi\u00e9n le envi\u00f3 un importante mensaje al ex gobernador de Campeche al advertir que si tanto el partido tricolor como su l\u00edder nacional votaran a favor de la reforma electoral enviada desde Palacio Nacional, entonces ahora s\u00ed, la alianza Va por M\u00e9xico, que pudo revivir luego del encendido debate para que las fuerzas armadas sigan en las calles hasta el 2028, se vendr\u00eda por tierra, lo que no es nada recomendable sobre todo, en las venideras coyunturas electorales.<\/p>\n<p>Por lo menos el PAN ya fij\u00f3 postura al indicar el diputado Creel que si ocurriera ese hipot\u00e9tico escenario en el que el PRI se sumara a Morena, entonces en los comicios del Edomex y Coahuila, el partido albiazul no har\u00eda alianza con el tricolor.<\/p>\n<p>Desde Guadalajara, en el marco de la Feria Internacional del Libro, (FIL), Creel Miranda tambi\u00e9n fue contundente al se\u00f1alar que, \u201csi ganamos el Estado de M\u00e9xico, que es posible, reforzamos a la alianza\u00a0<strong>Va por M\u00e9xico<\/strong>\u00a0y la alianza puede ponerse en disposici\u00f3n de 2024 y eso lo sabe \u2018Alito\u2019 el pol\u00edtico, Alejandro Moreno el pol\u00edtico, si \u00e9l cede el martes, \u00e9l sabe que eso se acaba, y se acaba porque se acaba, ese es el compromiso\u201d.<\/p>\n<p>Sin embargo, la oposici\u00f3n en la C\u00e1mara baja, respald\u00f3 a \u201cAlito\u201d Moreno y eso, es un punto muy importante en contra de los afanes vehementes del presidente <strong>Andr\u00e9s Manuel L\u00f3pez Obrador<\/strong> por destruir al bloque opositor. Espec\u00edficamente el diputado Creel se\u00f1al\u00f3: Los desafueros los pide el Ministerio P\u00fablico a la\u00a0<strong>C\u00e1mara de Diputados<\/strong>\u00a0y eso tiene que pasar a una instancia que se llama Secci\u00f3n Instructora y ah\u00ed estamos empatados, son cuatro integrantes, nosotros tenemos dos y ellos tienen dos, se van a topar con pared\u201d,<\/p>\n<p>Aqu\u00ed las preguntas son: \u00bfCu\u00e1ndo parar\u00e1 la guerra en contra de Moreno C\u00e1rdenas?, \u00bfacaso en el partido oficial no tienen otros recursos para jugar limpio? Bueno, en todo caso, los morenistas siguen a pie juntillas la pol\u00edtica de divisi\u00f3n, mentiras y juego sucio que les dicta su jefe.<\/p>\n<p style=\"text-align: center;\"><strong>Municiones<\/strong><\/p>\n<p>*** Si bien la flamante jefa de Gobierno de la Ciudad de M\u00e9xico, <strong>Claudia Sheinbaum<\/strong>, es la encargada de organizar la rechifla en contra de las \u201ccorcholatas\u201d que m\u00e1s que sus adversarios, los considera sus enemigos, este fin de semana no le fue tan bien a la funcionaria. Primero, tuvo que enfrentar a los vecinos de la alcald\u00eda de San Gregorio Atlapulco<strong>,\u00a0<\/strong>Xochimilco, a los que el gobierno capitalino pretende de plano arrebatarles el agua de sus pozos, lo que deriv\u00f3 en un enfrentamiento con elementos de la Secretar\u00eda de Seguridad y Protecci\u00f3n Ciudadana. Luego, de manera muy forzada, la se\u00f1ora Sheinbaum tuvo que pedir a sus huestes acatar la orden emitida por la Comisi\u00f3n de Quejas<strong>\u00a0<\/strong>del<strong>\u00a0<\/strong>INE, en ese tema de que la capital de la Rep\u00fablica, est\u00e1 inundada con la frase #EsClaudia y ella, tom\u00f3 la misma actitud como con el robo de tapas de las coladeras que ha tenido resultados tr\u00e1gicos, es decir, se hace como la que no sabe nada, pero eso s\u00ed, tuvo tiempo para quejarse y se\u00f1alar en una carta que: \u201cEs verdaderamente incre\u00edble que el INE, quien supuestamente es garante de la democracia y la libre expresi\u00f3n, imponga esta medida que a todas luces tiene un car\u00e1cter de parcialidad y autoritarismo\u201d. Lo que ocurre es que Sheinbaum Pardo ya se sent\u00eda la due\u00f1a de la Ciudad de M\u00e9xico, donde pod\u00eda hacer lo que quisiera, y si la controvertida reforma electoral de su jefe no pasa \u2014como todo indica\u2014, pues se va a quedar con las ganas la funcionaria capitalina.<\/p>\n<p>*** Igualmente, las cosas se le ponen dif\u00edciles a la feliz novia porque el secretario de Relaciones Exteriores, <strong>Marcelo Ebrard<\/strong>, estuvo en un evento en el WTC, en el que tom\u00f3 protesta a sus representantes en los 300 distritos electorales. Rodeado por sus seguidores, hizo hincapi\u00e9 en que \u00e9l obtendr\u00e1 el triunfo en la encuesta interna de Morena y aprovech\u00f3 para lanzarle a Sheinbaum un mensaje que ella deber\u00eda tener muy en cuenta:\u00a0 \u201cPero primero tenemos que ganar una encuesta, que por ah\u00ed alguien dice que ya la tiene, que ya esto y que ya lo otro. Todav\u00eda no empezamos. Hoy empezamos\u201d.<\/p>\n<p>*** Muy interesante el discurso que dio el presidente de la Junta de Coordinaci\u00f3n Pol\u00edtica del Senado de la Rep\u00fablica, <strong>Ricardo Monreal Avila<\/strong>, durante el informe de actividades del senador <strong>Crist\u00f3bal Arias<\/strong>. Y ya que estamos en una tesitura de que unos y otros se lanzan mensajes, el legislador zacatecano record\u00f3 cuando <strong>Cuauht\u00e9moc C\u00e1rdenas<\/strong> dej\u00f3 las filas del PRI para formar el Frente Nacional Democr\u00e1tico, \u201cminimizaban al ingeniero C\u00e1rdenas, en el gobierno federal lo minimizaban, era el Presidente <strong>Miguel de la Madrid<\/strong>; lo ignoraban y el ingeniero persisti\u00f3, persisti\u00f3.\u00a0 Y hab\u00eda l\u00ednea de acusarlo de traidor. \u2018C\u00e1rdenas es un traidor a la Revoluci\u00f3n\u2019, \u2018C\u00e1rdenas es un traidor a su padre, el general L\u00e1zaro C\u00e1rdenas\u2019. Y todos se uniformaron para acusar de traidor al ingeniero C\u00e1rdenas\u201d.\u00a0Agreg\u00f3 el tambi\u00e9n coordinador de Morena en la C\u00e1mara alta:\u00a0\u201cEra una persecuci\u00f3n terrible; lo ofend\u00edan, lo insultaban, no hab\u00eda tanta red en aquel momento, pero hab\u00eda peri\u00f3dicos controlados por el PRI; y fue una avalancha impresionante contra el ingeniero C\u00e1rdenas, contra <strong>Porfirio<\/strong> (<strong>Mu\u00f1oz Ledo<\/strong>), contra <strong>Ifigenia<\/strong> (<strong>Mart\u00ednez<\/strong>) y contra Crist\u00f3bal (Arias)\u2026 No se quiso escuchar, no se quiso sentarse a dialogar con una parte del PRI, que lo \u00fanico que quer\u00edan era democracia interna; era lo que quer\u00edan, lo que demandaban era que el PRI se democratizara y, al contrario, se les persigui\u00f3. Y en cuatro meses el ingeniero gan\u00f3 la elecci\u00f3n\u201d.\u00a0En este punto habr\u00eda que preguntar: \u00bfla historia se repite ahora con personajes diferentes?<\/p>\n<p><u><a href=\"mailto:morcora@gmail.com\" target=\"_blank\" rel=\"noopener noreferrer\"><em>morcora@gmail.com<\/em><\/a><\/u><\/p>\n","protected":false},"excerpt":{"rendered":"<p><span style=\"color: #005497;\"><strong>Adriana Moreno Cordero<\/strong><\/span><\/p>\n","protected":false},"author":3,"featured_media":0,"comment_status":"open","ping_status":"open","sticky":false,"template":"","format":"standard","meta":{"_monsterinsights_skip_tracking":false,"_monsterinsights_sitenote_active":false,"_monsterinsights_sitenote_note":"","_monsterinsights_sitenote_category":0,"footnotes":""},"categories":[69370],"tags":[69369,69368,43674],"class_list":["post-568075","post","type-post","status-publish","format-standard","hentry","category-adriana-moreno-cordero","tag-adriana-moreno-cordero","tag-la-retaguardia","tag-opinion"],"_links":{"self":[{"href":"https:\/\/www.diarioimagen.net\/index.php?rest_route=\/wp\/v2\/posts\/568075","targetHints":{"allow":["GET"]}}],"collection":[{"href":"https:\/\/www.diarioimagen.net\/index.php?rest_route=\/wp\/v2\/posts"}],"about":[{"href":"https:\/\/www.diarioimagen.net\/index.php?rest_route=\/wp\/v2\/types\/post"}],"author":[{"embeddable":true,"href":"https:\/\/www.diarioimagen.net\/index.php?rest_route=\/wp\/v2\/users\/3"}],"replies":[{"embeddable":true,"href":"https:\/\/www.diarioimagen.net\/index.php?rest_route=%2Fwp%2Fv2%2Fcomments&post=568075"}],"version-history":[{"count":0,"href":"https:\/\/www.diarioimagen.net\/index.php?rest_route=\/wp\/v2\/posts\/568075\/revisions"}],"wp:attachment":[{"href":"https:\/\/www.diarioimagen.net\/index.php?rest_route=%2Fwp%2Fv2%2Fmedia&parent=568075"}],"wp:term":[{"taxonomy":"category","embeddable":true,"href":"https:\/\/www.diarioimagen.net\/index.php?rest_route=%2Fwp%2Fv2%2Fcategories&post=568075"},{"taxonomy":"post_tag","embeddable":true,"href":"https:\/\/www.diarioimagen.net\/index.php?rest_route=%2Fwp%2Fv2%2Ftags&post=568075"}],"curies":[{"name":"wp","href":"https:\/\/api.w.org\/{rel}","templated":true}]}}