{"id":568079,"date":"2022-12-05T00:04:41","date_gmt":"2022-12-05T06:04:41","guid":{"rendered":"https:\/\/www.diarioimagen.net\/?p=568079"},"modified":"2022-12-05T04:10:23","modified_gmt":"2022-12-05T10:10:23","slug":"reforma-electoral-y-la-presidencia-de-la-republica","status":"publish","type":"post","link":"https:\/\/www.diarioimagen.net\/?p=568079","title":{"rendered":"Reforma electoral y la Presidencia de la Rep\u00fablica"},"content":{"rendered":"<h2>Desde el portal<\/h2>\n<h5>\u00c1ngel Soriano<\/h5>\n<p>&nbsp;<\/p>\n<p>El grito de \u201cpresidente, presidente, presidente\u201d se hizo ya com\u00fan en los eventos que presiden los diferentes candidatos presidenciales como si en realidad estos tuvieran seguidores, pero se trata de porras a modo con todos y cada uno de los que tienen posibilidades de ser nominados por su partido para abanderar la lucha por el asiento principal en Palacio Nacional.<\/p>\n<p>Y dentro de esa lucha pol\u00edtica est\u00e1 el control del organismo encargado de contar los votos, de retener el padr\u00f3n electoral, y de tener acceso a todos los controles y mecanismos t\u00e9cnicos para evitar la alteraci\u00f3n de los votos y de los resultados, tomando en consideraci\u00f3n antiguas pr\u00e1cticas superadas o que han cambiado.<\/p>\n<p>Porque si bien el robo de urnas, la \u201coperaci\u00f3n carrusel\u201d, el \u201crat\u00f3n loco\u201d y otras pr\u00e1cticas aldeanas han desaparecido \u2014aunque no en la totalidad\u2014, de los procesos electorales, todav\u00eda hay resquicios de los mismos como se ha visto en los acarreos mediante coacci\u00f3n o amenazas directas para la asistencia a eventos pol\u00edticos.<\/p>\n<p>Sin embargo, se duda que una vez constituido el nuevo organismo electoral \u00e9ste sea del todo confiable: Dependen directamente del presupuesto y quien controla el presupuesto controla el poder; o dicho de manera coloquial: el que paga manda, como se ve con los actuales consejeros del INE, con muchos privilegios para atender al poder, no al ciudadano.<\/p>\n<p style=\"text-align: center;\"><strong>TURBULENCIAS<br \/>\nSacude Salom\u00f3n Jara Oaxaca<\/strong><\/p>\n<p>Un plant\u00f3n de los triquis de m\u00e1s de una d\u00e9cada de existencia en los portales del Palacio de Gobierno de Oaxaca, que indignaba a la sociedad y al turismo, fue resuelto en cuesti\u00f3n de horas por el nuevo gobernador Salom\u00f3n Jara Cruz, que se gan\u00f3 el aplauso del respetable y recuper\u00f3 la belleza del z\u00f3calo de la ciudad, un verdadero atractivo que se manten\u00eda secuestrado por artesanos y vendedores ambulantes que, si bien tambi\u00e9n son atractivo tur\u00edstico, daban mal aspecto; Jara demostr\u00f3 decisi\u00f3n, lo mismo que al hacer designaciones en su gabinete, destituyendo y cambiando a quienes en breve tiempo no dieron resultados. En tanto, el gobernador saliente \u2014acusado de pillaje\u2014, promociona intensamente su libro adjudic\u00e1ndose una obra federal en el Istmo de Tehuantepec con un proyecto visionario que data de m\u00e1s de un siglo. El General Porfirio D\u00edaz vio en el Istmo de Tehuantepec una franja disponible con todos los recursos para impulsar el desarrollo nacional, pero tambi\u00e9n un \u00e1rea geopol\u00edtica con grave riesgo para la soberan\u00eda nacional. La inversi\u00f3n y ejecuci\u00f3n del proyecto estuvieron pendientes durante 100 a\u00f1os, hasta que ahora se hace posible en la actual administraci\u00f3n con grandes proyectos\u2026 El ex gobernador Ulises Ruiz pidi\u00f3 al ex gobernador Alejandro Murat aclarar las acusaciones de desv\u00edo de recursos y de dejar obras fantasma en Oaxaca en lugar de promocionar su libro que, asegur\u00f3, que no fue dentro de la FIL, sino en un hotel cercano al magno evento. Alejandro Murat demostr\u00f3 todo lo contrario en una lucha pol\u00edtica que apenas inicia: Los oaxaque\u00f1os indican que si hay irregularidades en la administraci\u00f3n del gobernador saliente, simple y sencillamente se aplique la ley y no se anuncie un caso de corrupci\u00f3n con fines pol\u00edticos, como ocurri\u00f3 en la administraci\u00f3n municipal donde el ex alcalde Oswaldo Garc\u00eda Jarqu\u00edn fue se\u00f1alado por pr\u00e1cticas corruptas que, a un a\u00f1o de su salida, no se ha procedido en su contra\u2026 En tanto Alejandro Murat inicie tambi\u00e9n la b\u00fasqueda de la candidatura presidencial del tricolor y su recorrido por el pa\u00eds, lo que le dar\u00e1 oportunidad de demostrar que, no lucr\u00f3 en la gubernatura y est\u00e1 en condiciones de competir por la Presidencia de la Rep\u00fablica. A los hechos habr\u00e1 que remitirse\u2026<\/p>\n<p><u><a href=\"mailto:asorianocarrasco@yahoo.com\" target=\"_blank\" rel=\"noopener noreferrer\"><em>asorianocarrasco@yahoo.com<\/em><\/a><br \/>\n<em><a href=\"https:\/\/revistabrecha.com\" target=\"_blank\" rel=\"noopener noreferrer\">www.revistabrecha.com<\/a><br \/>\n<\/em><\/u><em>facebook oficial <a href=\"https:\/\/es-la.facebook.com\/RevistaBrecha.Oficial\" target=\"_blank\" rel=\"noopener\">@BrechaRevista<\/a><\/em><\/p>\n","protected":false},"excerpt":{"rendered":"<p><span style=\"color: #005497;\"><strong>\u00c1ngel Soriano<\/strong><\/span><\/p>\n","protected":false},"author":3,"featured_media":0,"comment_status":"open","ping_status":"open","sticky":false,"template":"","format":"standard","meta":{"_monsterinsights_skip_tracking":false,"_monsterinsights_sitenote_active":false,"_monsterinsights_sitenote_note":"","_monsterinsights_sitenote_category":0,"footnotes":""},"categories":[135],"tags":[85,86,43674],"class_list":["post-568079","post","type-post","status-publish","format-standard","hentry","category-angel-soriano-opinion","tag-angel-soriano","tag-desde-el-portal","tag-opinion"],"_links":{"self":[{"href":"https:\/\/www.diarioimagen.net\/index.php?rest_route=\/wp\/v2\/posts\/568079","targetHints":{"allow":["GET"]}}],"collection":[{"href":"https:\/\/www.diarioimagen.net\/index.php?rest_route=\/wp\/v2\/posts"}],"about":[{"href":"https:\/\/www.diarioimagen.net\/index.php?rest_route=\/wp\/v2\/types\/post"}],"author":[{"embeddable":true,"href":"https:\/\/www.diarioimagen.net\/index.php?rest_route=\/wp\/v2\/users\/3"}],"replies":[{"embeddable":true,"href":"https:\/\/www.diarioimagen.net\/index.php?rest_route=%2Fwp%2Fv2%2Fcomments&post=568079"}],"version-history":[{"count":0,"href":"https:\/\/www.diarioimagen.net\/index.php?rest_route=\/wp\/v2\/posts\/568079\/revisions"}],"wp:attachment":[{"href":"https:\/\/www.diarioimagen.net\/index.php?rest_route=%2Fwp%2Fv2%2Fmedia&parent=568079"}],"wp:term":[{"taxonomy":"category","embeddable":true,"href":"https:\/\/www.diarioimagen.net\/index.php?rest_route=%2Fwp%2Fv2%2Fcategories&post=568079"},{"taxonomy":"post_tag","embeddable":true,"href":"https:\/\/www.diarioimagen.net\/index.php?rest_route=%2Fwp%2Fv2%2Ftags&post=568079"}],"curies":[{"name":"wp","href":"https:\/\/api.w.org\/{rel}","templated":true}]}}