{"id":568081,"date":"2022-12-05T00:05:40","date_gmt":"2022-12-05T06:05:40","guid":{"rendered":"https:\/\/www.diarioimagen.net\/?p=568081"},"modified":"2022-12-05T04:11:34","modified_gmt":"2022-12-05T10:11:34","slug":"la-valentia-de-alito-teatro","status":"publish","type":"post","link":"https:\/\/www.diarioimagen.net\/?p=568081","title":{"rendered":"La valent\u00eda de \u201cAlito\u201d, teatro"},"content":{"rendered":"<h2>Perfil de M\u00e9xico<\/h2>\n<h5>Armando R\u00edos Ruiz<\/h5>\n<p>&nbsp;<\/p>\n<p>Seguramente con justificada raz\u00f3n, todos los partidos est\u00e1n contra Alejandro Moreno, l\u00edder nacional del PRI. Morena con el desafuero, porque desea el apoyo del partido que dirige para aprobar la reforma electoral propuesta por este organismo, luego de haber conseguido la participaci\u00f3n del tricolor a su favor, en el proyecto de continuar la militarizaci\u00f3n del pa\u00eds m\u00e1s all\u00e1 de 2024.<\/p>\n<p>La diputada del PRI, Yolanda de la Torre, fue quien present\u00f3 sorpresivamente una iniciativa de reforma constitucional para prolongar el modelo de militarizaci\u00f3n y luego de ciertos contrastes en la C\u00e1mara de Diputados, el asunto volvi\u00f3 a discutirse d\u00edas despu\u00e9s, con la aprobaci\u00f3n del PRI ordenado por su dirigente, que motiv\u00f3 el desencanto y desaprobaci\u00f3n de la alianza Va por M\u00e9xico, integrada por con PRI, PAN y PRD.<\/p>\n<p>Dicha actitud motiv\u00f3 el se\u00f1alamiento en contra de \u201cAlito\u201d o \u201cAmlito\u201d, como el traidor de la alianza, gracias por una serie de videos exhibidos por la gobernadora de Campeche, Layda Sansores, convertida en el l\u00e1tigo del Presidente para someter a ciertos pol\u00edticos con audios conseguidos de manera clandestina, y el rompimiento de la coalici\u00f3n, que hoy vive con algunas imprecisiones respecto al futuro inmediato, con dos elecciones ya en puerta.<\/p>\n<p>Los partidos restantes, adversarios o no, lo ven precisamente como un ejemplo de traici\u00f3n. Los dirigentes del PAN y del PRD han emitido declaraciones en su contra, en el sentido de no volver a admitir al tricolor como aliado, despu\u00e9s de la actuaci\u00f3n en la discusi\u00f3n de la militarizaci\u00f3n.<\/p>\n<p>Ahora que Morena insistir\u00e1 en la reforma electoral y despu\u00e9s de una mega marcha ciudadana, en la que la expresi\u00f3n ciudadana sin acarreados, voluntaria, fue en contra del sometimiento del INE, previsto y propuesto desde hace mucho por el mismo Presidente, quien un d\u00eda s\u00ed y otro tambi\u00e9n lo maldice y ha pretendido arrinconarlo para tener un organismo que le permita hacer lo que le plazca en cada elecci\u00f3n, \u201cAlito\u201d volvi\u00f3 a intentar volver a la Alianza.<\/p>\n<p>Sent\u00f3 un precedente como traidor absoluto. Pero para asuntos de competencia pol\u00edtica, pretende que no hizo nada malo y que debe volver a ser aceptado, porque lo necesitan y m\u00e1s \u00e9l, necesita reincorporarse para futuras negociaciones, en caso de que esa alianza gane las elecciones del a\u00f1o entrante, en el Estado de M\u00e9xico y en Coahuila, en donde no son pocos los polit\u00f3logos que ven opciones de triunfo para los tres aliados.<\/p>\n<p>Durante los \u00faltimos d\u00edas, Alejandro Moreno ha formulado declaraciones muy echadas para adelante. Ha dicho que a pesar de la presi\u00f3n que recibe, el PRI no dar\u00e1 a Morena los votos que le faltan para aprobar la reforma. Sabe que, de ganar en los dos estados, podr\u00e1 evitarse la muerte del partido que dirige y conseguir bastante ox\u00edgeno para su supervivencia.<\/p>\n<p>Sabe tambi\u00e9n que la amenaza de Morena de desaforarlo no funcionar\u00e1, ya que dicha operaci\u00f3n pasar\u00eda por una instancia denominada Secci\u00f3n Instructora, en donde hay empate de dos integrantes de Morena contra dos en favor de la alianza. Esta situaci\u00f3n da un respiro a \u201cAlito\u201d, quien seguramente ser\u00e1 escuchado m\u00e1s adelante, porque la reincorporaci\u00f3n del PRI resulta necesaria, ante la negativa de otros partidos de formar parte de la misma.<\/p>\n<p>Su mejor opci\u00f3n es aparentar que es muy valiente y mantener su postura en contra de la reforma que pretende el Presidente.<\/p>\n<p>Se\u00f1al\u00f3 Creel que \u201csi ganamos el Estado de M\u00e9xico, que es posible, reforzamos a la alianza Va por M\u00e9xico y la alianza puede ponerse en disposici\u00f3n del 2024, y eso lo sabe \u201cAlito\u201d el pol\u00edtico, Alejandro Moreno, el pol\u00edtico. Si \u00e9l cede el martes, sabe que eso se acaba\u201d.<\/p>\n<p>La votaci\u00f3n ma\u00f1ana ser\u00e1 vital para preservar derechos hoy vigentes, que de aprobarse, acabar\u00edan con la misma vida del PRI. Y de su rechazo depende inclusive hacer frente a Morena con \u00e9xito, en los dos estados. El dictamen ya es rechazado por todos los \u201cadversarios\u201d del primer mandatario.<\/p>\n<p><a href=\"mailto:ariosruiz@gmail.com\" target=\"_blank\" rel=\"noopener noreferrer\"><em>ariosruiz@gmail.com<\/em><\/a><\/p>\n","protected":false},"excerpt":{"rendered":"<p><span style=\"color: #005497;\"><strong>Armando R\u00edos Ruiz<\/strong><\/span><\/p>\n","protected":false},"author":3,"featured_media":0,"comment_status":"open","ping_status":"open","sticky":false,"template":"","format":"standard","meta":{"_monsterinsights_skip_tracking":false,"_monsterinsights_sitenote_active":false,"_monsterinsights_sitenote_note":"","_monsterinsights_sitenote_category":0,"footnotes":""},"categories":[88405],"tags":[88407,43674,91193],"class_list":["post-568081","post","type-post","status-publish","format-standard","hentry","category-armando-rios-ruiz","tag-armando-rios-ruiz","tag-opinion","tag-perfil-de-mexico"],"_links":{"self":[{"href":"https:\/\/www.diarioimagen.net\/index.php?rest_route=\/wp\/v2\/posts\/568081","targetHints":{"allow":["GET"]}}],"collection":[{"href":"https:\/\/www.diarioimagen.net\/index.php?rest_route=\/wp\/v2\/posts"}],"about":[{"href":"https:\/\/www.diarioimagen.net\/index.php?rest_route=\/wp\/v2\/types\/post"}],"author":[{"embeddable":true,"href":"https:\/\/www.diarioimagen.net\/index.php?rest_route=\/wp\/v2\/users\/3"}],"replies":[{"embeddable":true,"href":"https:\/\/www.diarioimagen.net\/index.php?rest_route=%2Fwp%2Fv2%2Fcomments&post=568081"}],"version-history":[{"count":0,"href":"https:\/\/www.diarioimagen.net\/index.php?rest_route=\/wp\/v2\/posts\/568081\/revisions"}],"wp:attachment":[{"href":"https:\/\/www.diarioimagen.net\/index.php?rest_route=%2Fwp%2Fv2%2Fmedia&parent=568081"}],"wp:term":[{"taxonomy":"category","embeddable":true,"href":"https:\/\/www.diarioimagen.net\/index.php?rest_route=%2Fwp%2Fv2%2Fcategories&post=568081"},{"taxonomy":"post_tag","embeddable":true,"href":"https:\/\/www.diarioimagen.net\/index.php?rest_route=%2Fwp%2Fv2%2Ftags&post=568081"}],"curies":[{"name":"wp","href":"https:\/\/api.w.org\/{rel}","templated":true}]}}